{"id":13554,"date":"2022-04-14T22:26:40","date_gmt":"2022-04-14T20:26:40","guid":{"rendered":"http:\/\/www.tvk-gaj.pl\/~gajonline\/?p=13554"},"modified":"2022-04-19T21:39:36","modified_gmt":"2022-04-19T19:39:36","slug":"radosnych-swiat-wielkanocnych","status":"publish","type":"post","link":"https:\/\/online.tvk-gaj.pl\/?p=13554","title":{"rendered":"Radosnych \u015awi\u0105t Wielkanocnych!"},"content":{"rendered":"\n<p><meta charset=\"utf-8\">Z okazji nadchodz\u0105cych \u015awi\u0105t Zmartwychwstania Pa\u0144skiego sk\u0142adamy wszystkim naszym Czytelnikom oraz mieszka\u0144com i sympatykom Gaju najserdeczniejsze \u017cyczenia radosnych, rodzinnych i pe\u0142nych mi\u0142o\u015bci \u015awi\u0105t Wielkiej Nocy. <\/p>\n\n\n\n<!--more-->\n\n\n\n<p><\/p>\n\n\n\n<p><meta charset=\"utf-8\">Niech ten szczeg\u00f3lny czas up\u0142ynie nam w ciep\u0142ej, rodzinnej atmosferze oraz niech rado\u015b\u0107 i nadzieja towarzysz\u0105cy Zmartwychwstaniu Jezusa Chrystusa stanie si\u0119 naszym udzia\u0142em nie tylko w nadchodz\u0105cych dniach, ale i na co dzie\u0144.<\/p>\n\n\n\n<p><\/p>\n\n\n\n<p><\/p>\n\n\n\n<figure class=\"wp-block-image size-large\"><img loading=\"lazy\" decoding=\"async\" width=\"1024\" height=\"640\" src=\"http:\/\/www.tvk-gaj.pl\/~gajonline\/wp-content\/uploads\/2013\/03\/wielkanoc-1024x640.jpg\" alt=\"\" class=\"wp-image-817\" srcset=\"https:\/\/online.tvk-gaj.pl\/wp-content\/uploads\/2013\/03\/wielkanoc-1024x640.jpg 1024w, https:\/\/online.tvk-gaj.pl\/wp-content\/uploads\/2013\/03\/wielkanoc-300x187.jpg 300w, https:\/\/online.tvk-gaj.pl\/wp-content\/uploads\/2013\/03\/wielkanoc.jpg 1280w\" sizes=\"auto, (max-width: 1024px) 100vw, 1024px\" \/><\/figure>\n\n\n\n<p><\/p>\n\n\n\n<p><\/p>\n\n\n\n<p><\/p>\n\n\n\n<p><meta charset=\"utf-8\"><\/p>\n\n\n\n<p><\/p>\n\n\n\n<p>\u017cyczy <strong>Adam Wojtaszewski &#8211; Przewodnicz\u0105cy Rady Osiedla Gaj<\/strong><\/p>\n\n\n\n<p><\/p>\n\n\n\n<p><\/p>\n\n\n\n<p><\/p>\n\n\n\n<p><\/p>\n\n\n\n<p><\/p>\n\n\n\n<p><strong>Obchody \u015awi\u0105t Wielkanocnych na Gaju:<\/strong><\/p>\n\n\n\n<p><\/p>\n\n\n\n<p>Korzystaj\u0105c z okazji przypominamy,\u00a0\u017ce na terenie Gaju dzia\u0142aj\u0105 dwie parafie rzymskokatolickie:<\/p>\n\n\n\n<p><\/p>\n\n\n\n<p><\/p>\n\n\n\n<p><strong>Parafia pw. Ducha \u015awi\u0119tego na ulicy Bardzkiej:<\/strong><\/p>\n\n\n\n<p><\/p>\n\n\n\n<div class=\"wp-block-image\"><figure class=\"aligncenter size-full\"><img loading=\"lazy\" decoding=\"async\" width=\"660\" height=\"265\" src=\"http:\/\/www.tvk-gaj.pl\/~gajonline\/wp-content\/uploads\/2017\/12\/swduchpanorama.png\" alt=\"\" class=\"wp-image-9840\" srcset=\"https:\/\/online.tvk-gaj.pl\/wp-content\/uploads\/2017\/12\/swduchpanorama.png 660w, https:\/\/online.tvk-gaj.pl\/wp-content\/uploads\/2017\/12\/swduchpanorama-300x120.png 300w\" sizes=\"auto, (max-width: 660px) 100vw, 660px\" \/><figcaption><strong>http:\/\/www.duchsw.archidiecezja.wroc.pl\/<\/strong><\/figcaption><\/figure><\/div>\n\n\n\n<p><\/p>\n\n\n\n<p><\/p>\n\n\n\n<div class=\"wp-block-image\"><figure class=\"aligncenter size-full\"><img loading=\"lazy\" decoding=\"async\" width=\"682\" height=\"975\" src=\"http:\/\/www.tvk-gaj.pl\/~gajonline\/wp-content\/uploads\/2022\/04\/Zrzut-ekranu-2022-04-14-o-22.22.19.png\" alt=\"\" class=\"wp-image-13555\" srcset=\"https:\/\/online.tvk-gaj.pl\/wp-content\/uploads\/2022\/04\/Zrzut-ekranu-2022-04-14-o-22.22.19.png 682w, https:\/\/online.tvk-gaj.pl\/wp-content\/uploads\/2022\/04\/Zrzut-ekranu-2022-04-14-o-22.22.19-210x300.png 210w\" sizes=\"auto, (max-width: 682px) 100vw, 682px\" \/><\/figure><\/div>\n\n\n\n<p><\/p>\n\n\n\n<p><\/p>\n\n\n\n<p><\/p>\n\n\n\n<p><\/p>\n\n\n\n<p><strong>Parafia pw. \u015awi\u0119tego Franciszka z Asy\u017cu na ul. Borowskiej<\/strong><\/p>\n\n\n\n<p><\/p>\n\n\n\n<p><\/p>\n\n\n\n<div class=\"wp-block-image\"><figure class=\"aligncenter size-full\"><img loading=\"lazy\" decoding=\"async\" width=\"819\" height=\"280\" src=\"http:\/\/www.tvk-gaj.pl\/~gajonline\/wp-content\/uploads\/2017\/12\/swfranciszek.png\" alt=\"\" class=\"wp-image-9836\" srcset=\"https:\/\/online.tvk-gaj.pl\/wp-content\/uploads\/2017\/12\/swfranciszek.png 819w, https:\/\/online.tvk-gaj.pl\/wp-content\/uploads\/2017\/12\/swfranciszek-300x103.png 300w, https:\/\/online.tvk-gaj.pl\/wp-content\/uploads\/2017\/12\/swfranciszek-768x263.png 768w\" sizes=\"auto, (max-width: 819px) 100vw, 819px\" \/><figcaption>http:\/\/www.franciszek.archidiecezja.wroc.pl\/<\/figcaption><\/figure><\/div>\n\n\n\n<p><\/p>\n\n\n\n<p><\/p>\n\n\n\n<p><\/p>\n\n\n\n<p><\/p>\n\n\n\n<p><\/p>\n\n\n\n<div class=\"wp-block-image\"><figure class=\"aligncenter size-full\"><img loading=\"lazy\" decoding=\"async\" width=\"897\" height=\"624\" src=\"http:\/\/www.tvk-gaj.pl\/~gajonline\/wp-content\/uploads\/2022\/04\/Zrzut-ekranu-2022-04-14-o-22.25.50.png\" alt=\"\" class=\"wp-image-13556\" srcset=\"https:\/\/online.tvk-gaj.pl\/wp-content\/uploads\/2022\/04\/Zrzut-ekranu-2022-04-14-o-22.25.50.png 897w, https:\/\/online.tvk-gaj.pl\/wp-content\/uploads\/2022\/04\/Zrzut-ekranu-2022-04-14-o-22.25.50-300x209.png 300w, https:\/\/online.tvk-gaj.pl\/wp-content\/uploads\/2022\/04\/Zrzut-ekranu-2022-04-14-o-22.25.50-768x534.png 768w\" sizes=\"auto, (max-width: 897px) 100vw, 897px\" \/><\/figure><\/div>\n\n\n\n<p><\/p>\n\n\n\n<p><\/p>\n\n\n\n<p><\/p>\n\n\n\n<p><\/p>\n\n\n\n<p><\/p>\n\n\n\n<p><\/p>\n\n\n\n<p><\/p>\n\n\n\n<p><\/p>\n","protected":false},"excerpt":{"rendered":"<p>Z okazji nadchodz\u0105cych \u015awi\u0105t Zmartwychwstania Pa\u0144skiego sk\u0142adamy wszystkim naszym Czytelnikom oraz mieszka\u0144com i sympatykom Gaju najserdeczniejsze \u017cyczenia radosnych, rodzinnych i pe\u0142nych mi\u0142o\u015bci \u015awi\u0105t Wielkiej Nocy.<\/p>\n","protected":false},"author":1,"featured_media":817,"comment_status":"open","ping_status":"open","sticky":false,"template":"","format":"standard","meta":{"footnotes":""},"categories":[14],"tags":[1583,1623,135,256,1280,1622],"class_list":["post-13554","post","type-post","status-publish","format-standard","has-post-thumbnail","hentry","category-aktualnosci","tag-koscioly-gaj","tag-msze-gaj-wielkanoc","tag-rada-osiedla-gaj","tag-wielkanoc","tag-wielkanoc-na-gaju","tag-zyczenia-wielkanocne"],"_links":{"self":[{"href":"https:\/\/online.tvk-gaj.pl\/index.php?rest_route=\/wp\/v2\/posts\/13554","targetHints":{"allow":["GET"]}}],"collection":[{"href":"https:\/\/online.tvk-gaj.pl\/index.php?rest_route=\/wp\/v2\/posts"}],"about":[{"href":"https:\/\/online.tvk-gaj.pl\/index.php?rest_route=\/wp\/v2\/types\/post"}],"author":[{"embeddable":true,"href":"https:\/\/online.tvk-gaj.pl\/index.php?rest_route=\/wp\/v2\/users\/1"}],"replies":[{"embeddable":true,"href":"https:\/\/online.tvk-gaj.pl\/index.php?rest_route=%2Fwp%2Fv2%2Fcomments&post=13554"}],"version-history":[{"count":2,"href":"https:\/\/online.tvk-gaj.pl\/index.php?rest_route=\/wp\/v2\/posts\/13554\/revisions"}],"predecessor-version":[{"id":13559,"href":"https:\/\/online.tvk-gaj.pl\/index.php?rest_route=\/wp\/v2\/posts\/13554\/revisions\/13559"}],"wp:featuredmedia":[{"embeddable":true,"href":"https:\/\/online.tvk-gaj.pl\/index.php?rest_route=\/wp\/v2\/media\/817"}],"wp:attachment":[{"href":"https:\/\/online.tvk-gaj.pl\/index.php?rest_route=%2Fwp%2Fv2%2Fmedia&parent=13554"}],"wp:term":[{"taxonomy":"category","embeddable":true,"href":"https:\/\/online.tvk-gaj.pl\/index.php?rest_route=%2Fwp%2Fv2%2Fcategories&post=13554"},{"taxonomy":"post_tag","embeddable":true,"href":"https:\/\/online.tvk-gaj.pl\/index.php?rest_route=%2Fwp%2Fv2%2Ftags&post=13554"}],"curies":[{"name":"wp","href":"https:\/\/api.w.org\/{rel}","templated":true}]}}