{"id":13578,"date":"2022-05-19T23:12:48","date_gmt":"2022-05-19T21:12:48","guid":{"rendered":"http:\/\/www.tvk-gaj.pl\/~gajonline\/?p=13578"},"modified":"2022-05-19T23:20:22","modified_gmt":"2022-05-19T21:20:22","slug":"nowy-przystanek-kolejowy-na-wojszycach","status":"publish","type":"post","link":"https:\/\/online.tvk-gaj.pl\/?p=13578","title":{"rendered":"Nowy przystanek kolejowy na Wojszycach"},"content":{"rendered":"\n<p>Wielkimi krokami zbli\u017ca si\u0119 otwarcie zmodernizowanej linii kolejowej nr 285 relacji Wroc\u0142aw &#8211; Sob\u00f3tka &#8211; \u015awidnica. Jeden z przystank\u00f3w na nowej trasie poci\u0105g\u00f3w powstaje na Wojszycach, w bezpo\u015brednim s\u0105siedztwie Gaju.<\/p>\n\n\n\n<!--more-->\n\n\n\n<p><\/p>\n\n\n\n<p><\/p>\n\n\n\n<div class=\"wp-block-image\"><figure class=\"aligncenter size-large\"><img loading=\"lazy\" decoding=\"async\" width=\"1024\" height=\"768\" src=\"http:\/\/www.tvk-gaj.pl\/~gajonline\/wp-content\/uploads\/2022\/05\/pkpwojszyce3-1024x768.jpeg\" alt=\"\" class=\"wp-image-13580\" srcset=\"https:\/\/online.tvk-gaj.pl\/wp-content\/uploads\/2022\/05\/pkpwojszyce3-1024x768.jpeg 1024w, https:\/\/online.tvk-gaj.pl\/wp-content\/uploads\/2022\/05\/pkpwojszyce3-300x225.jpeg 300w, https:\/\/online.tvk-gaj.pl\/wp-content\/uploads\/2022\/05\/pkpwojszyce3-768x576.jpeg 768w, https:\/\/online.tvk-gaj.pl\/wp-content\/uploads\/2022\/05\/pkpwojszyce3-1536x1152.jpeg 1536w, https:\/\/online.tvk-gaj.pl\/wp-content\/uploads\/2022\/05\/pkpwojszyce3.jpeg 2048w\" sizes=\"auto, (max-width: 1024px) 100vw, 1024px\" \/><figcaption><em><code>Zdj\u0119cie: Blog NaszGaj<\/code><\/em><\/figcaption><\/figure><\/div>\n\n\n\n<p><\/p>\n\n\n\n<p><\/p>\n\n\n\n<p>Zrewitalizowana trasa prowadzi ze \u015awidnicy poprzez Sob\u00f3tk\u0119, gmin\u0119 Kobierzyce, wroc\u0142awskie osiedla Partynice, Wojszyce, Jagodno i Broch\u00f3w a\u017c do Dworca G\u0142\u00f3wnego PKP.<\/p>\n\n\n\n<p>Poci\u0105gi pasa\u017cerskie na starej niemieckiej linii Wroc\u0142aw-Jedlina Zdr\u00f3j (kt\u00f3rej cz\u0119\u015bci\u0105 jest odcinek Wroc\u0142aw-\u015awidnica) nie kursuj\u0105 od 2000 roku.<\/p>\n\n\n\n<p><\/p>\n\n\n\n<p><\/p>\n\n\n\n<p><\/p>\n\n\n\n<div class=\"wp-block-image\"><figure class=\"aligncenter size-large\"><img loading=\"lazy\" decoding=\"async\" width=\"768\" height=\"1024\" src=\"http:\/\/www.tvk-gaj.pl\/~gajonline\/wp-content\/uploads\/2022\/05\/pkpwojszyce1-768x1024.jpeg\" alt=\"\" class=\"wp-image-13581\" srcset=\"https:\/\/online.tvk-gaj.pl\/wp-content\/uploads\/2022\/05\/pkpwojszyce1-768x1024.jpeg 768w, https:\/\/online.tvk-gaj.pl\/wp-content\/uploads\/2022\/05\/pkpwojszyce1-225x300.jpeg 225w, https:\/\/online.tvk-gaj.pl\/wp-content\/uploads\/2022\/05\/pkpwojszyce1-1152x1536.jpeg 1152w, https:\/\/online.tvk-gaj.pl\/wp-content\/uploads\/2022\/05\/pkpwojszyce1.jpeg 1536w\" sizes=\"auto, (max-width: 768px) 100vw, 768px\" \/><figcaption><em><code><em><code>Zdj\u0119cie:<\/code><\/em> Blog NaszGaj<\/code><\/em><\/figcaption><\/figure><\/div>\n\n\n\n<p><\/p>\n\n\n\n<p>Kilka lat temu w\u0142adze wojew\u00f3dztwa podj\u0119ty decyzje o przywr\u00f3ceniu zapomnianej trasy.<\/p>\n\n\n\n<p>Poza lepszym skomunikowaniem regionu oraz rozwojem lokalnej turystki inwestycja ma r\u00f3wnie\u017c pom\u00f3c w przemieszczaniu si\u0119 po Wroc\u0142awiu. Wed\u0142ug kolejarzy podr\u00f3\u017c poci\u0105giem ze stacji Wroc\u0142aw G\u0142\u00f3wny do stacji Wroc\u0142aw Partynice zaj\u0105\u0107 ma kilkana\u015bcie minut. Mo\u017ce to by\u0107 atrakcyjn\u0105\u00a0alternatyw\u0105 chocia\u017cby dla MPK.<\/p>\n\n\n\n<p><\/p>\n\n\n\n<p><\/p>\n\n\n\n<div class=\"wp-block-image\"><figure class=\"aligncenter size-large\"><img loading=\"lazy\" decoding=\"async\" width=\"1024\" height=\"768\" src=\"http:\/\/www.tvk-gaj.pl\/~gajonline\/wp-content\/uploads\/2022\/05\/pkpwojszyce5-1024x768.jpeg\" alt=\"\" class=\"wp-image-13582\" srcset=\"https:\/\/online.tvk-gaj.pl\/wp-content\/uploads\/2022\/05\/pkpwojszyce5-1024x768.jpeg 1024w, https:\/\/online.tvk-gaj.pl\/wp-content\/uploads\/2022\/05\/pkpwojszyce5-300x225.jpeg 300w, https:\/\/online.tvk-gaj.pl\/wp-content\/uploads\/2022\/05\/pkpwojszyce5-768x576.jpeg 768w, https:\/\/online.tvk-gaj.pl\/wp-content\/uploads\/2022\/05\/pkpwojszyce5-1536x1152.jpeg 1536w, https:\/\/online.tvk-gaj.pl\/wp-content\/uploads\/2022\/05\/pkpwojszyce5.jpeg 2048w\" sizes=\"auto, (max-width: 1024px) 100vw, 1024px\" \/><figcaption><em><code><em>Zdj\u0119cie:<\/em> Blog NaszGaj<\/code><\/em><\/figcaption><\/figure><\/div>\n\n\n\n<p><\/p>\n\n\n\n<p>Aktualnie ko\u0144cz\u0105 si\u0119 prace zwi\u0105zane z uk\u0142adaniem tor\u00f3w i wyko\u0144czeniem przystank\u00f3w.<\/p>\n\n\n\n<p>Jeden z nowych przystank\u00f3w osobowych na tej trasie zlokalizowany jest w okolicy wiaduktu kolejowego pomi\u0119dzy ulicami Borowsk\u0105 a Grota-Roweckiego (Wojszyce). Og\u00f3lnie na terenie Wroc\u0142awia powstan\u0105 dwa przystanki \u2013 Wroc\u0142aw Partynice i wspomniany wy\u017cej Wroc\u0142aw Wojszyce.<\/p>\n\n\n\n<p>Co warte odnotowania &#8211; stacja Wroc\u0142aw- Wojszyce funkcjonowa\u0142a ju\u017c przed wojn\u0105 jako niemieckie &#8222;Woischwitz&#8221;.<\/p>\n\n\n\n<p><\/p>\n\n\n\n<p><\/p>\n\n\n\n<p><\/p>\n\n\n\n<div class=\"wp-block-image\"><figure class=\"aligncenter size-large\"><img loading=\"lazy\" decoding=\"async\" width=\"768\" height=\"1024\" src=\"http:\/\/www.tvk-gaj.pl\/~gajonline\/wp-content\/uploads\/2022\/05\/pkpwojszyce4-768x1024.jpeg\" alt=\"\" class=\"wp-image-13583\" srcset=\"https:\/\/online.tvk-gaj.pl\/wp-content\/uploads\/2022\/05\/pkpwojszyce4-768x1024.jpeg 768w, https:\/\/online.tvk-gaj.pl\/wp-content\/uploads\/2022\/05\/pkpwojszyce4-225x300.jpeg 225w, https:\/\/online.tvk-gaj.pl\/wp-content\/uploads\/2022\/05\/pkpwojszyce4-1152x1536.jpeg 1152w, https:\/\/online.tvk-gaj.pl\/wp-content\/uploads\/2022\/05\/pkpwojszyce4.jpeg 1536w\" sizes=\"auto, (max-width: 768px) 100vw, 768px\" \/><figcaption>                                                                 <em><code><em><code>Zdj\u0119cie:<\/code><\/em> Blog NaszGaj<\/code><\/em><\/figcaption><\/figure><\/div>\n\n\n\n<p><\/p>\n\n\n\n<p><\/p>\n\n\n\n<p>Stacja ta ze wzgl\u0119du na bardzo bliskie s\u0105siedztwo Gaju (ulic Borowskiej, Jerzego Kukuczki, Wandy Rutkiewicz, Pirenejskiej, Himalajskiej, Alpejskiej, Spiskiej) mo\u017ce by\u0107 r\u00f3wnie\u017c atrakcyjna dla mieszka\u0144c\u00f3w po\u0142udniowej cz\u0119\u015bci naszego osiedla.<\/p>\n\n\n\n<p>Nowe perony maj\u0105 by\u0107 wyposa\u017cone m.in. w wiaty, \u0142awki, o\u015bwietlenie oraz gabloty informacyjne. Infrastruktura zostanie r\u00f3wnie\u017c dostosowana do potrzeb os\u00f3b o ograniczonej mo\u017cliwo\u015bci poruszania si\u0119.<\/p>\n\n\n\n<p>Przejazd ze stacji na Partynicach do Dworca G\u0142\u00f3wnego ma trwa\u0107 12 minut, a z opisywanej stacji Wojszyce &#8211; niepe\u0142na 9 minut.<\/p>\n\n\n\n<p><\/p>\n\n\n\n<blockquote class=\"wp-block-quote is-layout-flow wp-block-quote-is-layout-flow\"><p>Miros\u0142aw Siemieniec, rzecznik prasowy PKP PLK:<\/p><cite>Do Sobotki dojedziemy maksymalnie w p\u00f3\u0142 godziny, natomiast podr\u00f3\u017c do \u015awidnicy ma trwa\u0107 oko\u0142o 60 minut.<\/cite><\/blockquote>\n\n\n\n<p><\/p>\n\n\n\n<p>Pytanie jak odbije si\u0119 to na ruchu samochodowym na po\u0142udniu miasta, poniewa\u017c nowa trasa kolejowa i kursuj\u0105ce po niej 11 sta\u0142ych sk\u0142ad\u00f3w przecina\u0107 b\u0119dzie m.in. takie ulice jak Zwyci\u0119sk\u0105, O\u0142taszy\u0144sk\u0105, Grota &#8211; Roweckiego i Buforow\u0105.<\/p>\n\n\n\n<p>Odpowied\u017a\u00a0na powy\u017csze pytanie poznamy nied\u0142ugo, poniewa\u017c wed\u0142ug zapewnie\u0144 PKP TLK poci\u0105gi maj\u0105 ruszy\u0107 w czerwcu.<\/p>\n\n\n\n<p><\/p>\n\n\n\n<p><\/p>\n\n\n\n<p><\/p>\n\n\n\n<p><\/p>\n\n\n\n<p><\/p>\n\n\n\n<p><em>Zdj\u0119cia wykorzystane w artykule pochodz\u0105 z bloga <a href=\"https:\/\/www.facebook.com\/naszgaj\/?__cft__[0]=AZXK7_sQkZmzOAhDXvkJ_bjA3xqjiYWqm0z-_VXVvMYkkxKNssHFCDicFDmRj3teufnNg9Ubauz2veTKo5g_RilyIW40gHvc2Q79SCtf82TAYIWzxLWCnH5zuT5qrW3LnMMIAYb4PE2MPVYONG2D2K5zDnKIraZ_F7Uj9R2_DkQidfl4r6M-zSEbLBChzw-_7XJc5XFPho0BuGLl5FAxyurES6zvduqXX-DYJR6ptWeNPw&amp;__tn__=kK-R\">Nasz Gaj<\/a><\/em>. <\/p>\n\n\n\n<p><\/p>\n\n\n\n<p><\/p>\n\n\n\n<p><\/p>\n","protected":false},"excerpt":{"rendered":"<p>Wielkimi krokami zbli\u017ca si\u0119 otwarcie zmodernizowanej linii kolejowej nr 285 relacji Wroc\u0142aw &#8211; Sob\u00f3tka &#8211; \u015awidnica. Jeden z przystank\u00f3w na nowej trasie poci\u0105g\u00f3w powstaje na Wojszycach, w bezpo\u015brednim s\u0105siedztwie Gaju.<\/p>\n","protected":false},"author":1,"featured_media":13584,"comment_status":"open","ping_status":"open","sticky":false,"template":"","format":"standard","meta":{"footnotes":""},"categories":[14,12],"tags":[112,1634,1105,1633,310],"class_list":["post-13578","post","type-post","status-publish","format-standard","has-post-thumbnail","hentry","category-aktualnosci","category-artykuly","tag-gaj","tag-linia-285-gaj","tag-pociag","tag-pociagi-na-gaju","tag-wojszyce"],"_links":{"self":[{"href":"https:\/\/online.tvk-gaj.pl\/index.php?rest_route=\/wp\/v2\/posts\/13578","targetHints":{"allow":["GET"]}}],"collection":[{"href":"https:\/\/online.tvk-gaj.pl\/index.php?rest_route=\/wp\/v2\/posts"}],"about":[{"href":"https:\/\/online.tvk-gaj.pl\/index.php?rest_route=\/wp\/v2\/types\/post"}],"author":[{"embeddable":true,"href":"https:\/\/online.tvk-gaj.pl\/index.php?rest_route=\/wp\/v2\/users\/1"}],"replies":[{"embeddable":true,"href":"https:\/\/online.tvk-gaj.pl\/index.php?rest_route=%2Fwp%2Fv2%2Fcomments&post=13578"}],"version-history":[{"count":9,"href":"https:\/\/online.tvk-gaj.pl\/index.php?rest_route=\/wp\/v2\/posts\/13578\/revisions"}],"predecessor-version":[{"id":13595,"href":"https:\/\/online.tvk-gaj.pl\/index.php?rest_route=\/wp\/v2\/posts\/13578\/revisions\/13595"}],"wp:featuredmedia":[{"embeddable":true,"href":"https:\/\/online.tvk-gaj.pl\/index.php?rest_route=\/wp\/v2\/media\/13584"}],"wp:attachment":[{"href":"https:\/\/online.tvk-gaj.pl\/index.php?rest_route=%2Fwp%2Fv2%2Fmedia&parent=13578"}],"wp:term":[{"taxonomy":"category","embeddable":true,"href":"https:\/\/online.tvk-gaj.pl\/index.php?rest_route=%2Fwp%2Fv2%2Fcategories&post=13578"},{"taxonomy":"post_tag","embeddable":true,"href":"https:\/\/online.tvk-gaj.pl\/index.php?rest_route=%2Fwp%2Fv2%2Ftags&post=13578"}],"curies":[{"name":"wp","href":"https:\/\/api.w.org\/{rel}","templated":true}]}}