{"id":13596,"date":"2022-05-23T19:48:48","date_gmt":"2022-05-23T17:48:48","guid":{"rendered":"http:\/\/www.tvk-gaj.pl\/~gajonline\/?p=13596"},"modified":"2022-05-23T19:57:15","modified_gmt":"2022-05-23T17:57:15","slug":"rozbudowa-promenady-krzyckiej","status":"publish","type":"post","link":"https:\/\/online.tvk-gaj.pl\/?p=13596","title":{"rendered":"Rozbudowa Promenady Krzyckiej"},"content":{"rendered":"\n<p>Promenada Krzycka, czyli pieszo-rowerowa po\u0142udniowa obwodnica Wroc\u0142awia sukcesywnie si\u0119 powi\u0119ksza. Sprawdzamy post\u0119py prac na Gaju i Tarnogaju.<\/p>\n\n\n\n<p><\/p>\n\n\n\n<!--more-->\n\n\n\n<p>W lecie do u\u017cytku ma zosta\u0107 oddany ci\u0105g pieszo-rowerowy przy ul. Spiskiej, kt\u00f3ry po\u0142\u0105czy si\u0119 z tras\u0105 Promenady Krzyckiej.<\/p>\n\n\n\n<p><\/p>\n\n\n\n<p><\/p>\n\n\n\n<div class=\"wp-block-image\"><figure class=\"aligncenter size-large\"><img loading=\"lazy\" decoding=\"async\" width=\"1024\" height=\"768\" src=\"http:\/\/www.tvk-gaj.pl\/~gajonline\/wp-content\/uploads\/2021\/09\/IMG_7153-1024x768.jpg\" alt=\"\" class=\"wp-image-13056\" srcset=\"https:\/\/online.tvk-gaj.pl\/wp-content\/uploads\/2021\/09\/IMG_7153-1024x768.jpg 1024w, https:\/\/online.tvk-gaj.pl\/wp-content\/uploads\/2021\/09\/IMG_7153-300x225.jpg 300w, https:\/\/online.tvk-gaj.pl\/wp-content\/uploads\/2021\/09\/IMG_7153-768x576.jpg 768w, https:\/\/online.tvk-gaj.pl\/wp-content\/uploads\/2021\/09\/IMG_7153-1536x1152.jpg 1536w, https:\/\/online.tvk-gaj.pl\/wp-content\/uploads\/2021\/09\/IMG_7153-2048x1536.jpg 2048w\" sizes=\"auto, (max-width: 1024px) 100vw, 1024px\" \/><figcaption><em>Zdj\u0119cie w\u0142asne<\/em><\/figcaption><\/figure><\/div>\n\n\n\n<p><\/p>\n\n\n\n<p>Prace nadzoruje Zarz\u0105d Dr\u00f3g i Utrzymania Miasta. Obecnie ko\u0144czy si\u0119 budowa nowej drogi wraz ze \u015bcie\u017ck\u0105 pieszo-rowerow\u0105 przy ul. Spiskiej. Na pocz\u0105tku maja zosta\u0142y tam posiane \u0142\u0105ki kwietne oraz posadzone ro\u015bliny. Nasadzenia obejmowa\u0142y ponad 1300 krzew\u00f3w.<\/p>\n\n\n\n<p><\/p>\n\n\n\n<p><\/p>\n\n\n\n<div class=\"wp-block-image\"><figure class=\"aligncenter size-large\"><img loading=\"lazy\" decoding=\"async\" width=\"1024\" height=\"768\" src=\"http:\/\/www.tvk-gaj.pl\/~gajonline\/wp-content\/uploads\/2022\/05\/spiska1-1024x768.jpeg\" alt=\"\" class=\"wp-image-13598\" srcset=\"https:\/\/online.tvk-gaj.pl\/wp-content\/uploads\/2022\/05\/spiska1-1024x768.jpeg 1024w, https:\/\/online.tvk-gaj.pl\/wp-content\/uploads\/2022\/05\/spiska1-300x225.jpeg 300w, https:\/\/online.tvk-gaj.pl\/wp-content\/uploads\/2022\/05\/spiska1-768x576.jpeg 768w, https:\/\/online.tvk-gaj.pl\/wp-content\/uploads\/2022\/05\/spiska1-1536x1152.jpeg 1536w, https:\/\/online.tvk-gaj.pl\/wp-content\/uploads\/2022\/05\/spiska1.jpeg 2048w\" sizes=\"auto, (max-width: 1024px) 100vw, 1024px\" \/><figcaption><em>Zdj\u0119cie pochodzi z profilu Zarz\u0105du Dr\u00f3g i Utrzymania Miasta Wroc\u0142awia na Facebooku. <\/em><\/figcaption><\/figure><\/div>\n\n\n\n<p><\/p>\n\n\n\n<p><\/p>\n\n\n\n<p>Ostatnim etapem budowy b\u0119dzie uk\u0142adanie masy na odcinku stanowi\u0105cym dojazd do posesji mieszkalnych oraz monta\u017c o\u015bwietlenia i tzw. ma\u0142ej architektury w postaci \u0142awek, stolik\u00f3w i koszy.<\/p>\n\n\n\n<p><\/p>\n\n\n\n<p><\/p>\n\n\n\n<div class=\"wp-block-image\"><figure class=\"aligncenter size-large\"><img loading=\"lazy\" decoding=\"async\" width=\"1024\" height=\"768\" src=\"http:\/\/www.tvk-gaj.pl\/~gajonline\/wp-content\/uploads\/2022\/05\/spiska2-1024x768.jpeg\" alt=\"\" class=\"wp-image-13600\" srcset=\"https:\/\/online.tvk-gaj.pl\/wp-content\/uploads\/2022\/05\/spiska2-1024x768.jpeg 1024w, https:\/\/online.tvk-gaj.pl\/wp-content\/uploads\/2022\/05\/spiska2-300x225.jpeg 300w, https:\/\/online.tvk-gaj.pl\/wp-content\/uploads\/2022\/05\/spiska2-768x576.jpeg 768w, https:\/\/online.tvk-gaj.pl\/wp-content\/uploads\/2022\/05\/spiska2-1536x1152.jpeg 1536w, https:\/\/online.tvk-gaj.pl\/wp-content\/uploads\/2022\/05\/spiska2.jpeg 2048w\" sizes=\"auto, (max-width: 1024px) 100vw, 1024px\" \/><figcaption><em>Zdj\u0119cie pochodzi z profilu Zarz\u0105du Dr\u00f3g i Utrzymania Miasta Wroc\u0142awia na Facebooku. <\/em><\/figcaption><\/figure><\/div>\n\n\n\n<p><\/p>\n\n\n\n<p><\/p>\n\n\n\n<p>Powoli ko\u0144cz\u0105 si\u0119 r\u00f3wnie\u017c prace budowlane na Tarnogaju, a konkretnie w okolicach ul. Bardzkiej. Trwa tam uk\u0142adanie pod\u0142o\u017ca oraz monta\u017c infrastruktury o\u015bwietlenia. Termin zako\u0144czenia budowy to lato 2022.<\/p>\n\n\n\n<p><\/p>\n\n\n\n<p><\/p>\n\n\n\n<div class=\"wp-block-image\"><figure class=\"aligncenter size-large\"><img loading=\"lazy\" decoding=\"async\" width=\"1024\" height=\"768\" src=\"http:\/\/www.tvk-gaj.pl\/~gajonline\/wp-content\/uploads\/2022\/05\/bardzka3-1024x768.jpeg\" alt=\"\" class=\"wp-image-13603\" srcset=\"https:\/\/online.tvk-gaj.pl\/wp-content\/uploads\/2022\/05\/bardzka3-1024x768.jpeg 1024w, https:\/\/online.tvk-gaj.pl\/wp-content\/uploads\/2022\/05\/bardzka3-300x225.jpeg 300w, https:\/\/online.tvk-gaj.pl\/wp-content\/uploads\/2022\/05\/bardzka3-768x576.jpeg 768w, https:\/\/online.tvk-gaj.pl\/wp-content\/uploads\/2022\/05\/bardzka3.jpeg 1080w\" sizes=\"auto, (max-width: 1024px) 100vw, 1024px\" \/><figcaption><em>Zdj\u0119cie pochodzi z profilu Zarz\u0105du Dr\u00f3g i Utrzymania Miasta Wroc\u0142awia na Facebooku. <\/em><\/figcaption><\/figure><\/div>\n\n\n\n<p><\/p>\n\n\n\n<p><\/p>\n\n\n\n<p>Budowy na odcinkach na Gaju i Tarnogaju s\u0105 kolejnym etapem prac maj\u0105cych na celu przywr\u00f3cenie do \u017cycia idei Hugo Richter Weg, czyli pieszo-rowerowej obwodnicy po\u0142udnia Wroc\u0142awia, zaprojektowanej jeszcze przed wojn\u0105 przez znanego, niemieckiego architekta Breslau. Ta zielona trasa biegn\u0105\u0107 ma wzd\u0142u\u017c nasypu kolejowego na Towarowej Obwodnicy Wroc\u0142awia.<\/p>\n\n\n\n<p><\/p>\n\n\n\n<p><\/p>\n\n\n\n<p><\/p>\n\n\n\n<div class=\"wp-block-image\"><figure class=\"aligncenter size-large\"><img loading=\"lazy\" decoding=\"async\" width=\"1024\" height=\"768\" src=\"http:\/\/www.tvk-gaj.pl\/~gajonline\/wp-content\/uploads\/2022\/05\/bardzka2-1024x768.jpeg\" alt=\"\" class=\"wp-image-13602\" srcset=\"https:\/\/online.tvk-gaj.pl\/wp-content\/uploads\/2022\/05\/bardzka2-1024x768.jpeg 1024w, https:\/\/online.tvk-gaj.pl\/wp-content\/uploads\/2022\/05\/bardzka2-300x225.jpeg 300w, https:\/\/online.tvk-gaj.pl\/wp-content\/uploads\/2022\/05\/bardzka2-768x576.jpeg 768w, https:\/\/online.tvk-gaj.pl\/wp-content\/uploads\/2022\/05\/bardzka2.jpeg 1080w\" sizes=\"auto, (max-width: 1024px) 100vw, 1024px\" \/><figcaption><em>Zdj\u0119cie pochodzi z profilu Zarz\u0105du Dr\u00f3g i Utrzymania Miasta Wroc\u0142awia na Facebooku. <\/em><\/figcaption><\/figure><\/div>\n\n\n\n<p><\/p>\n\n\n\n<p><\/p>\n\n\n\n<p>Na dzie\u0144 dzisiejszy gotowa jest blisko 2 km trasa pieszo rowerowa pomi\u0119dzy ulicami Bardzk\u0105 i Spisk\u0105 na po\u0142udniu Gaju. W kolejnych planach jest oddanie ponad 700 metrowego odcinka pomi\u0119dzy ulicami Bardzk\u0105 a \u015aliwkow\u0105 oraz Zi\u0119bick\u0105 i Gazow\u0105 na Tarnogaju.<\/p>\n\n\n\n<p><\/p>\n\n\n\n<p><\/p>\n\n\n\n<div class=\"wp-block-image\"><figure class=\"aligncenter size-large\"><img loading=\"lazy\" decoding=\"async\" width=\"1024\" height=\"768\" src=\"http:\/\/www.tvk-gaj.pl\/~gajonline\/wp-content\/uploads\/2021\/09\/IMG_8364-1024x768.jpg\" alt=\"\" class=\"wp-image-13057\" srcset=\"https:\/\/online.tvk-gaj.pl\/wp-content\/uploads\/2021\/09\/IMG_8364-1024x768.jpg 1024w, https:\/\/online.tvk-gaj.pl\/wp-content\/uploads\/2021\/09\/IMG_8364-300x225.jpg 300w, https:\/\/online.tvk-gaj.pl\/wp-content\/uploads\/2021\/09\/IMG_8364-768x576.jpg 768w, https:\/\/online.tvk-gaj.pl\/wp-content\/uploads\/2021\/09\/IMG_8364-1536x1152.jpg 1536w, https:\/\/online.tvk-gaj.pl\/wp-content\/uploads\/2021\/09\/IMG_8364-2048x1536.jpg 2048w\" sizes=\"auto, (max-width: 1024px) 100vw, 1024px\" \/><figcaption><em>Zdj\u0119cie w\u0142asne<\/em><\/figcaption><\/figure><\/div>\n\n\n\n<p><\/p>\n\n\n\n<p><\/p>\n\n\n\n<p>Docelowo trasa po\u0142\u0105czy\u0107 ma ulic\u0119 Gazow\u0105 na Tarnogaju z ulic\u0105 Grabiszy\u0144sk\u0105 na Grabiszynku.<\/p>\n\n\n\n<p><\/p>\n\n\n\n<p><\/p>\n\n\n\n<p>Inwestycja realizowana jest m.in. dzi\u0119ki zaanga\u017cowaniu mieszka\u0144c\u00f3w w ramach Wroc\u0142awskiego Bud\u017cetu Obywatelskiego.<\/p>\n\n\n\n<p><\/p>\n","protected":false},"excerpt":{"rendered":"<p>Promenada Krzycka, czyli pieszo-rowerowa po\u0142udniowa obwodnica Wroc\u0142awia sukcesywnie si\u0119 powi\u0119ksza. Sprawdzamy post\u0119py prac na Gaju i Tarnogaju.<\/p>\n","protected":false},"author":1,"featured_media":13058,"comment_status":"open","ping_status":"open","sticky":false,"template":"","format":"standard","meta":{"footnotes":""},"categories":[14,12],"tags":[1637,1636,1635,1009],"class_list":["post-13596","post","type-post","status-publish","format-standard","has-post-thumbnail","hentry","category-aktualnosci","category-artykuly","tag-gaj-sciezka-rowerowa","tag-hugo-richter-weg","tag-pieszo-rowerowa-poludniowa-obwodnica-wroclawia","tag-promenada-krzycka"],"_links":{"self":[{"href":"https:\/\/online.tvk-gaj.pl\/index.php?rest_route=\/wp\/v2\/posts\/13596","targetHints":{"allow":["GET"]}}],"collection":[{"href":"https:\/\/online.tvk-gaj.pl\/index.php?rest_route=\/wp\/v2\/posts"}],"about":[{"href":"https:\/\/online.tvk-gaj.pl\/index.php?rest_route=\/wp\/v2\/types\/post"}],"author":[{"embeddable":true,"href":"https:\/\/online.tvk-gaj.pl\/index.php?rest_route=\/wp\/v2\/users\/1"}],"replies":[{"embeddable":true,"href":"https:\/\/online.tvk-gaj.pl\/index.php?rest_route=%2Fwp%2Fv2%2Fcomments&post=13596"}],"version-history":[{"count":3,"href":"https:\/\/online.tvk-gaj.pl\/index.php?rest_route=\/wp\/v2\/posts\/13596\/revisions"}],"predecessor-version":[{"id":13606,"href":"https:\/\/online.tvk-gaj.pl\/index.php?rest_route=\/wp\/v2\/posts\/13596\/revisions\/13606"}],"wp:featuredmedia":[{"embeddable":true,"href":"https:\/\/online.tvk-gaj.pl\/index.php?rest_route=\/wp\/v2\/media\/13058"}],"wp:attachment":[{"href":"https:\/\/online.tvk-gaj.pl\/index.php?rest_route=%2Fwp%2Fv2%2Fmedia&parent=13596"}],"wp:term":[{"taxonomy":"category","embeddable":true,"href":"https:\/\/online.tvk-gaj.pl\/index.php?rest_route=%2Fwp%2Fv2%2Fcategories&post=13596"},{"taxonomy":"post_tag","embeddable":true,"href":"https:\/\/online.tvk-gaj.pl\/index.php?rest_route=%2Fwp%2Fv2%2Ftags&post=13596"}],"curies":[{"name":"wp","href":"https:\/\/api.w.org\/{rel}","templated":true}]}}