{"id":1360,"date":"2013-07-10T00:28:40","date_gmt":"2013-07-09T22:28:40","guid":{"rendered":"http:\/\/www.tvk-gaj.pl\/~gajonline\/?p=1360"},"modified":"2013-07-10T00:34:55","modified_gmt":"2013-07-09T22:34:55","slug":"apel-chronmy-koty","status":"publish","type":"post","link":"https:\/\/online.tvk-gaj.pl\/?p=1360","title":{"rendered":"Apel &#8222;Chro\u0144my koty&#8221;"},"content":{"rendered":"<p>Publikujemy apel dotycz\u0105cy ochrony praw zwierz\u0105t we Wroc\u0142awiu.\u00a0Wraz z nowelizacj\u0105 Ustawy z dnia 21 sierpnia 1997 r. o ochronie zwierz\u0105t, Gmina Wroc\u0142aw, pocz\u0105wszy od 2012 r., \u00a0zobowi\u0105zana jest \u00a0corocznie, do dnia 31 marca, uchwali\u0107 i przyj\u0105\u0107 program opieki nad zwierz\u0119tami bezdomnymi i zapobiegania bezdomno\u015bci zwierz\u0105t na terenie Gminy Wroc\u0142aw.<\/p>\n<p><!--more-->Wraz z nowelizacj\u0105 Ustawy z dnia 21 sierpnia 1997 r. o ochronie zwierz\u0105t, Gmina Wroc\u0142aw, pocz\u0105wszy od 2012 r., \u00a0zobowi\u0105zana jest \u00a0corocznie, do dnia 31 marca, uchwali\u0107 i przyj\u0105\u0107 program opieki nad zwierz\u0119tami bezdomnymi i zapobiegania bezdomno\u015bci zwierz\u0105t na terenie Gminy Wroc\u0142aw.<br \/>\nZapisy Ustawy jak i wynikaj\u0105cego z niej Programu wskazuj\u0105, \u017ce ka\u017cde zwierze nale\u017cy traktowa\u0107 w spos\u00f3b humanitarny, zapewnia\u0107 opiek\u0119 i ochron\u0119. Tak\u0105 trosk\u0105 powinny by\u0107 obj\u0119te tak\u017ce koty wolno\u017cyj\u0105ce.<br \/>\nMaj\u0105c powy\u017csze na uwadze\u00a0powsta\u0142 apel zgodnie z oczekiwaniami Radnych Rady Miejskiej Wroc\u0142awia oraz organizacji spo\u0142ecznych zajmuj\u0105cych si\u0119 ochron\u0105 zwierz\u0105t, wolontariuszy i mi\u0142o\u015bnik\u00f3w zwierz\u0105t .<\/p>\n<p>&nbsp;<\/p>\n<p>&nbsp;<\/p>\n<p><img loading=\"lazy\" decoding=\"async\" class=\"alignnone size-full wp-image-1361\" alt=\"apel_2013\" src=\"http:\/\/www.tvk-gaj.pl\/~gajonline\/wp-content\/uploads\/2013\/07\/apel_2013.gif\" width=\"650\" height=\"890\" \/><\/p>\n<p>&nbsp;<\/p>\n<p>Apel zamieszczony jest na stronie internetowej Towarzystwa Opieki \u00a0nad Zwierz\u0119tami w Polsce Schronisko dla Bezdomnych zwierz\u0105t we Wroc\u0142awiu oraz g\u0142\u00f3wnej stronie Biuletynu Informacji Publicznej pod tytu\u0142em \u201eChro\u0144my koty\u201d.<\/p>\n<p>&nbsp;<\/p>\n<p>Poni\u017cej linki do stron:<br \/>\n<a href=\"http:\/\/www.psy.info.pl\/schronisko_wroclaw\" target=\"_blank\">http:\/\/www.psy.info.pl\/<wbr \/>schronisko_wroclaw<\/a><br \/>\n<a href=\"http:\/\/bip.um.wroc.pl\/wps\/portal\/bip?WCM_GLOBAL_CONTEXT=\/bip_pl\/bip\/umw\" target=\"_blank\">http:\/\/bip.um.wroc.pl\/wps\/<wbr \/>portal\/bip?WCM_GLOBAL_CONTEXT=<wbr \/>\/bip_pl\/bip\/umw<\/a><\/p>\n<p>&nbsp;<\/p>\n<p>&nbsp;<\/p>\n","protected":false},"excerpt":{"rendered":"<p>Publikujemy apel dotycz\u0105cy ochrony praw zwierz\u0105t we Wroc\u0142awiu.\u00a0Wraz z nowelizacj\u0105 Ustawy z dnia 21 sierpnia 1997 r. o ochronie zwierz\u0105t, Gmina Wroc\u0142aw, pocz\u0105wszy od 2012 r., \u00a0zobowi\u0105zana jest \u00a0corocznie, do dnia 31 marca, uchwali\u0107 i przyj\u0105\u0107 program opieki nad zwierz\u0119tami bezdomnymi i zapobiegania bezdomno\u015bci zwierz\u0105t na terenie Gminy Wroc\u0142aw.<\/p>\n","protected":false},"author":1,"featured_media":1365,"comment_status":"open","ping_status":"open","sticky":false,"template":"","format":"standard","meta":{"footnotes":""},"categories":[14],"tags":[87],"class_list":["post-1360","post","type-post","status-publish","format-standard","has-post-thumbnail","hentry","category-aktualnosci","tag-apel-ustawa-chronmy-koty-zwierzeta-wroclaw"],"_links":{"self":[{"href":"https:\/\/online.tvk-gaj.pl\/index.php?rest_route=\/wp\/v2\/posts\/1360","targetHints":{"allow":["GET"]}}],"collection":[{"href":"https:\/\/online.tvk-gaj.pl\/index.php?rest_route=\/wp\/v2\/posts"}],"about":[{"href":"https:\/\/online.tvk-gaj.pl\/index.php?rest_route=\/wp\/v2\/types\/post"}],"author":[{"embeddable":true,"href":"https:\/\/online.tvk-gaj.pl\/index.php?rest_route=\/wp\/v2\/users\/1"}],"replies":[{"embeddable":true,"href":"https:\/\/online.tvk-gaj.pl\/index.php?rest_route=%2Fwp%2Fv2%2Fcomments&post=1360"}],"version-history":[{"count":9,"href":"https:\/\/online.tvk-gaj.pl\/index.php?rest_route=\/wp\/v2\/posts\/1360\/revisions"}],"predecessor-version":[{"id":1372,"href":"https:\/\/online.tvk-gaj.pl\/index.php?rest_route=\/wp\/v2\/posts\/1360\/revisions\/1372"}],"wp:featuredmedia":[{"embeddable":true,"href":"https:\/\/online.tvk-gaj.pl\/index.php?rest_route=\/wp\/v2\/media\/1365"}],"wp:attachment":[{"href":"https:\/\/online.tvk-gaj.pl\/index.php?rest_route=%2Fwp%2Fv2%2Fmedia&parent=1360"}],"wp:term":[{"taxonomy":"category","embeddable":true,"href":"https:\/\/online.tvk-gaj.pl\/index.php?rest_route=%2Fwp%2Fv2%2Fcategories&post=1360"},{"taxonomy":"post_tag","embeddable":true,"href":"https:\/\/online.tvk-gaj.pl\/index.php?rest_route=%2Fwp%2Fv2%2Ftags&post=1360"}],"curies":[{"name":"wp","href":"https:\/\/api.w.org\/{rel}","templated":true}]}}