{"id":13608,"date":"2022-05-30T21:21:00","date_gmt":"2022-05-30T19:21:00","guid":{"rendered":"http:\/\/www.tvk-gaj.pl\/~gajonline\/?p=13608"},"modified":"2022-05-30T21:23:01","modified_gmt":"2022-05-30T19:23:01","slug":"zapraszamy-na-dzien-dziecka-na-gaju","status":"publish","type":"post","link":"https:\/\/online.tvk-gaj.pl\/?p=13608","title":{"rendered":"Zapraszamy na Dzie\u0144 Dziecka na Gaju!"},"content":{"rendered":"\n<p>Zapraszamy na obchody Dnia Dziecka na Gaju! Impreza plenerowa dla dzieci odb\u0119dzie si\u0119 na boisku pi\u0142karskim przy ul. Orzechowej w niedziel\u0119, 5 czerwca, w godzinach 10:00-16:00. <\/p>\n\n\n\n<!--more-->\n\n\n\n<p><\/p>\n\n\n\n<p><\/p>\n\n\n\n<p>W programie m.in. zaj\u0119cia sportowe dla dzieci i rodzic\u00f3w, rozgrywki pi\u0142ki no\u017cnej, siatkowej, strzelanie z \u0142uku, unihokej, badminton, gra w boule, zaj\u0119cia og\u00f3lnorozwojowe dla najm\u0142odszych, loteria fantowe oraz dmuchane zamki i wiele innych atrakcji! <\/p>\n\n\n\n<p><\/p>\n\n\n\n<p><\/p>\n\n\n\n<figure class=\"wp-block-image size-large\"><img loading=\"lazy\" decoding=\"async\" width=\"728\" height=\"1024\" src=\"http:\/\/www.tvk-gaj.pl\/~gajonline\/wp-content\/uploads\/2022\/05\/IMG_5924-728x1024.jpg\" alt=\"\" class=\"wp-image-13610\" srcset=\"https:\/\/online.tvk-gaj.pl\/wp-content\/uploads\/2022\/05\/IMG_5924-728x1024.jpg 728w, https:\/\/online.tvk-gaj.pl\/wp-content\/uploads\/2022\/05\/IMG_5924-213x300.jpg 213w, https:\/\/online.tvk-gaj.pl\/wp-content\/uploads\/2022\/05\/IMG_5924-768x1081.jpg 768w, https:\/\/online.tvk-gaj.pl\/wp-content\/uploads\/2022\/05\/IMG_5924.jpg 828w\" sizes=\"auto, (max-width: 728px) 100vw, 728px\" \/><\/figure>\n\n\n\n<p><\/p>\n\n\n\n<p><\/p>\n\n\n\n<p><\/p>\n\n\n\n<p><\/p>\n\n\n\n<p>Na imprez\u0119\u00a0zapraszaj\u0105 Klub Pi\u0142karski Respect Wroc\u0142aw oraz Rada Osiedla Gaj!<\/p>\n\n\n\n<p><\/p>\n\n\n\n<p><\/p>\n\n\n\n<p><\/p>\n\n\n\n<p><\/p>\n\n\n\n<p><\/p>\n","protected":false},"excerpt":{"rendered":"<p>Zapraszamy na obchody Dnia Dziecka na Gaju! Impreza plenerowa dla dzieci odb\u0119dzie si\u0119 na boisku pi\u0142karskim przy ul. Orzechowej w niedziel\u0119, 5 czerwca, w godzinach 10:00-16:00.<\/p>\n","protected":false},"author":1,"featured_media":13610,"comment_status":"open","ping_status":"open","sticky":false,"template":"","format":"standard","meta":{"footnotes":""},"categories":[14],"tags":[534,448,1638,270,112,285,1640,128,271,135,1641],"class_list":["post-13608","post","type-post","status-publish","format-standard","has-post-thumbnail","hentry","category-aktualnosci","tag-boisko","tag-dzien-dziecka","tag-dzien-dziecka-na-gaju","tag-festyn","tag-gaj","tag-impreza","tag-klub-respect-wroclaw","tag-park-sloneczny","tag-piknik","tag-rada-osiedla-gaj","tag-respect"],"_links":{"self":[{"href":"https:\/\/online.tvk-gaj.pl\/index.php?rest_route=\/wp\/v2\/posts\/13608","targetHints":{"allow":["GET"]}}],"collection":[{"href":"https:\/\/online.tvk-gaj.pl\/index.php?rest_route=\/wp\/v2\/posts"}],"about":[{"href":"https:\/\/online.tvk-gaj.pl\/index.php?rest_route=\/wp\/v2\/types\/post"}],"author":[{"embeddable":true,"href":"https:\/\/online.tvk-gaj.pl\/index.php?rest_route=\/wp\/v2\/users\/1"}],"replies":[{"embeddable":true,"href":"https:\/\/online.tvk-gaj.pl\/index.php?rest_route=%2Fwp%2Fv2%2Fcomments&post=13608"}],"version-history":[{"count":2,"href":"https:\/\/online.tvk-gaj.pl\/index.php?rest_route=\/wp\/v2\/posts\/13608\/revisions"}],"predecessor-version":[{"id":13612,"href":"https:\/\/online.tvk-gaj.pl\/index.php?rest_route=\/wp\/v2\/posts\/13608\/revisions\/13612"}],"wp:featuredmedia":[{"embeddable":true,"href":"https:\/\/online.tvk-gaj.pl\/index.php?rest_route=\/wp\/v2\/media\/13610"}],"wp:attachment":[{"href":"https:\/\/online.tvk-gaj.pl\/index.php?rest_route=%2Fwp%2Fv2%2Fmedia&parent=13608"}],"wp:term":[{"taxonomy":"category","embeddable":true,"href":"https:\/\/online.tvk-gaj.pl\/index.php?rest_route=%2Fwp%2Fv2%2Fcategories&post=13608"},{"taxonomy":"post_tag","embeddable":true,"href":"https:\/\/online.tvk-gaj.pl\/index.php?rest_route=%2Fwp%2Fv2%2Ftags&post=13608"}],"curies":[{"name":"wp","href":"https:\/\/api.w.org\/{rel}","templated":true}]}}