{"id":13613,"date":"2022-06-02T21:23:00","date_gmt":"2022-06-02T19:23:00","guid":{"rendered":"http:\/\/www.tvk-gaj.pl\/~gajonline\/?p=13613"},"modified":"2022-05-30T21:31:39","modified_gmt":"2022-05-30T19:31:39","slug":"wroclaw-walczy-z-komarami","status":"publish","type":"post","link":"https:\/\/online.tvk-gaj.pl\/?p=13613","title":{"rendered":"Wroc\u0142aw walczy z komarami!"},"content":{"rendered":"\n<p>Publikujemy materia\u0142y edukacyjne magistratu, b\u0119d\u0105ce cz\u0119\u015bci\u0105 miejskiego programu kontroli liczebno\u015bci komar\u00f3w, prowadzonego przez Wydzia\u0142 \u015arodowiska i Rolnictwa Urz\u0119du Miejskiego Wroc\u0142awia.<\/p>\n\n\n\n<p><\/p>\n\n\n\n<!--more-->\n\n\n\n<p><\/p>\n\n\n\n<p><\/p>\n\n\n\n<p>Specyficzne warunki klimatyczne Wroc\u0142awia, wynikaj\u0105ce z po\u0142o\u017cenia geograficznego czy ukszta\u0142towania terenu, jak r\u00f3wnie\u017c obecno\u015b\u0107 wielu zbiornik\u00f3w wodnych, stwarzaj\u0105 dogodne \u015brodowisko dla rozwoju populacji komar\u00f3w we Wroc\u0142awiu.<\/p>\n\n\n\n<p><\/p>\n\n\n\n<p><\/p>\n\n\n\n<p><\/p>\n\n\n\n<figure class=\"wp-block-image size-large\"><img loading=\"lazy\" decoding=\"async\" width=\"1024\" height=\"683\" src=\"http:\/\/www.tvk-gaj.pl\/~gajonline\/wp-content\/uploads\/2022\/05\/komar-nie-siada-1024x683.jpeg\" alt=\"\" class=\"wp-image-13616\" srcset=\"https:\/\/online.tvk-gaj.pl\/wp-content\/uploads\/2022\/05\/komar-nie-siada-1024x683.jpeg 1024w, https:\/\/online.tvk-gaj.pl\/wp-content\/uploads\/2022\/05\/komar-nie-siada-300x200.jpeg 300w, https:\/\/online.tvk-gaj.pl\/wp-content\/uploads\/2022\/05\/komar-nie-siada-768x512.jpeg 768w, https:\/\/online.tvk-gaj.pl\/wp-content\/uploads\/2022\/05\/komar-nie-siada-1536x1024.jpeg 1536w, https:\/\/online.tvk-gaj.pl\/wp-content\/uploads\/2022\/05\/komar-nie-siada-321x214.jpeg 321w, https:\/\/online.tvk-gaj.pl\/wp-content\/uploads\/2022\/05\/komar-nie-siada-140x94.jpeg 140w, https:\/\/online.tvk-gaj.pl\/wp-content\/uploads\/2022\/05\/komar-nie-siada.jpeg 1920w\" sizes=\"auto, (max-width: 1024px) 100vw, 1024px\" \/><\/figure>\n\n\n\n<p><\/p>\n\n\n\n<p><\/p>\n\n\n\n<p><\/p>\n\n\n\n<p>Dlatego te\u017c ponad 20 lat temu zosta\u0142 uruchomiony Wroc\u0142awski program kontroli liczebno\u015bci komar\u00f3w, prowadzony przez Wydzia\u0142 \u015arodowiska i Rolnictwa Urz\u0119du Miejskiego Wroc\u0142awia. Jednym z element\u00f3w dzia\u0142a\u0144 redukuj\u0105cych populacj\u0119 komar\u00f3w jest edukacja mieszka\u0144c\u00f3w w zakresie prewencyjnych sposob\u00f3w, dzi\u0119ki kt\u00f3rym ka\u017cdy z nas mo\u017ce ograniczy\u0107 liczb\u0119 komar\u00f3w w swoim otoczeniu. <\/p>\n\n\n\n<p><\/p>\n\n\n\n<p><\/p>\n\n\n\n<p><\/p>\n\n\n\n<div class=\"wp-block-image\"><figure class=\"aligncenter size-large\"><img loading=\"lazy\" decoding=\"async\" width=\"744\" height=\"1024\" src=\"http:\/\/www.tvk-gaj.pl\/~gajonline\/wp-content\/uploads\/2022\/05\/komary1-744x1024.jpeg\" alt=\"\" class=\"wp-image-13617\" srcset=\"https:\/\/online.tvk-gaj.pl\/wp-content\/uploads\/2022\/05\/komary1-744x1024.jpeg 744w, https:\/\/online.tvk-gaj.pl\/wp-content\/uploads\/2022\/05\/komary1-218x300.jpeg 218w, https:\/\/online.tvk-gaj.pl\/wp-content\/uploads\/2022\/05\/komary1-768x1056.jpeg 768w, https:\/\/online.tvk-gaj.pl\/wp-content\/uploads\/2022\/05\/komary1.jpeg 828w\" sizes=\"auto, (max-width: 744px) 100vw, 744px\" \/><\/figure><\/div>\n\n\n\n<p><\/p>\n\n\n\n<div class=\"wp-block-image\"><figure class=\"aligncenter size-full\"><img loading=\"lazy\" decoding=\"async\" width=\"828\" height=\"591\" src=\"http:\/\/www.tvk-gaj.pl\/~gajonline\/wp-content\/uploads\/2022\/05\/komary2.jpeg\" alt=\"\" class=\"wp-image-13618\" srcset=\"https:\/\/online.tvk-gaj.pl\/wp-content\/uploads\/2022\/05\/komary2.jpeg 828w, https:\/\/online.tvk-gaj.pl\/wp-content\/uploads\/2022\/05\/komary2-300x214.jpeg 300w, https:\/\/online.tvk-gaj.pl\/wp-content\/uploads\/2022\/05\/komary2-768x548.jpeg 768w\" sizes=\"auto, (max-width: 828px) 100vw, 828px\" \/><\/figure><\/div>\n\n\n\n<p><\/p>\n\n\n\n<p><\/p>\n\n\n\n<div class=\"wp-block-image\"><figure class=\"aligncenter size-full\"><img loading=\"lazy\" decoding=\"async\" width=\"828\" height=\"582\" src=\"http:\/\/www.tvk-gaj.pl\/~gajonline\/wp-content\/uploads\/2022\/05\/komary3.jpeg\" alt=\"\" class=\"wp-image-13619\" srcset=\"https:\/\/online.tvk-gaj.pl\/wp-content\/uploads\/2022\/05\/komary3.jpeg 828w, https:\/\/online.tvk-gaj.pl\/wp-content\/uploads\/2022\/05\/komary3-300x211.jpeg 300w, https:\/\/online.tvk-gaj.pl\/wp-content\/uploads\/2022\/05\/komary3-768x540.jpeg 768w\" sizes=\"auto, (max-width: 828px) 100vw, 828px\" \/><\/figure><\/div>\n\n\n\n<p><\/p>\n\n\n\n<p><\/p>\n\n\n\n<p><\/p>\n\n\n\n<p><\/p>\n\n\n\n<p>Wi\u0119cej o metodach walki z komarami dost\u0119pne jest pod adresem: <a href=\"https:\/\/www.wroclaw.pl\/zielony-wroclaw\/odkomarzanie-we-wroclawiu\" target=\"_blank\" rel=\"noreferrer noopener\">https:\/\/www.wroclaw.pl\/zielony-wroclaw\/odkomarzanie-we-wroclawiu <\/a><\/p>\n\n\n\n<p><\/p>\n\n\n\n<p><\/p>\n\n\n\n<p><\/p>\n\n\n\n<p>Zach\u0119camy do wsp\u00f3lnego dzia\u0142ania na rzecz promocji postaw ekologicznych w mieli\u015bcie i na osiedlu!<\/p>\n\n\n\n<p><\/p>\n\n\n\n<p><\/p>\n","protected":false},"excerpt":{"rendered":"<p>Publikujemy materia\u0142y edukacyjne magistratu, b\u0119d\u0105ce cz\u0119\u015bci\u0105 miejskiego programu kontroli liczebno\u015bci komar\u00f3w, prowadzonego przez Wydzia\u0142 \u015arodowiska i Rolnictwa Urz\u0119du Miejskiego Wroc\u0142awia.<\/p>\n","protected":false},"author":1,"featured_media":13615,"comment_status":"open","ping_status":"open","sticky":false,"template":"","format":"standard","meta":{"footnotes":""},"categories":[14],"tags":[112,259,260,1113],"class_list":["post-13613","post","type-post","status-publish","format-standard","has-post-thumbnail","hentry","category-aktualnosci","tag-gaj","tag-komary","tag-walka-z-komarami","tag-wroclaw-2"],"_links":{"self":[{"href":"https:\/\/online.tvk-gaj.pl\/index.php?rest_route=\/wp\/v2\/posts\/13613","targetHints":{"allow":["GET"]}}],"collection":[{"href":"https:\/\/online.tvk-gaj.pl\/index.php?rest_route=\/wp\/v2\/posts"}],"about":[{"href":"https:\/\/online.tvk-gaj.pl\/index.php?rest_route=\/wp\/v2\/types\/post"}],"author":[{"embeddable":true,"href":"https:\/\/online.tvk-gaj.pl\/index.php?rest_route=\/wp\/v2\/users\/1"}],"replies":[{"embeddable":true,"href":"https:\/\/online.tvk-gaj.pl\/index.php?rest_route=%2Fwp%2Fv2%2Fcomments&post=13613"}],"version-history":[{"count":2,"href":"https:\/\/online.tvk-gaj.pl\/index.php?rest_route=\/wp\/v2\/posts\/13613\/revisions"}],"predecessor-version":[{"id":13621,"href":"https:\/\/online.tvk-gaj.pl\/index.php?rest_route=\/wp\/v2\/posts\/13613\/revisions\/13621"}],"wp:featuredmedia":[{"embeddable":true,"href":"https:\/\/online.tvk-gaj.pl\/index.php?rest_route=\/wp\/v2\/media\/13615"}],"wp:attachment":[{"href":"https:\/\/online.tvk-gaj.pl\/index.php?rest_route=%2Fwp%2Fv2%2Fmedia&parent=13613"}],"wp:term":[{"taxonomy":"category","embeddable":true,"href":"https:\/\/online.tvk-gaj.pl\/index.php?rest_route=%2Fwp%2Fv2%2Fcategories&post=13613"},{"taxonomy":"post_tag","embeddable":true,"href":"https:\/\/online.tvk-gaj.pl\/index.php?rest_route=%2Fwp%2Fv2%2Ftags&post=13613"}],"curies":[{"name":"wp","href":"https:\/\/api.w.org\/{rel}","templated":true}]}}