{"id":13623,"date":"2022-06-08T22:20:15","date_gmt":"2022-06-08T20:20:15","guid":{"rendered":"http:\/\/www.tvk-gaj.pl\/~gajonline\/?p=13623"},"modified":"2022-06-08T22:26:59","modified_gmt":"2022-06-08T20:26:59","slug":"fotorelacja-z-dnia-dziecka-na-gaju","status":"publish","type":"post","link":"https:\/\/online.tvk-gaj.pl\/?p=13623","title":{"rendered":"Fotorelacja z Dnia Dziecka na Gaju"},"content":{"rendered":"\n<p>Zapraszamy do kr\u00f3tkiej (foto)relacji z imprezy z okazji Dnia Dziecka, kt\u00f3ra odby\u0142a si\u0119 5 czerwca na boisku pi\u0142karskim w Parku S\u0142onecznym na Gaju.<\/p>\n\n\n\n<!--more-->\n\n\n\n<p><\/p>\n\n\n\n<p><\/p>\n\n\n\n<p><\/p>\n\n\n\n<figure class=\"wp-block-image size-large\"><img loading=\"lazy\" decoding=\"async\" width=\"1024\" height=\"680\" src=\"http:\/\/www.tvk-gaj.pl\/~gajonline\/wp-content\/uploads\/2022\/06\/Dzien\u0301-dziecka-2022-140-1024x680.jpg\" alt=\"\" class=\"wp-image-13625\" srcset=\"https:\/\/online.tvk-gaj.pl\/wp-content\/uploads\/2022\/06\/Dzien\u0301-dziecka-2022-140-1024x680.jpg 1024w, https:\/\/online.tvk-gaj.pl\/wp-content\/uploads\/2022\/06\/Dzien\u0301-dziecka-2022-140-300x199.jpg 300w, https:\/\/online.tvk-gaj.pl\/wp-content\/uploads\/2022\/06\/Dzien\u0301-dziecka-2022-140-768x510.jpg 768w, https:\/\/online.tvk-gaj.pl\/wp-content\/uploads\/2022\/06\/Dzien\u0301-dziecka-2022-140-1536x1020.jpg 1536w, https:\/\/online.tvk-gaj.pl\/wp-content\/uploads\/2022\/06\/Dzien\u0301-dziecka-2022-140-2048x1360.jpg 2048w, https:\/\/online.tvk-gaj.pl\/wp-content\/uploads\/2022\/06\/Dzien\u0301-dziecka-2022-140-321x214.jpg 321w, https:\/\/online.tvk-gaj.pl\/wp-content\/uploads\/2022\/06\/Dzien\u0301-dziecka-2022-140-207x136.jpg 207w, https:\/\/online.tvk-gaj.pl\/wp-content\/uploads\/2022\/06\/Dzien\u0301-dziecka-2022-140-140x94.jpg 140w\" sizes=\"auto, (max-width: 1024px) 100vw, 1024px\" \/><\/figure>\n\n\n\n<p><\/p>\n\n\n\n<p><\/p>\n\n\n\n<p><\/p>\n\n\n\n<p>Impreza plenerowa dla dzieci odby\u0142a si\u0119 na boisku pi\u0142karskim przy ul. Orzechowej w niedziel\u0119, 5 czerwca, w godzinach 10:00-16:00.<\/p>\n\n\n\n<p><\/p>\n\n\n\n<p><\/p>\n\n\n\n<p><\/p>\n\n\n\n<figure class=\"wp-block-image size-large\"><img loading=\"lazy\" decoding=\"async\" width=\"1024\" height=\"680\" src=\"http:\/\/www.tvk-gaj.pl\/~gajonline\/wp-content\/uploads\/2022\/06\/Dzien\u0301-dziecka-2022-109-1024x680.jpg\" alt=\"\" class=\"wp-image-13626\" srcset=\"https:\/\/online.tvk-gaj.pl\/wp-content\/uploads\/2022\/06\/Dzien\u0301-dziecka-2022-109-1024x680.jpg 1024w, https:\/\/online.tvk-gaj.pl\/wp-content\/uploads\/2022\/06\/Dzien\u0301-dziecka-2022-109-300x199.jpg 300w, https:\/\/online.tvk-gaj.pl\/wp-content\/uploads\/2022\/06\/Dzien\u0301-dziecka-2022-109-768x510.jpg 768w, https:\/\/online.tvk-gaj.pl\/wp-content\/uploads\/2022\/06\/Dzien\u0301-dziecka-2022-109-1536x1020.jpg 1536w, https:\/\/online.tvk-gaj.pl\/wp-content\/uploads\/2022\/06\/Dzien\u0301-dziecka-2022-109-2048x1360.jpg 2048w, https:\/\/online.tvk-gaj.pl\/wp-content\/uploads\/2022\/06\/Dzien\u0301-dziecka-2022-109-321x214.jpg 321w, https:\/\/online.tvk-gaj.pl\/wp-content\/uploads\/2022\/06\/Dzien\u0301-dziecka-2022-109-207x136.jpg 207w, https:\/\/online.tvk-gaj.pl\/wp-content\/uploads\/2022\/06\/Dzien\u0301-dziecka-2022-109-140x94.jpg 140w\" sizes=\"auto, (max-width: 1024px) 100vw, 1024px\" \/><\/figure>\n\n\n\n<p><\/p>\n\n\n\n<p><\/p>\n\n\n\n<p><\/p>\n\n\n\n<p>W programie by\u0142y m.in. zaj\u0119cia sportowe dla dzieci i rodzic\u00f3w, rozgrywki pi\u0142ki no\u017cnej, siatkowej, strzelanie z \u0142uku, unihokej, badminton, gra w boule, zaj\u0119cia og\u00f3lnorozwojowe dla najm\u0142odszych, loteria fantowe oraz dmuchane zamki.<\/p>\n\n\n\n<p><\/p>\n\n\n\n<p><\/p>\n\n\n\n<p><\/p>\n\n\n\n<figure class=\"wp-block-image size-large\"><img loading=\"lazy\" decoding=\"async\" width=\"1024\" height=\"680\" src=\"http:\/\/www.tvk-gaj.pl\/~gajonline\/wp-content\/uploads\/2022\/06\/Dzien\u0301-dziecka-2022-119-1024x680.jpg\" alt=\"\" class=\"wp-image-13627\" srcset=\"https:\/\/online.tvk-gaj.pl\/wp-content\/uploads\/2022\/06\/Dzien\u0301-dziecka-2022-119-1024x680.jpg 1024w, https:\/\/online.tvk-gaj.pl\/wp-content\/uploads\/2022\/06\/Dzien\u0301-dziecka-2022-119-300x199.jpg 300w, https:\/\/online.tvk-gaj.pl\/wp-content\/uploads\/2022\/06\/Dzien\u0301-dziecka-2022-119-768x510.jpg 768w, https:\/\/online.tvk-gaj.pl\/wp-content\/uploads\/2022\/06\/Dzien\u0301-dziecka-2022-119-1536x1020.jpg 1536w, https:\/\/online.tvk-gaj.pl\/wp-content\/uploads\/2022\/06\/Dzien\u0301-dziecka-2022-119-2048x1360.jpg 2048w, https:\/\/online.tvk-gaj.pl\/wp-content\/uploads\/2022\/06\/Dzien\u0301-dziecka-2022-119-321x214.jpg 321w, https:\/\/online.tvk-gaj.pl\/wp-content\/uploads\/2022\/06\/Dzien\u0301-dziecka-2022-119-207x136.jpg 207w, https:\/\/online.tvk-gaj.pl\/wp-content\/uploads\/2022\/06\/Dzien\u0301-dziecka-2022-119-140x94.jpg 140w\" sizes=\"auto, (max-width: 1024px) 100vw, 1024px\" \/><\/figure>\n\n\n\n<p><\/p>\n\n\n\n<p><\/p>\n\n\n\n<p><\/p>\n\n\n\n<p>Dopisa\u0142a zar\u00f3wno pogoda jak i frekwencja, z czego bardzo si\u0119 cieszymy!<\/p>\n\n\n\n<p><\/p>\n\n\n\n<p><\/p>\n\n\n\n<p><\/p>\n\n\n\n<figure class=\"wp-block-image size-large\"><img loading=\"lazy\" decoding=\"async\" width=\"1024\" height=\"680\" src=\"http:\/\/www.tvk-gaj.pl\/~gajonline\/wp-content\/uploads\/2022\/06\/Dzien\u0301-dziecka-2022-125-1024x680.jpg\" alt=\"\" class=\"wp-image-13628\" srcset=\"https:\/\/online.tvk-gaj.pl\/wp-content\/uploads\/2022\/06\/Dzien\u0301-dziecka-2022-125-1024x680.jpg 1024w, https:\/\/online.tvk-gaj.pl\/wp-content\/uploads\/2022\/06\/Dzien\u0301-dziecka-2022-125-300x199.jpg 300w, https:\/\/online.tvk-gaj.pl\/wp-content\/uploads\/2022\/06\/Dzien\u0301-dziecka-2022-125-768x510.jpg 768w, https:\/\/online.tvk-gaj.pl\/wp-content\/uploads\/2022\/06\/Dzien\u0301-dziecka-2022-125-1536x1020.jpg 1536w, https:\/\/online.tvk-gaj.pl\/wp-content\/uploads\/2022\/06\/Dzien\u0301-dziecka-2022-125-2048x1360.jpg 2048w, https:\/\/online.tvk-gaj.pl\/wp-content\/uploads\/2022\/06\/Dzien\u0301-dziecka-2022-125-321x214.jpg 321w, https:\/\/online.tvk-gaj.pl\/wp-content\/uploads\/2022\/06\/Dzien\u0301-dziecka-2022-125-207x136.jpg 207w, https:\/\/online.tvk-gaj.pl\/wp-content\/uploads\/2022\/06\/Dzien\u0301-dziecka-2022-125-140x94.jpg 140w\" sizes=\"auto, (max-width: 1024px) 100vw, 1024px\" \/><\/figure>\n\n\n\n<p><\/p>\n\n\n\n<p><\/p>\n\n\n\n<p><\/p>\n\n\n\n<p>W zwi\u0105zku z bardzo udanym Dniem Dziecka chcieliby\u015bmy r\u00f3wnie\u017c podzi\u0119kowa\u0107 za wsparcie i pomoc w zorganizowaniu imprezy. Szczeg\u00f3lnie tym osobom, kt\u00f3re pomog\u0142y w organizacji i jej przygotowaniu. Mam g\u0142\u0119bok\u0105 nadziej\u0119, i\u017c wszyscy uczestnicy dobrze si\u0119 bawili sportem, a to by\u0142 g\u0142\u00f3wny cel imprezy.<\/p>\n\n\n\n<p><\/p>\n\n\n\n<p><\/p>\n\n\n\n<figure class=\"wp-block-image size-large\"><img loading=\"lazy\" decoding=\"async\" width=\"1024\" height=\"680\" src=\"http:\/\/www.tvk-gaj.pl\/~gajonline\/wp-content\/uploads\/2022\/06\/Dzien\u0301-dziecka-2022-94-1024x680.jpg\" alt=\"\" class=\"wp-image-13629\" srcset=\"https:\/\/online.tvk-gaj.pl\/wp-content\/uploads\/2022\/06\/Dzien\u0301-dziecka-2022-94-1024x680.jpg 1024w, https:\/\/online.tvk-gaj.pl\/wp-content\/uploads\/2022\/06\/Dzien\u0301-dziecka-2022-94-300x199.jpg 300w, https:\/\/online.tvk-gaj.pl\/wp-content\/uploads\/2022\/06\/Dzien\u0301-dziecka-2022-94-768x510.jpg 768w, https:\/\/online.tvk-gaj.pl\/wp-content\/uploads\/2022\/06\/Dzien\u0301-dziecka-2022-94-1536x1020.jpg 1536w, https:\/\/online.tvk-gaj.pl\/wp-content\/uploads\/2022\/06\/Dzien\u0301-dziecka-2022-94-2048x1360.jpg 2048w, https:\/\/online.tvk-gaj.pl\/wp-content\/uploads\/2022\/06\/Dzien\u0301-dziecka-2022-94-321x214.jpg 321w, https:\/\/online.tvk-gaj.pl\/wp-content\/uploads\/2022\/06\/Dzien\u0301-dziecka-2022-94-207x136.jpg 207w, https:\/\/online.tvk-gaj.pl\/wp-content\/uploads\/2022\/06\/Dzien\u0301-dziecka-2022-94-140x94.jpg 140w\" sizes=\"auto, (max-width: 1024px) 100vw, 1024px\" \/><\/figure>\n\n\n\n<p><\/p>\n\n\n\n<p><\/p>\n\n\n\n<p>Organizatorami imprezy byli Klub Pi\u0142karski &#8222;Respect&#8221; Wroc\u0142aw oraz Rada Osiedla Gaj.<\/p>\n\n\n\n<p><\/p>\n\n\n\n<p><\/p>\n\n\n\n<p><\/p>\n\n\n\n<p><\/p>\n\n\n\n<p><\/p>\n\n\n\n<p><\/p>\n\n\n\n<p><\/p>\n","protected":false},"excerpt":{"rendered":"<p>Zapraszamy do kr\u00f3tkiej (foto)relacji z imprezy z okazji Dnia Dziecka, kt\u00f3ra odby\u0142a si\u0119 5 czerwca na boisku pi\u0142karskim w Parku S\u0142onecznym na Gaju.<\/p>\n","protected":false},"author":1,"featured_media":13625,"comment_status":"open","ping_status":"open","sticky":false,"template":"","format":"standard","meta":{"footnotes":""},"categories":[14,12],"tags":[1012,1638,1642,128,135,1370],"class_list":["post-13623","post","type-post","status-publish","format-standard","has-post-thumbnail","hentry","category-aktualnosci","category-artykuly","tag-boisko-orzechowa","tag-dzien-dziecka-na-gaju","tag-klub-pilkarski-respect-gaj","tag-park-sloneczny","tag-rada-osiedla-gaj","tag-respect-gaj"],"_links":{"self":[{"href":"https:\/\/online.tvk-gaj.pl\/index.php?rest_route=\/wp\/v2\/posts\/13623","targetHints":{"allow":["GET"]}}],"collection":[{"href":"https:\/\/online.tvk-gaj.pl\/index.php?rest_route=\/wp\/v2\/posts"}],"about":[{"href":"https:\/\/online.tvk-gaj.pl\/index.php?rest_route=\/wp\/v2\/types\/post"}],"author":[{"embeddable":true,"href":"https:\/\/online.tvk-gaj.pl\/index.php?rest_route=\/wp\/v2\/users\/1"}],"replies":[{"embeddable":true,"href":"https:\/\/online.tvk-gaj.pl\/index.php?rest_route=%2Fwp%2Fv2%2Fcomments&post=13623"}],"version-history":[{"count":3,"href":"https:\/\/online.tvk-gaj.pl\/index.php?rest_route=\/wp\/v2\/posts\/13623\/revisions"}],"predecessor-version":[{"id":13632,"href":"https:\/\/online.tvk-gaj.pl\/index.php?rest_route=\/wp\/v2\/posts\/13623\/revisions\/13632"}],"wp:featuredmedia":[{"embeddable":true,"href":"https:\/\/online.tvk-gaj.pl\/index.php?rest_route=\/wp\/v2\/media\/13625"}],"wp:attachment":[{"href":"https:\/\/online.tvk-gaj.pl\/index.php?rest_route=%2Fwp%2Fv2%2Fmedia&parent=13623"}],"wp:term":[{"taxonomy":"category","embeddable":true,"href":"https:\/\/online.tvk-gaj.pl\/index.php?rest_route=%2Fwp%2Fv2%2Fcategories&post=13623"},{"taxonomy":"post_tag","embeddable":true,"href":"https:\/\/online.tvk-gaj.pl\/index.php?rest_route=%2Fwp%2Fv2%2Ftags&post=13623"}],"curies":[{"name":"wp","href":"https:\/\/api.w.org\/{rel}","templated":true}]}}