{"id":13633,"date":"2022-06-13T06:09:00","date_gmt":"2022-06-13T04:09:00","guid":{"rendered":"http:\/\/www.tvk-gaj.pl\/~gajonline\/?p=13633"},"modified":"2022-06-13T17:06:47","modified_gmt":"2022-06-13T15:06:47","slug":"ruszyla-linia-kolejowa-wroclaw-swidnica-pociagi-znow-na-wojszycach","status":"publish","type":"post","link":"https:\/\/online.tvk-gaj.pl\/?p=13633","title":{"rendered":"Ruszy\u0142a linia kolejowa Wroc\u0142aw-\u015awidnica. Poci\u0105gi zn\u00f3w na Wojszycach!"},"content":{"rendered":"\n<p>Po 22 latach przerwy, w niedziel\u0119, 12 czerwca o godzinie 7:33 z Dworca G\u0142\u00f3wnego PKP we Wroc\u0142awiu wyruszy\u0142 pierwszy poci\u0105g do \u015awidnicy. Co wa\u017cne, we Wroc\u0142awiu, poci\u0105g zatrzymuje si\u0119 na przystankach na Wojszycach i Partynicach. Nowa relacja po\u0142\u0105czy r\u00f3wnie\u017c Wroc\u0142aw z popularn\u0105 turystycznie Sob\u00f3tk\u0105.<\/p>\n\n\n\n<!--more-->\n\n\n\n<p><\/p>\n\n\n\n<p>Wi\u0119cej o powrocie poci\u0105g\u00f3w na star\u0105 tras\u0119 kolejow\u0105 Wroc\u0142aw &#8211; \u015awidnica pisali\u015bmy w maju <a href=\"http:\/\/www.tvk-gaj.pl\/~gajonline\/?p=13578\" data-type=\"post\" data-id=\"13578\">tutaj.<\/a> <\/p>\n\n\n\n<p><br><\/p>\n\n\n\n<figure class=\"wp-block-image size-large\"><img loading=\"lazy\" decoding=\"async\" width=\"1024\" height=\"530\" src=\"http:\/\/www.tvk-gaj.pl\/~gajonline\/wp-content\/uploads\/2022\/05\/Zrzut-ekranu-2022-05-19-o-23.11.21-1024x530.png\" alt=\"\" class=\"wp-image-13584\" srcset=\"https:\/\/online.tvk-gaj.pl\/wp-content\/uploads\/2022\/05\/Zrzut-ekranu-2022-05-19-o-23.11.21-1024x530.png 1024w, https:\/\/online.tvk-gaj.pl\/wp-content\/uploads\/2022\/05\/Zrzut-ekranu-2022-05-19-o-23.11.21-300x155.png 300w, https:\/\/online.tvk-gaj.pl\/wp-content\/uploads\/2022\/05\/Zrzut-ekranu-2022-05-19-o-23.11.21-768x397.png 768w, https:\/\/online.tvk-gaj.pl\/wp-content\/uploads\/2022\/05\/Zrzut-ekranu-2022-05-19-o-23.11.21-1536x795.png 1536w, https:\/\/online.tvk-gaj.pl\/wp-content\/uploads\/2022\/05\/Zrzut-ekranu-2022-05-19-o-23.11.21-2048x1060.png 2048w\" sizes=\"auto, (max-width: 1024px) 100vw, 1024px\" \/><\/figure>\n\n\n\n<p><br><\/p>\n\n\n\n<p>Dla mieszka\u0144c\u00f3w Gaju szczeg\u00f3lnie atrakcyjnym mo\u017ce okaza\u0107 si\u0119 przystanek kolejowy przy ul. Grota-Roweckiego na Wojszycach. Pozwoli on w kr\u00f3tkim czasie dosta\u0107 si\u0119 do Dworca G\u0142\u00f3wnego PKP we Wroc\u0142awiu albo w przeciwnym kierunku &#8211; na Partynice oraz do miejscowo\u015bci \u015al\u0119za, Sob\u00f3tka oraz stacji docelowej \u015awidnicy.<\/p>\n\n\n\n<p><\/p>\n\n\n\n<p><\/p>\n\n\n\n<p><strong>Prezentujemy rozk\u0142ad jazdy dla przystank\u00f3w na Wojszycach i Partynicach<\/strong>:<\/p>\n\n\n\n<p><\/p>\n\n\n\n<p><\/p>\n\n\n\n<p><\/p>\n\n\n\n<figure class=\"wp-block-image size-full\"><img loading=\"lazy\" decoding=\"async\" width=\"800\" height=\"764\" src=\"http:\/\/www.tvk-gaj.pl\/~gajonline\/wp-content\/uploads\/2022\/06\/BFFE0705-ADB3-43E3-BC28-5287FB3BB217.jpeg\" alt=\"\" class=\"wp-image-13639\" srcset=\"https:\/\/online.tvk-gaj.pl\/wp-content\/uploads\/2022\/06\/BFFE0705-ADB3-43E3-BC28-5287FB3BB217.jpeg 800w, https:\/\/online.tvk-gaj.pl\/wp-content\/uploads\/2022\/06\/BFFE0705-ADB3-43E3-BC28-5287FB3BB217-300x287.jpeg 300w, https:\/\/online.tvk-gaj.pl\/wp-content\/uploads\/2022\/06\/BFFE0705-ADB3-43E3-BC28-5287FB3BB217-768x733.jpeg 768w\" sizes=\"auto, (max-width: 800px) 100vw, 800px\" \/><\/figure>\n\n\n\n<p><\/p>\n\n\n\n<p><\/p>\n\n\n\n<figure class=\"wp-block-image size-large\"><img loading=\"lazy\" decoding=\"async\" width=\"724\" height=\"1024\" src=\"http:\/\/www.tvk-gaj.pl\/~gajonline\/wp-content\/uploads\/2022\/06\/34530391-885D-4013-BAE3-645A77CC041A-724x1024.jpeg\" alt=\"\" class=\"wp-image-13640\" srcset=\"https:\/\/online.tvk-gaj.pl\/wp-content\/uploads\/2022\/06\/34530391-885D-4013-BAE3-645A77CC041A-724x1024.jpeg 724w, https:\/\/online.tvk-gaj.pl\/wp-content\/uploads\/2022\/06\/34530391-885D-4013-BAE3-645A77CC041A-212x300.jpeg 212w, https:\/\/online.tvk-gaj.pl\/wp-content\/uploads\/2022\/06\/34530391-885D-4013-BAE3-645A77CC041A-768x1087.jpeg 768w, https:\/\/online.tvk-gaj.pl\/wp-content\/uploads\/2022\/06\/34530391-885D-4013-BAE3-645A77CC041A.jpeg 800w\" sizes=\"auto, (max-width: 724px) 100vw, 724px\" \/><\/figure>\n\n\n\n<p><\/p>\n\n\n\n<p><\/p>\n\n\n\n\n\n<p><\/p>\n\n\n\n<p><\/p>\n\n\n\n<p><\/p>\n\n\n\n<p><\/p>\n\n\n\n<p><\/p>\n\n\n\n<p><\/p>\n","protected":false},"excerpt":{"rendered":"<p>Po 22 latach przerwy, w niedziel\u0119, 12 czerwca o godzinie 7:33 z Dworca G\u0142\u00f3wnego PKP we Wroc\u0142awiu wyruszy\u0142 pierwszy poci\u0105g do \u015awidnicy. Co wa\u017cne, we Wroc\u0142awiu, poci\u0105g zatrzymuje si\u0119 na przystankach na Wojszycach i Partynicach. Nowa relacja po\u0142\u0105czy r\u00f3wnie\u017c Wroc\u0142aw z popularn\u0105 turystycznie Sob\u00f3tk\u0105.<\/p>\n","protected":false},"author":1,"featured_media":13583,"comment_status":"open","ping_status":"open","sticky":false,"template":"","format":"standard","meta":{"footnotes":""},"categories":[14,12],"tags":[112,1111,1643,310],"class_list":["post-13633","post","type-post","status-publish","format-standard","has-post-thumbnail","hentry","category-aktualnosci","category-artykuly","tag-gaj","tag-pkp","tag-pociagi-2","tag-wojszyce"],"_links":{"self":[{"href":"https:\/\/online.tvk-gaj.pl\/index.php?rest_route=\/wp\/v2\/posts\/13633","targetHints":{"allow":["GET"]}}],"collection":[{"href":"https:\/\/online.tvk-gaj.pl\/index.php?rest_route=\/wp\/v2\/posts"}],"about":[{"href":"https:\/\/online.tvk-gaj.pl\/index.php?rest_route=\/wp\/v2\/types\/post"}],"author":[{"embeddable":true,"href":"https:\/\/online.tvk-gaj.pl\/index.php?rest_route=\/wp\/v2\/users\/1"}],"replies":[{"embeddable":true,"href":"https:\/\/online.tvk-gaj.pl\/index.php?rest_route=%2Fwp%2Fv2%2Fcomments&post=13633"}],"version-history":[{"count":4,"href":"https:\/\/online.tvk-gaj.pl\/index.php?rest_route=\/wp\/v2\/posts\/13633\/revisions"}],"predecessor-version":[{"id":13642,"href":"https:\/\/online.tvk-gaj.pl\/index.php?rest_route=\/wp\/v2\/posts\/13633\/revisions\/13642"}],"wp:featuredmedia":[{"embeddable":true,"href":"https:\/\/online.tvk-gaj.pl\/index.php?rest_route=\/wp\/v2\/media\/13583"}],"wp:attachment":[{"href":"https:\/\/online.tvk-gaj.pl\/index.php?rest_route=%2Fwp%2Fv2%2Fmedia&parent=13633"}],"wp:term":[{"taxonomy":"category","embeddable":true,"href":"https:\/\/online.tvk-gaj.pl\/index.php?rest_route=%2Fwp%2Fv2%2Fcategories&post=13633"},{"taxonomy":"post_tag","embeddable":true,"href":"https:\/\/online.tvk-gaj.pl\/index.php?rest_route=%2Fwp%2Fv2%2Ftags&post=13633"}],"curies":[{"name":"wp","href":"https:\/\/api.w.org\/{rel}","templated":true}]}}