{"id":13647,"date":"2022-07-04T22:40:34","date_gmt":"2022-07-04T20:40:34","guid":{"rendered":"http:\/\/www.tvk-gaj.pl\/~gajonline\/?p=13647"},"modified":"2022-07-04T22:40:36","modified_gmt":"2022-07-04T20:40:36","slug":"operetka-na-wynos-w-parku-slonecznym","status":"publish","type":"post","link":"https:\/\/online.tvk-gaj.pl\/?p=13647","title":{"rendered":"Operetka na wynos w Parku S\u0142onecznym"},"content":{"rendered":"\n<p>Stowarzyszenie &#8222;Operetka Wroc\u0142awska&#8221; serdecznie zaprasza na plenerowy koncert, kt\u00f3re odb\u0119dzie si\u0119 7 lipca w plenerze Parku S\u0142onecznego na Gaju, w brawurowym wykonaniu znakomitych \u015bpiewak\u00f3w oraz tancerzy Teatru Scena Kamienica. <\/p>\n\n\n\n<!--more-->\n\n\n\n<p><\/p>\n\n\n\n<p><\/p>\n\n\n\n<p><strong>Koncert LATA 20., LATA 30. na WYNOS!<\/strong><\/p>\n\n\n\n<p><\/p>\n\n\n\n<figure class=\"wp-block-image size-full\"><img loading=\"lazy\" decoding=\"async\" width=\"960\" height=\"510\" src=\"http:\/\/www.tvk-gaj.pl\/~gajonline\/wp-content\/uploads\/2022\/07\/operetka-na-wynos.jpeg\" alt=\"\" class=\"wp-image-13648\" srcset=\"https:\/\/online.tvk-gaj.pl\/wp-content\/uploads\/2022\/07\/operetka-na-wynos.jpeg 960w, https:\/\/online.tvk-gaj.pl\/wp-content\/uploads\/2022\/07\/operetka-na-wynos-300x159.jpeg 300w, https:\/\/online.tvk-gaj.pl\/wp-content\/uploads\/2022\/07\/operetka-na-wynos-768x408.jpeg 768w\" sizes=\"auto, (max-width: 960px) 100vw, 960px\" \/><\/figure>\n\n\n\n<p><\/p>\n\n\n\n<p><\/p>\n\n\n\n<p><\/p>\n\n\n\n<p><strong>Termin i miejsce:<\/strong><\/p>\n\n\n\n<p>7 lipca 2022<br>godz. 17:00 Osiedle Gaj<br>Park S\u0142oneczny pomi\u0119dzy ulicami Orzechow\u0105 i Krynick\u0105<\/p>\n\n\n\n<p><\/p>\n\n\n\n<p><\/p>\n\n\n\n<p><strong>Wst\u0119p wolny! <\/strong><\/p>\n\n\n\n<p><\/p>\n\n\n\n<p><\/p>\n\n\n\n<p>Link do wydarzenia: <a href=\"https:\/\/fb.me\/e\/2CtPtTNKI\">https:\/\/fb.me\/e\/2CtPtTNKI<\/a><\/p>\n\n\n\n<p><\/p>\n\n\n\n<p><\/p>\n\n\n\n<p><\/p>\n\n\n\n<p><\/p>\n\n\n\n<p><\/p>\n\n\n\n<p><em>Zadanie publiczne jest dofinansowane ze \u015brodk\u00f3w bud\u017cetu <\/em><a href=\"https:\/\/www.wroclaw.pl\/go\/wydarzenia\/muzyka\/1349791-koncert-na-wynos-stowarzyszenie-operetka-wroclawska\"><em>Gminy Wroc\u0142aw<\/em>.<\/a><\/p>\n\n\n\n<p><\/p>\n","protected":false},"excerpt":{"rendered":"<p>Stowarzyszenie &#8222;Operetka Wroc\u0142awska&#8221; serdecznie zaprasza na plenerowy koncert, kt\u00f3re odb\u0119dzie si\u0119 7 lipca w plenerze Parku S\u0142onecznego na Gaju, w brawurowym wykonaniu znakomitych \u015bpiewak\u00f3w oraz tancerzy Teatru Scena Kamienica.<\/p>\n","protected":false},"author":1,"featured_media":13648,"comment_status":"open","ping_status":"open","sticky":false,"template":"","format":"standard","meta":{"footnotes":""},"categories":[14,12],"tags":[112,1645,1644,128,1113],"class_list":["post-13647","post","type-post","status-publish","format-standard","has-post-thumbnail","hentry","category-aktualnosci","category-artykuly","tag-gaj","tag-operetka","tag-operetka-na-wynos","tag-park-sloneczny","tag-wroclaw-2"],"_links":{"self":[{"href":"https:\/\/online.tvk-gaj.pl\/index.php?rest_route=\/wp\/v2\/posts\/13647","targetHints":{"allow":["GET"]}}],"collection":[{"href":"https:\/\/online.tvk-gaj.pl\/index.php?rest_route=\/wp\/v2\/posts"}],"about":[{"href":"https:\/\/online.tvk-gaj.pl\/index.php?rest_route=\/wp\/v2\/types\/post"}],"author":[{"embeddable":true,"href":"https:\/\/online.tvk-gaj.pl\/index.php?rest_route=\/wp\/v2\/users\/1"}],"replies":[{"embeddable":true,"href":"https:\/\/online.tvk-gaj.pl\/index.php?rest_route=%2Fwp%2Fv2%2Fcomments&post=13647"}],"version-history":[{"count":1,"href":"https:\/\/online.tvk-gaj.pl\/index.php?rest_route=\/wp\/v2\/posts\/13647\/revisions"}],"predecessor-version":[{"id":13649,"href":"https:\/\/online.tvk-gaj.pl\/index.php?rest_route=\/wp\/v2\/posts\/13647\/revisions\/13649"}],"wp:featuredmedia":[{"embeddable":true,"href":"https:\/\/online.tvk-gaj.pl\/index.php?rest_route=\/wp\/v2\/media\/13648"}],"wp:attachment":[{"href":"https:\/\/online.tvk-gaj.pl\/index.php?rest_route=%2Fwp%2Fv2%2Fmedia&parent=13647"}],"wp:term":[{"taxonomy":"category","embeddable":true,"href":"https:\/\/online.tvk-gaj.pl\/index.php?rest_route=%2Fwp%2Fv2%2Fcategories&post=13647"},{"taxonomy":"post_tag","embeddable":true,"href":"https:\/\/online.tvk-gaj.pl\/index.php?rest_route=%2Fwp%2Fv2%2Ftags&post=13647"}],"curies":[{"name":"wp","href":"https:\/\/api.w.org\/{rel}","templated":true}]}}