{"id":13650,"date":"2022-07-02T22:43:00","date_gmt":"2022-07-02T20:43:00","guid":{"rendered":"http:\/\/www.tvk-gaj.pl\/~gajonline\/?p=13650"},"modified":"2022-07-05T20:42:56","modified_gmt":"2022-07-05T18:42:56","slug":"zamek-z-lesnicy-przenie-sie-na-gaj","status":"publish","type":"post","link":"https:\/\/online.tvk-gaj.pl\/?p=13650","title":{"rendered":"Zamek z Le\u015bnicy przeniesie si\u0119 na Gaj"},"content":{"rendered":"\n<p>Pod koniec czerwca miejscy radni przeg\u0142osowali uchwa\u0142\u0119, kt\u00f3ra po\u0142\u0105czy r\u00f3\u017cne wroc\u0142awskie instytucji kultury. Zmiany obejm\u0105 m.in. po\u0142\u0105czenie Centrum Kultury &#8222;Zamek&#8221; w Le\u015bnicy z O\u015brodkiem Postaw Tw\u00f3rczych przy ul. Dzia\u0142kowej na Gaju.<\/p>\n\n\n\n<!--more-->\n\n\n\n<p><\/p>\n\n\n\n<p><\/p>\n\n\n\n<p>Wi\u0119cej na ten temat w artykule na stronie internetowej Wroc\u0142awia:<\/p>\n\n\n\n<p><\/p>\n\n\n\n<p><\/p>\n\n\n\n<figure class=\"wp-block-image size-full\"><img loading=\"lazy\" decoding=\"async\" width=\"836\" height=\"879\" src=\"http:\/\/www.tvk-gaj.pl\/~gajonline\/wp-content\/uploads\/2022\/07\/Zrzut-ekranu-2022-07-4-o-22.56.54.png\" alt=\"\" class=\"wp-image-13651\" srcset=\"https:\/\/online.tvk-gaj.pl\/wp-content\/uploads\/2022\/07\/Zrzut-ekranu-2022-07-4-o-22.56.54.png 836w, https:\/\/online.tvk-gaj.pl\/wp-content\/uploads\/2022\/07\/Zrzut-ekranu-2022-07-4-o-22.56.54-285x300.png 285w, https:\/\/online.tvk-gaj.pl\/wp-content\/uploads\/2022\/07\/Zrzut-ekranu-2022-07-4-o-22.56.54-768x808.png 768w\" sizes=\"auto, (max-width: 836px) 100vw, 836px\" \/><\/figure>\n\n\n\n<p><\/p>\n\n\n\n<p><\/p>\n\n\n\n<p><strong>Link do artyku\u0142u:<\/strong><\/p>\n\n\n\n<p><a href=\"https:\/\/www.wroclaw.pl\/kultura\/wroclawskie-instytucje-kultury-polaczenie-firlej-zamek\">https:\/\/www.wroclaw.pl\/kultura\/wroclawskie-instytucje-kultury-polaczenie-firlej-zamek<\/a><\/p>\n\n\n\n<p><\/p>\n\n\n\n<p><\/p>\n\n\n\n<p><\/p>\n\n\n\n<figure class=\"wp-block-image size-large\"><img loading=\"lazy\" decoding=\"async\" width=\"1024\" height=\"702\" src=\"http:\/\/www.tvk-gaj.pl\/~gajonline\/wp-content\/uploads\/2022\/07\/Zrzut-ekranu-2022-07-4-o-22.58.57-1024x702.png\" alt=\"\" class=\"wp-image-13652\" srcset=\"https:\/\/online.tvk-gaj.pl\/wp-content\/uploads\/2022\/07\/Zrzut-ekranu-2022-07-4-o-22.58.57-1024x702.png 1024w, https:\/\/online.tvk-gaj.pl\/wp-content\/uploads\/2022\/07\/Zrzut-ekranu-2022-07-4-o-22.58.57-300x206.png 300w, https:\/\/online.tvk-gaj.pl\/wp-content\/uploads\/2022\/07\/Zrzut-ekranu-2022-07-4-o-22.58.57-768x527.png 768w, https:\/\/online.tvk-gaj.pl\/wp-content\/uploads\/2022\/07\/Zrzut-ekranu-2022-07-4-o-22.58.57.png 1515w\" sizes=\"auto, (max-width: 1024px) 100vw, 1024px\" \/><figcaption>\u0179r\u00f3d\u0142o: Google maps<\/figcaption><\/figure>\n\n\n\n<p><\/p>\n\n\n\n<p><\/p>\n\n\n\n<p>Przypomnijmy, \u017ce O\u015brodek Postaw Tw\u00f3rczych, zlokalizowany przy ul. Dzia\u0142kowej 15, to miejska instytucja kultury, dzia\u0142aj\u0105ca na Gaju od ponad 20 lat. W za\u0142o\u017ceniach statutowych pomaga zdobywa\u0107 umiej\u0119tno\u015bci przydatne w r\u00f3\u017cnych dziedzinach sztuki i w pracy zawodowej. To miejsce r\u00f3\u017cnorodnych kurs\u00f3w, warsztat\u00f3w, wystaw oraz imprez z pogranicza sztuki, kultury oraz edukacji. <\/p>\n\n\n\n<p><\/p>\n\n\n\n<p><\/p>\n\n\n\n<p><\/p>\n\n\n\n<figure class=\"wp-block-image size-large\"><img loading=\"lazy\" decoding=\"async\" width=\"1024\" height=\"330\" src=\"http:\/\/www.tvk-gaj.pl\/~gajonline\/wp-content\/uploads\/2022\/07\/ckzamek-1024x330.jpeg\" alt=\"\" class=\"wp-image-13655\" srcset=\"https:\/\/online.tvk-gaj.pl\/wp-content\/uploads\/2022\/07\/ckzamek-1024x330.jpeg 1024w, https:\/\/online.tvk-gaj.pl\/wp-content\/uploads\/2022\/07\/ckzamek-300x97.jpeg 300w, https:\/\/online.tvk-gaj.pl\/wp-content\/uploads\/2022\/07\/ckzamek-768x248.jpeg 768w, https:\/\/online.tvk-gaj.pl\/wp-content\/uploads\/2022\/07\/ckzamek.jpeg 1132w\" sizes=\"auto, (max-width: 1024px) 100vw, 1024px\" \/><figcaption><em>\u0179r\u00f3d\u0142o: CK Zamek<\/em><\/figcaption><\/figure>\n\n\n\n<p><\/p>\n\n\n\n<p><\/p>\n\n\n\n<p>Centrum Kultury &#8222;Zamek&#8221; w Le\u015bnicy to samorz\u0105dowa instytucja kultury, kt\u00f3rej siedziba mie\u015bci si\u0119 w zabytkowym budynku Zamku we Wroc\u0142awiu-Le\u015bnicy. <\/p>\n\n\n\n<p><\/p>\n\n\n\n<p><\/p>\n\n\n\n<p><\/p>\n\n\n\n<p><\/p>\n\n\n\n<p><\/p>\n\n\n\n<p><\/p>\n\n\n\n<p><\/p>\n\n\n\n<p><\/p>\n\n\n\n<p><\/p>\n\n\n\n<p><\/p>\n\n\n\n<p><\/p>\n","protected":false},"excerpt":{"rendered":"<p>Pod koniec czerwca miejscy radni przeg\u0142osowali uchwa\u0142\u0119, kt\u00f3ra po\u0142\u0105czy r\u00f3\u017cne wroc\u0142awskie instytucji kultury. Zmiany obejm\u0105 m.in. po\u0142\u0105czenie Centrum Kultury &#8222;Zamek&#8221; w Le\u015bnicy z O\u015brodkiem Postaw Tw\u00f3rczych przy ul. Dzia\u0142kowej na Gaju.<\/p>\n","protected":false},"author":1,"featured_media":13652,"comment_status":"open","ping_status":"open","sticky":false,"template":"","format":"standard","meta":{"footnotes":""},"categories":[14],"tags":[1648,251,112,1650,1647,699,1646,1649],"class_list":["post-13650","post","type-post","status-publish","format-standard","has-post-thumbnail","hentry","category-aktualnosci","tag-ck-zamek","tag-dzialkowa","tag-gaj","tag-kultura-gaj","tag-lesnica","tag-opt-gaj","tag-osrodek-postaw-tworzych","tag-zamek"],"_links":{"self":[{"href":"https:\/\/online.tvk-gaj.pl\/index.php?rest_route=\/wp\/v2\/posts\/13650","targetHints":{"allow":["GET"]}}],"collection":[{"href":"https:\/\/online.tvk-gaj.pl\/index.php?rest_route=\/wp\/v2\/posts"}],"about":[{"href":"https:\/\/online.tvk-gaj.pl\/index.php?rest_route=\/wp\/v2\/types\/post"}],"author":[{"embeddable":true,"href":"https:\/\/online.tvk-gaj.pl\/index.php?rest_route=\/wp\/v2\/users\/1"}],"replies":[{"embeddable":true,"href":"https:\/\/online.tvk-gaj.pl\/index.php?rest_route=%2Fwp%2Fv2%2Fcomments&post=13650"}],"version-history":[{"count":3,"href":"https:\/\/online.tvk-gaj.pl\/index.php?rest_route=\/wp\/v2\/posts\/13650\/revisions"}],"predecessor-version":[{"id":13657,"href":"https:\/\/online.tvk-gaj.pl\/index.php?rest_route=\/wp\/v2\/posts\/13650\/revisions\/13657"}],"wp:featuredmedia":[{"embeddable":true,"href":"https:\/\/online.tvk-gaj.pl\/index.php?rest_route=\/wp\/v2\/media\/13652"}],"wp:attachment":[{"href":"https:\/\/online.tvk-gaj.pl\/index.php?rest_route=%2Fwp%2Fv2%2Fmedia&parent=13650"}],"wp:term":[{"taxonomy":"category","embeddable":true,"href":"https:\/\/online.tvk-gaj.pl\/index.php?rest_route=%2Fwp%2Fv2%2Fcategories&post=13650"},{"taxonomy":"post_tag","embeddable":true,"href":"https:\/\/online.tvk-gaj.pl\/index.php?rest_route=%2Fwp%2Fv2%2Ftags&post=13650"}],"curies":[{"name":"wp","href":"https:\/\/api.w.org\/{rel}","templated":true}]}}