{"id":13658,"date":"2022-07-03T20:36:00","date_gmt":"2022-07-03T18:36:00","guid":{"rendered":"http:\/\/www.tvk-gaj.pl\/~gajonline\/?p=13658"},"modified":"2022-07-05T20:42:27","modified_gmt":"2022-07-05T18:42:27","slug":"wspolna-przejazdzka-po-promenadzie-krzyckiej","status":"publish","type":"post","link":"https:\/\/online.tvk-gaj.pl\/?p=13658","title":{"rendered":"Wsp\u00f3lna przeja\u017cd\u017cka po Promenadzie Krzyckiej"},"content":{"rendered":"\n<p>Zapraszamy w dniu 6 lipca, na godzin\u0119 14:00, na przeja\u017cd\u017ck\u0119 rowerow\u0105 po Promenadzie Krzyckiej zorganizowan\u0105 przez Zarz\u0105d Dr\u00f3g i Utrzymania Miasta. <\/p>\n\n\n\n<!--more-->\n\n\n\n<p><\/p>\n\n\n\n<p><\/p>\n\n\n\n<p><\/p>\n\n\n\n<p>Zapraszamy na przeja\u017cd\u017ck\u0119 rowerow\u0105 po Promenadzie Krzyckiej! Trasa wiedzie przez osiedla Borek, Gaj i Tarnogaj i stanowi \u015bwietn\u0105 okazj\u0119 do poznania historii tzw. Promenady Krzyckiej, czyli pieszo-rowerowej obwodnicy Wroc\u0142awia. <\/p>\n\n\n\n<p><\/p>\n\n\n\n<p><\/p>\n\n\n\n<figure class=\"wp-block-image size-large\"><img loading=\"lazy\" decoding=\"async\" width=\"1024\" height=\"536\" src=\"http:\/\/www.tvk-gaj.pl\/~gajonline\/wp-content\/uploads\/2022\/07\/rowerpromenada-1024x536.jpeg\" alt=\"\" class=\"wp-image-13659\" srcset=\"https:\/\/online.tvk-gaj.pl\/wp-content\/uploads\/2022\/07\/rowerpromenada-1024x536.jpeg 1024w, https:\/\/online.tvk-gaj.pl\/wp-content\/uploads\/2022\/07\/rowerpromenada-300x157.jpeg 300w, https:\/\/online.tvk-gaj.pl\/wp-content\/uploads\/2022\/07\/rowerpromenada-768x402.jpeg 768w, https:\/\/online.tvk-gaj.pl\/wp-content\/uploads\/2022\/07\/rowerpromenada.jpeg 1200w\" sizes=\"auto, (max-width: 1024px) 100vw, 1024px\" \/><\/figure>\n\n\n\n<p><\/p>\n\n\n\n<p><\/p>\n\n\n\n<p><\/p>\n\n\n\n<p>Podczas wydarzenia o Promenadzie Krzyckiej opowiedz\u0105 zaproszeni go\u015bcie: pani Agnieszka Dusza, liderka projektu WBO, pan \u0141ukasz Dworniczak, autor koncepcji rewaloryzacji Promenady Krzyckiej we Wroc\u0142awiu oraz\u00a0przedstawiciele magistratu i ZDiUM.<br><\/p>\n\n\n\n<p>Przejazd zako\u0144czy si\u0119 przy Wzg\u00f3rzu Tarnogajskim, gdzie w strefie relaksu\u00a0\u00a0b\u0119dzie mo\u017cna spr\u00f3bowa\u0107 wroc\u0142awskiej kran\u00f3wki i lemoniady!<\/p>\n\n\n\n<p><\/p>\n\n\n\n<p><\/p>\n\n\n\n<figure class=\"wp-block-image size-full\"><img loading=\"lazy\" decoding=\"async\" width=\"688\" height=\"960\" src=\"http:\/\/www.tvk-gaj.pl\/~gajonline\/wp-content\/uploads\/2022\/07\/rowerpromenada2.jpeg\" alt=\"\" class=\"wp-image-13660\" srcset=\"https:\/\/online.tvk-gaj.pl\/wp-content\/uploads\/2022\/07\/rowerpromenada2.jpeg 688w, https:\/\/online.tvk-gaj.pl\/wp-content\/uploads\/2022\/07\/rowerpromenada2-215x300.jpeg 215w\" sizes=\"auto, (max-width: 688px) 100vw, 688px\" \/><\/figure>\n\n\n\n<p><\/p>\n\n\n\n<p><\/p>\n\n\n\n<p>Serdecznie zapraszamy i do zobaczenia na trasie:)<\/p>\n\n\n\n<p><\/p>\n\n\n\n<p><\/p>\n\n\n\n<p><\/p>\n","protected":false},"excerpt":{"rendered":"<p>Zapraszamy w dniu 6 lipca, na godzin\u0119 14:00, na przeja\u017cd\u017ck\u0119 rowerow\u0105 po Promenadzie Krzyckiej zorganizowan\u0105 przez Zarz\u0105d Dr\u00f3g i Utrzymania Miasta.<\/p>\n","protected":false},"author":1,"featured_media":13042,"comment_status":"open","ping_status":"open","sticky":false,"template":"","format":"standard","meta":{"footnotes":""},"categories":[14],"tags":[112,1009,354,523,1651],"class_list":["post-13658","post","type-post","status-publish","format-standard","has-post-thumbnail","hentry","category-aktualnosci","tag-gaj","tag-promenada-krzycka","tag-rower","tag-rowery","tag-sciezka-rowerowa-gaj"],"_links":{"self":[{"href":"https:\/\/online.tvk-gaj.pl\/index.php?rest_route=\/wp\/v2\/posts\/13658","targetHints":{"allow":["GET"]}}],"collection":[{"href":"https:\/\/online.tvk-gaj.pl\/index.php?rest_route=\/wp\/v2\/posts"}],"about":[{"href":"https:\/\/online.tvk-gaj.pl\/index.php?rest_route=\/wp\/v2\/types\/post"}],"author":[{"embeddable":true,"href":"https:\/\/online.tvk-gaj.pl\/index.php?rest_route=\/wp\/v2\/users\/1"}],"replies":[{"embeddable":true,"href":"https:\/\/online.tvk-gaj.pl\/index.php?rest_route=%2Fwp%2Fv2%2Fcomments&post=13658"}],"version-history":[{"count":2,"href":"https:\/\/online.tvk-gaj.pl\/index.php?rest_route=\/wp\/v2\/posts\/13658\/revisions"}],"predecessor-version":[{"id":13663,"href":"https:\/\/online.tvk-gaj.pl\/index.php?rest_route=\/wp\/v2\/posts\/13658\/revisions\/13663"}],"wp:featuredmedia":[{"embeddable":true,"href":"https:\/\/online.tvk-gaj.pl\/index.php?rest_route=\/wp\/v2\/media\/13042"}],"wp:attachment":[{"href":"https:\/\/online.tvk-gaj.pl\/index.php?rest_route=%2Fwp%2Fv2%2Fmedia&parent=13658"}],"wp:term":[{"taxonomy":"category","embeddable":true,"href":"https:\/\/online.tvk-gaj.pl\/index.php?rest_route=%2Fwp%2Fv2%2Fcategories&post=13658"},{"taxonomy":"post_tag","embeddable":true,"href":"https:\/\/online.tvk-gaj.pl\/index.php?rest_route=%2Fwp%2Fv2%2Ftags&post=13658"}],"curies":[{"name":"wp","href":"https:\/\/api.w.org\/{rel}","templated":true}]}}