{"id":13664,"date":"2022-07-06T21:54:00","date_gmt":"2022-07-06T19:54:00","guid":{"rendered":"http:\/\/www.tvk-gaj.pl\/~gajonline\/?p=13664"},"modified":"2022-07-07T22:35:16","modified_gmt":"2022-07-07T20:35:16","slug":"fotorelacja-z-otwarcia-nowego-odcinka-promenady-krzyckiej","status":"publish","type":"post","link":"https:\/\/online.tvk-gaj.pl\/?p=13664","title":{"rendered":"Fotorelacja z otwarcia nowego odcinka Promenady Krzyckiej"},"content":{"rendered":"\n<p>Wraz z Prezydent Wroc\u0142awia Jacek Sutryk oraz Zarz\u0105d Dr\u00f3g i Utrzymania Miasta we Wroc\u0142awiu towarzyszyli\u015bmy w otwarciu nowego odcinka rowerowego Promenady Krzyckiej.<\/p>\n\n\n\n<!--more-->\n\n\n\n<p><\/p>\n\n\n\n<p><\/p>\n\n\n\n<p><\/p>\n\n\n\n<figure class=\"wp-block-image size-large\"><img loading=\"lazy\" decoding=\"async\" width=\"1024\" height=\"768\" src=\"http:\/\/www.tvk-gaj.pl\/~gajonline\/wp-content\/uploads\/2022\/07\/30b5b56e-7c77-4c0c-9f6a-43e63047c4ee-1-1024x768.jpg\" alt=\"\" class=\"wp-image-13677\" srcset=\"https:\/\/online.tvk-gaj.pl\/wp-content\/uploads\/2022\/07\/30b5b56e-7c77-4c0c-9f6a-43e63047c4ee-1-1024x768.jpg 1024w, https:\/\/online.tvk-gaj.pl\/wp-content\/uploads\/2022\/07\/30b5b56e-7c77-4c0c-9f6a-43e63047c4ee-1-300x225.jpg 300w, https:\/\/online.tvk-gaj.pl\/wp-content\/uploads\/2022\/07\/30b5b56e-7c77-4c0c-9f6a-43e63047c4ee-1-768x576.jpg 768w, https:\/\/online.tvk-gaj.pl\/wp-content\/uploads\/2022\/07\/30b5b56e-7c77-4c0c-9f6a-43e63047c4ee-1-1536x1152.jpg 1536w, https:\/\/online.tvk-gaj.pl\/wp-content\/uploads\/2022\/07\/30b5b56e-7c77-4c0c-9f6a-43e63047c4ee-1.jpg 2000w\" sizes=\"auto, (max-width: 1024px) 100vw, 1024px\" \/><\/figure>\n\n\n\n<p><\/p>\n\n\n\n<p><\/p>\n\n\n\n<p>Wsp\u00f3lna przeja\u017cd\u017cka rowerowa w towarzystwie Prezydenta Miasta, przedstawicieli magistratu oraz ZDiUM i MPWiK po\u0142\u0105czona by\u0142a z om\u00f3wieniem post\u0119p\u00f3w prac na trasie Promenady.<\/p>\n\n\n\n<p><\/p>\n\n\n\n<p><\/p>\n\n\n\n<figure class=\"wp-block-image size-large\"><img loading=\"lazy\" decoding=\"async\" width=\"1024\" height=\"768\" src=\"http:\/\/www.tvk-gaj.pl\/~gajonline\/wp-content\/uploads\/2022\/07\/ceb24d17-7628-43f6-a233-0b45c318291d-1024x768.jpg\" alt=\"\" class=\"wp-image-13676\" srcset=\"https:\/\/online.tvk-gaj.pl\/wp-content\/uploads\/2022\/07\/ceb24d17-7628-43f6-a233-0b45c318291d-1024x768.jpg 1024w, https:\/\/online.tvk-gaj.pl\/wp-content\/uploads\/2022\/07\/ceb24d17-7628-43f6-a233-0b45c318291d-300x225.jpg 300w, https:\/\/online.tvk-gaj.pl\/wp-content\/uploads\/2022\/07\/ceb24d17-7628-43f6-a233-0b45c318291d-768x576.jpg 768w, https:\/\/online.tvk-gaj.pl\/wp-content\/uploads\/2022\/07\/ceb24d17-7628-43f6-a233-0b45c318291d-1536x1152.jpg 1536w, https:\/\/online.tvk-gaj.pl\/wp-content\/uploads\/2022\/07\/ceb24d17-7628-43f6-a233-0b45c318291d.jpg 2000w\" sizes=\"auto, (max-width: 1024px) 100vw, 1024px\" \/><\/figure>\n\n\n\n<p><\/p>\n\n\n\n<p><\/p>\n\n\n\n<p>Przeja\u017cd\u017cka zako\u0144czy\u0142a si\u0119 piknikiem na Tarnogaju, gdzie mo\u017cna by\u0142o odpocz\u0105\u0107 na le\u017cakach i napi\u0107 si\u0119 wroc\u0142awskiej kran\u00f3wki. <\/p>\n\n\n\n<p><\/p>\n\n\n\n<p><\/p>\n\n\n\n<figure class=\"wp-block-image size-large\"><img loading=\"lazy\" decoding=\"async\" width=\"1024\" height=\"768\" src=\"http:\/\/www.tvk-gaj.pl\/~gajonline\/wp-content\/uploads\/2022\/07\/9d7a6149-1303-4219-8832-69c937b2e398-2-1024x768.jpg\" alt=\"\" class=\"wp-image-13667\" srcset=\"https:\/\/online.tvk-gaj.pl\/wp-content\/uploads\/2022\/07\/9d7a6149-1303-4219-8832-69c937b2e398-2-1024x768.jpg 1024w, https:\/\/online.tvk-gaj.pl\/wp-content\/uploads\/2022\/07\/9d7a6149-1303-4219-8832-69c937b2e398-2-300x225.jpg 300w, https:\/\/online.tvk-gaj.pl\/wp-content\/uploads\/2022\/07\/9d7a6149-1303-4219-8832-69c937b2e398-2-768x576.jpg 768w, https:\/\/online.tvk-gaj.pl\/wp-content\/uploads\/2022\/07\/9d7a6149-1303-4219-8832-69c937b2e398-2-1536x1152.jpg 1536w, https:\/\/online.tvk-gaj.pl\/wp-content\/uploads\/2022\/07\/9d7a6149-1303-4219-8832-69c937b2e398-2.jpg 2000w\" sizes=\"auto, (max-width: 1024px) 100vw, 1024px\" \/><\/figure>\n\n\n\n<p><\/p>\n\n\n\n<p><\/p>\n\n\n\n<p>Nowo otwarty odcinek znajduje si\u0119 na Tarnogaju i jest przed\u0142u\u017ceniem odcinka biegn\u0105cego przez Gaj. <\/p>\n\n\n\n<p><\/p>\n\n\n\n<p><\/p>\n\n\n\n<figure class=\"wp-block-image size-large\"><img loading=\"lazy\" decoding=\"async\" width=\"1024\" height=\"768\" src=\"http:\/\/www.tvk-gaj.pl\/~gajonline\/wp-content\/uploads\/2022\/07\/7544c968-4f2b-48fa-96f6-ecede679ed93-2-1024x768.jpg\" alt=\"\" class=\"wp-image-13678\" srcset=\"https:\/\/online.tvk-gaj.pl\/wp-content\/uploads\/2022\/07\/7544c968-4f2b-48fa-96f6-ecede679ed93-2-1024x768.jpg 1024w, https:\/\/online.tvk-gaj.pl\/wp-content\/uploads\/2022\/07\/7544c968-4f2b-48fa-96f6-ecede679ed93-2-300x225.jpg 300w, https:\/\/online.tvk-gaj.pl\/wp-content\/uploads\/2022\/07\/7544c968-4f2b-48fa-96f6-ecede679ed93-2-768x576.jpg 768w, https:\/\/online.tvk-gaj.pl\/wp-content\/uploads\/2022\/07\/7544c968-4f2b-48fa-96f6-ecede679ed93-2-1536x1152.jpg 1536w, https:\/\/online.tvk-gaj.pl\/wp-content\/uploads\/2022\/07\/7544c968-4f2b-48fa-96f6-ecede679ed93-2.jpg 2000w\" sizes=\"auto, (max-width: 1024px) 100vw, 1024px\" \/><\/figure>\n\n\n\n<p><\/p>\n\n\n\n<p><\/p>\n\n\n\n<p>D\u0142ugo\u015b\u0107 odcinka na Gaju (czyli Spiska-Bardzka) wynosi 1 855 metr\u00f3w. Przyjmijmy, \u017ce Promenada Krzycka to pieszo-rowerowa trasa biegn\u0105ca historycznym planem Hugo Richtera wzd\u0142u\u017c nasypu kolejowego od ulicy Grabiszy\u0144skiej do ul. Gazowej na granicy Tarnogaju i Brochowa. <\/p>\n\n\n\n<p><\/p>\n\n\n\n<p><\/p>\n\n\n\n<p><\/p>\n\n\n\n<figure class=\"wp-block-image size-large\"><img loading=\"lazy\" decoding=\"async\" width=\"757\" height=\"1024\" src=\"http:\/\/www.tvk-gaj.pl\/~gajonline\/wp-content\/uploads\/2022\/07\/23183a22-7cc7-4151-9a07-d890a611bb06-1-757x1024.jpg\" alt=\"\" class=\"wp-image-13675\" srcset=\"https:\/\/online.tvk-gaj.pl\/wp-content\/uploads\/2022\/07\/23183a22-7cc7-4151-9a07-d890a611bb06-1-757x1024.jpg 757w, https:\/\/online.tvk-gaj.pl\/wp-content\/uploads\/2022\/07\/23183a22-7cc7-4151-9a07-d890a611bb06-1-222x300.jpg 222w, https:\/\/online.tvk-gaj.pl\/wp-content\/uploads\/2022\/07\/23183a22-7cc7-4151-9a07-d890a611bb06-1-768x1039.jpg 768w, https:\/\/online.tvk-gaj.pl\/wp-content\/uploads\/2022\/07\/23183a22-7cc7-4151-9a07-d890a611bb06-1-1135x1536.jpg 1135w, https:\/\/online.tvk-gaj.pl\/wp-content\/uploads\/2022\/07\/23183a22-7cc7-4151-9a07-d890a611bb06-1.jpg 1422w\" sizes=\"auto, (max-width: 757px) 100vw, 757px\" \/><\/figure>\n\n\n\n<p><\/p>\n\n\n\n<p><\/p>\n\n\n\n<p>Ca\u0142a tzw. rowerowa obwodnica Wroc\u0142awia ma d\u0142ugo\u015b\u0107 ponad 7km, ale obecnie oddanych do u\u017cytku jest oko\u0142o 3km bitumicznych \u015bcie\u017cek wyposa\u017conych m.in. w o\u015bwietlenie, kosze na \u015bmieci, \u0142awki oraz nasadzenia wzd\u0142u\u017c drogi.<\/p>\n\n\n\n<p><\/p>\n\n\n\n<figure class=\"wp-block-image size-large\"><img loading=\"lazy\" decoding=\"async\" width=\"1024\" height=\"768\" src=\"http:\/\/www.tvk-gaj.pl\/~gajonline\/wp-content\/uploads\/2022\/07\/f16a987e-8a02-41d6-a7ce-5e4c743eea88-1024x768.jpg\" alt=\"\" class=\"wp-image-13669\" srcset=\"https:\/\/online.tvk-gaj.pl\/wp-content\/uploads\/2022\/07\/f16a987e-8a02-41d6-a7ce-5e4c743eea88-1024x768.jpg 1024w, https:\/\/online.tvk-gaj.pl\/wp-content\/uploads\/2022\/07\/f16a987e-8a02-41d6-a7ce-5e4c743eea88-300x225.jpg 300w, https:\/\/online.tvk-gaj.pl\/wp-content\/uploads\/2022\/07\/f16a987e-8a02-41d6-a7ce-5e4c743eea88-768x576.jpg 768w, https:\/\/online.tvk-gaj.pl\/wp-content\/uploads\/2022\/07\/f16a987e-8a02-41d6-a7ce-5e4c743eea88-1536x1152.jpg 1536w, https:\/\/online.tvk-gaj.pl\/wp-content\/uploads\/2022\/07\/f16a987e-8a02-41d6-a7ce-5e4c743eea88.jpg 2000w\" sizes=\"auto, (max-width: 1024px) 100vw, 1024px\" \/><\/figure>\n\n\n\n<p><\/p>\n\n\n\n<p><\/p>\n\n\n\n<p>Pogoda i dobra atmosfera dopisa\u0142y, czego potwierdzeniem jest <a rel=\"noreferrer noopener\" href=\"https:\/\/facebook.com\/osiedlegaj\" target=\"_blank\">kr\u00f3tka fotorelacja na naszym facebookowym profilu<\/a>\ud83d\ude42<\/p>\n\n\n\n<p><\/p>\n\n\n\n<p><\/p>\n\n\n\n<p><\/p>\n\n\n\n<p><\/p>\n\n\n\n<p><\/p>\n\n\n\n<p><\/p>\n","protected":false},"excerpt":{"rendered":"<p>Wraz z Prezydent Wroc\u0142awia Jacek Sutryk oraz Zarz\u0105d Dr\u00f3g i Utrzymania Miasta we Wroc\u0142awiu towarzyszyli\u015bmy w otwarciu nowego odcinka rowerowego Promenady Krzyckiej.<\/p>\n","protected":false},"author":1,"featured_media":13665,"comment_status":"open","ping_status":"open","sticky":false,"template":"","format":"standard","meta":{"footnotes":""},"categories":[14,12],"tags":[],"class_list":["post-13664","post","type-post","status-publish","format-standard","has-post-thumbnail","hentry","category-aktualnosci","category-artykuly"],"_links":{"self":[{"href":"https:\/\/online.tvk-gaj.pl\/index.php?rest_route=\/wp\/v2\/posts\/13664","targetHints":{"allow":["GET"]}}],"collection":[{"href":"https:\/\/online.tvk-gaj.pl\/index.php?rest_route=\/wp\/v2\/posts"}],"about":[{"href":"https:\/\/online.tvk-gaj.pl\/index.php?rest_route=\/wp\/v2\/types\/post"}],"author":[{"embeddable":true,"href":"https:\/\/online.tvk-gaj.pl\/index.php?rest_route=\/wp\/v2\/users\/1"}],"replies":[{"embeddable":true,"href":"https:\/\/online.tvk-gaj.pl\/index.php?rest_route=%2Fwp%2Fv2%2Fcomments&post=13664"}],"version-history":[{"count":4,"href":"https:\/\/online.tvk-gaj.pl\/index.php?rest_route=\/wp\/v2\/posts\/13664\/revisions"}],"predecessor-version":[{"id":13679,"href":"https:\/\/online.tvk-gaj.pl\/index.php?rest_route=\/wp\/v2\/posts\/13664\/revisions\/13679"}],"wp:featuredmedia":[{"embeddable":true,"href":"https:\/\/online.tvk-gaj.pl\/index.php?rest_route=\/wp\/v2\/media\/13665"}],"wp:attachment":[{"href":"https:\/\/online.tvk-gaj.pl\/index.php?rest_route=%2Fwp%2Fv2%2Fmedia&parent=13664"}],"wp:term":[{"taxonomy":"category","embeddable":true,"href":"https:\/\/online.tvk-gaj.pl\/index.php?rest_route=%2Fwp%2Fv2%2Fcategories&post=13664"},{"taxonomy":"post_tag","embeddable":true,"href":"https:\/\/online.tvk-gaj.pl\/index.php?rest_route=%2Fwp%2Fv2%2Ftags&post=13664"}],"curies":[{"name":"wp","href":"https:\/\/api.w.org\/{rel}","templated":true}]}}