{"id":13680,"date":"2022-07-08T20:07:00","date_gmt":"2022-07-08T18:07:00","guid":{"rendered":"http:\/\/www.tvk-gaj.pl\/~gajonline\/?p=13680"},"modified":"2022-07-10T20:14:03","modified_gmt":"2022-07-10T18:14:03","slug":"operetka-w-parku-slonecznym","status":"publish","type":"post","link":"https:\/\/online.tvk-gaj.pl\/?p=13680","title":{"rendered":"Operetka w Parku S\u0142onecznym!"},"content":{"rendered":"\n<p>Kr\u00f3tka fotorelacja z koncertu w Parku S\u0142onecznym. Muzyka lat 20 i 30 w wykonaniu Operetki Wroc\u0142awskiej na wynos, na Gaju.<\/p>\n\n\n\n<!--more-->\n\n\n\n<p><\/p>\n\n\n\n<p><\/p>\n\n\n\n<p><\/p>\n\n\n\n<figure class=\"wp-block-image size-full\"><img loading=\"lazy\" decoding=\"async\" width=\"960\" height=\"510\" src=\"http:\/\/www.tvk-gaj.pl\/~gajonline\/wp-content\/uploads\/2022\/07\/operetka.jpeg\" alt=\"\" class=\"wp-image-13695\" srcset=\"https:\/\/online.tvk-gaj.pl\/wp-content\/uploads\/2022\/07\/operetka.jpeg 960w, https:\/\/online.tvk-gaj.pl\/wp-content\/uploads\/2022\/07\/operetka-300x159.jpeg 300w, https:\/\/online.tvk-gaj.pl\/wp-content\/uploads\/2022\/07\/operetka-768x408.jpeg 768w\" sizes=\"auto, (max-width: 960px) 100vw, 960px\" \/><\/figure>\n\n\n\n<p><\/p>\n\n\n\n<p><\/p>\n\n\n\n<p><\/p>\n\n\n\n<p><\/p>\n\n\n\n<p>W dniu 7 lipca 2022r., o godz.17.00, w parku S\u0142onecznym na Gaju odby\u0142 si\u0119 pi\u0119kny koncert artyst\u00f3w Operetki Wroc\u0142awskiej.  Koncert pod tytu\u0142em lata 20 i 30 . <\/p>\n\n\n\n<p><\/p>\n\n\n\n<p>Koncert wsp\u00f3\u0142finansowany by\u0142 ze \u015brodk\u00f3w bud\u017cetu Gminy Wroc\u0142aw. <\/p>\n\n\n\n<p><\/p>\n\n\n\n<p><\/p>\n\n\n\n<p><\/p>\n\n\n\n<p><\/p>\n\n\n\n<p><strong>Fotorelacja z koncertu:<\/strong><\/p>\n\n\n\n[ngg src=&#8221;galleries&#8221; ids=&#8221;125&#8243; display=&#8221;basic_thumbnail&#8221; thumbnail_crop=&#8221;0&#8243;]\n\n\n\n<p><\/p>\n\n\n\n<p><\/p>\n\n\n\n<p><\/p>\n\n\n\n<p><\/p>\n","protected":false},"excerpt":{"rendered":"<p>Kr\u00f3tka fotorelacja z koncertu w Parku S\u0142onecznym. Muzyka lat 20 i 30 w wykonaniu Operetki Wroc\u0142awskiej na wynos, na Gaju.<\/p>\n","protected":false},"author":1,"featured_media":13694,"comment_status":"open","ping_status":"open","sticky":false,"template":"","format":"standard","meta":{"footnotes":""},"categories":[14],"tags":[1645,1652,128,1653],"class_list":["post-13680","post","type-post","status-publish","format-standard","has-post-thumbnail","hentry","category-aktualnosci","tag-operetka","tag-operetka-na-gaju","tag-park-sloneczny","tag-park-sloneczny-operetka-w-parku-slonecznym-na-gaju"],"_links":{"self":[{"href":"https:\/\/online.tvk-gaj.pl\/index.php?rest_route=\/wp\/v2\/posts\/13680","targetHints":{"allow":["GET"]}}],"collection":[{"href":"https:\/\/online.tvk-gaj.pl\/index.php?rest_route=\/wp\/v2\/posts"}],"about":[{"href":"https:\/\/online.tvk-gaj.pl\/index.php?rest_route=\/wp\/v2\/types\/post"}],"author":[{"embeddable":true,"href":"https:\/\/online.tvk-gaj.pl\/index.php?rest_route=\/wp\/v2\/users\/1"}],"replies":[{"embeddable":true,"href":"https:\/\/online.tvk-gaj.pl\/index.php?rest_route=%2Fwp%2Fv2%2Fcomments&post=13680"}],"version-history":[{"count":4,"href":"https:\/\/online.tvk-gaj.pl\/index.php?rest_route=\/wp\/v2\/posts\/13680\/revisions"}],"predecessor-version":[{"id":13700,"href":"https:\/\/online.tvk-gaj.pl\/index.php?rest_route=\/wp\/v2\/posts\/13680\/revisions\/13700"}],"wp:featuredmedia":[{"embeddable":true,"href":"https:\/\/online.tvk-gaj.pl\/index.php?rest_route=\/wp\/v2\/media\/13694"}],"wp:attachment":[{"href":"https:\/\/online.tvk-gaj.pl\/index.php?rest_route=%2Fwp%2Fv2%2Fmedia&parent=13680"}],"wp:term":[{"taxonomy":"category","embeddable":true,"href":"https:\/\/online.tvk-gaj.pl\/index.php?rest_route=%2Fwp%2Fv2%2Fcategories&post=13680"},{"taxonomy":"post_tag","embeddable":true,"href":"https:\/\/online.tvk-gaj.pl\/index.php?rest_route=%2Fwp%2Fv2%2Ftags&post=13680"}],"curies":[{"name":"wp","href":"https:\/\/api.w.org\/{rel}","templated":true}]}}