{"id":13701,"date":"2022-07-11T19:47:35","date_gmt":"2022-07-11T17:47:35","guid":{"rendered":"http:\/\/www.tvk-gaj.pl\/~gajonline\/?p=13701"},"modified":"2022-07-11T19:50:44","modified_gmt":"2022-07-11T17:50:44","slug":"rusza-tegoroczna-edycja-sportowego-gaju","status":"publish","type":"post","link":"https:\/\/online.tvk-gaj.pl\/?p=13701","title":{"rendered":"Rusza tegoroczna edycja Sportowego Gaju!"},"content":{"rendered":"\n<p>Przedstawiamy terminarz i harmonogram &#8222;Sportowego Gaju 2022&#8221;<\/p>\n\n\n\n<!--more-->\n\n\n\n<p><\/p>\n\n\n\n<p>&#8222;Sportowy Gaj&#8221; to cykliczne wydarzenie na Gaju promuj\u0105ce sport i zabaw\u0119 na \u015bwie\u017cym powietrzu dla dzieci i rodzic\u00f3w. <\/p>\n\n\n\n<p><\/p>\n\n\n\n<p>Wszystkie zaj\u0119cia w ramach inicjatywy s\u0105 bezp\u0142atne. <\/p>\n\n\n\n<p><\/p>\n\n\n\n<p><\/p>\n\n\n\n<p><\/p>\n\n\n\n<figure class=\"wp-block-image size-large\"><img loading=\"lazy\" decoding=\"async\" width=\"724\" height=\"1024\" src=\"http:\/\/www.tvk-gaj.pl\/~gajonline\/wp-content\/uploads\/2022\/07\/sg22a3plakat-724x1024.jpg\" alt=\"\" class=\"wp-image-13703\" srcset=\"https:\/\/online.tvk-gaj.pl\/wp-content\/uploads\/2022\/07\/sg22a3plakat-724x1024.jpg 724w, https:\/\/online.tvk-gaj.pl\/wp-content\/uploads\/2022\/07\/sg22a3plakat-212x300.jpg 212w, https:\/\/online.tvk-gaj.pl\/wp-content\/uploads\/2022\/07\/sg22a3plakat-768x1087.jpg 768w, https:\/\/online.tvk-gaj.pl\/wp-content\/uploads\/2022\/07\/sg22a3plakat.jpg 841w\" sizes=\"auto, (max-width: 724px) 100vw, 724px\" \/><\/figure>\n\n\n\n<p><\/p>\n\n\n\n<p><\/p>\n\n\n\n<p><\/p>\n\n\n\n<figure class=\"wp-block-image size-large\"><img loading=\"lazy\" decoding=\"async\" width=\"723\" height=\"1024\" src=\"http:\/\/www.tvk-gaj.pl\/~gajonline\/wp-content\/uploads\/2022\/07\/sg22a4dwustronne1-723x1024.jpg\" alt=\"\" class=\"wp-image-13706\" srcset=\"https:\/\/online.tvk-gaj.pl\/wp-content\/uploads\/2022\/07\/sg22a4dwustronne1-723x1024.jpg 723w, https:\/\/online.tvk-gaj.pl\/wp-content\/uploads\/2022\/07\/sg22a4dwustronne1-212x300.jpg 212w, https:\/\/online.tvk-gaj.pl\/wp-content\/uploads\/2022\/07\/sg22a4dwustronne1-768x1087.jpg 768w, https:\/\/online.tvk-gaj.pl\/wp-content\/uploads\/2022\/07\/sg22a4dwustronne1.jpg 876w\" sizes=\"auto, (max-width: 723px) 100vw, 723px\" \/><\/figure>\n\n\n\n<p><\/p>\n\n\n\n<p><\/p>\n\n\n\n<figure class=\"wp-block-image size-large\"><img loading=\"lazy\" decoding=\"async\" width=\"723\" height=\"1024\" src=\"http:\/\/www.tvk-gaj.pl\/~gajonline\/wp-content\/uploads\/2022\/07\/sg22a4dwustronne2-723x1024.jpg\" alt=\"\" class=\"wp-image-13707\" srcset=\"https:\/\/online.tvk-gaj.pl\/wp-content\/uploads\/2022\/07\/sg22a4dwustronne2-723x1024.jpg 723w, https:\/\/online.tvk-gaj.pl\/wp-content\/uploads\/2022\/07\/sg22a4dwustronne2-212x300.jpg 212w, https:\/\/online.tvk-gaj.pl\/wp-content\/uploads\/2022\/07\/sg22a4dwustronne2-768x1088.jpg 768w, https:\/\/online.tvk-gaj.pl\/wp-content\/uploads\/2022\/07\/sg22a4dwustronne2.jpg 875w\" sizes=\"auto, (max-width: 723px) 100vw, 723px\" \/><\/figure>\n\n\n\n<p><\/p>\n\n\n\n<p><\/p>\n\n\n\n<p><\/p>\n\n\n\n<p>Wi\u0119cej informacji dost\u0119pnych na <a href=\"https:\/\/www.facebook.com\/groups\/sportowygaj\" target=\"_blank\" rel=\"noreferrer noopener\">profilu facebookowym Sportowego Gaju<\/a> oraz pod numerem telefonu 500 455 030. <\/p>\n\n\n\n<p><\/p>\n\n\n\n<p><\/p>\n\n\n\n<p><\/p>\n\n\n\n<p><\/p>\n\n\n\n<p><em>Program realizowany we wsp\u00f3\u0142pracy z M\u0142odzie\u017cowym Centrum Sportu we Wroc\u0142awiu oraz Rad\u0119 Osiedla Gaj.<\/em><\/p>\n\n\n\n<p><\/p>\n\n\n\n<p><\/p>\n\n\n\n<p><\/p>\n","protected":false},"excerpt":{"rendered":"<p>Przedstawiamy terminarz i harmonogram &#8222;Sportowego Gaju 2022&#8221;<\/p>\n","protected":false},"author":1,"featured_media":13702,"comment_status":"open","ping_status":"open","sticky":false,"template":"","format":"standard","meta":{"footnotes":""},"categories":[14,12],"tags":[1012,1654,1204,112,1611,135,1370,648,1615,1339],"class_list":["post-13701","post","type-post","status-publish","format-standard","has-post-thumbnail","hentry","category-aktualnosci","category-artykuly","tag-boisko-orzechowa","tag-dzieci-sport-gaj","tag-fundusz-czasu-wolnego","tag-gaj","tag-klub-pilkarski-respect-wroclaw","tag-rada-osiedla-gaj","tag-respect-gaj","tag-sport","tag-sport-na-gaju","tag-sportowy-gaj"],"_links":{"self":[{"href":"https:\/\/online.tvk-gaj.pl\/index.php?rest_route=\/wp\/v2\/posts\/13701","targetHints":{"allow":["GET"]}}],"collection":[{"href":"https:\/\/online.tvk-gaj.pl\/index.php?rest_route=\/wp\/v2\/posts"}],"about":[{"href":"https:\/\/online.tvk-gaj.pl\/index.php?rest_route=\/wp\/v2\/types\/post"}],"author":[{"embeddable":true,"href":"https:\/\/online.tvk-gaj.pl\/index.php?rest_route=\/wp\/v2\/users\/1"}],"replies":[{"embeddable":true,"href":"https:\/\/online.tvk-gaj.pl\/index.php?rest_route=%2Fwp%2Fv2%2Fcomments&post=13701"}],"version-history":[{"count":3,"href":"https:\/\/online.tvk-gaj.pl\/index.php?rest_route=\/wp\/v2\/posts\/13701\/revisions"}],"predecessor-version":[{"id":13711,"href":"https:\/\/online.tvk-gaj.pl\/index.php?rest_route=\/wp\/v2\/posts\/13701\/revisions\/13711"}],"wp:featuredmedia":[{"embeddable":true,"href":"https:\/\/online.tvk-gaj.pl\/index.php?rest_route=\/wp\/v2\/media\/13702"}],"wp:attachment":[{"href":"https:\/\/online.tvk-gaj.pl\/index.php?rest_route=%2Fwp%2Fv2%2Fmedia&parent=13701"}],"wp:term":[{"taxonomy":"category","embeddable":true,"href":"https:\/\/online.tvk-gaj.pl\/index.php?rest_route=%2Fwp%2Fv2%2Fcategories&post=13701"},{"taxonomy":"post_tag","embeddable":true,"href":"https:\/\/online.tvk-gaj.pl\/index.php?rest_route=%2Fwp%2Fv2%2Ftags&post=13701"}],"curies":[{"name":"wp","href":"https:\/\/api.w.org\/{rel}","templated":true}]}}