{"id":13714,"date":"2022-07-20T22:25:16","date_gmt":"2022-07-20T20:25:16","guid":{"rendered":"http:\/\/www.tvk-gaj.pl\/~gajonline\/?p=13714"},"modified":"2022-09-21T00:11:07","modified_gmt":"2022-09-20T22:11:07","slug":"konsultacje-spoleczne-funduszu-osiedlowego-2022-2023","status":"publish","type":"post","link":"https:\/\/online.tvk-gaj.pl\/?p=13714","title":{"rendered":"Konsultacje spo\u0142eczne Funduszu Osiedlowego 2022\/2023"},"content":{"rendered":"\n<p>Zapraszamy do kolejnego etapu konsultacji spo\u0142ecznych po\u015bwi\u0119conych wydatkowaniu \u015brodk\u00f3w  z miejskiego programu &#8222;Funduszu Osiedlowego&#8221; na lata 2022-2023 dla Osiedla Gaj.<\/p>\n\n\n\n<!--more-->\n\n\n\n<p><\/p>\n\n\n\n<p><\/p>\n\n\n\n<figure class=\"wp-block-image size-large\"><img loading=\"lazy\" decoding=\"async\" width=\"1024\" height=\"537\" src=\"http:\/\/www.tvk-gaj.pl\/~gajonline\/wp-content\/uploads\/2022\/07\/fundusz-osiedlowy-2022-1024x537.png\" alt=\"\" class=\"wp-image-13721\" srcset=\"https:\/\/online.tvk-gaj.pl\/wp-content\/uploads\/2022\/07\/fundusz-osiedlowy-2022-1024x537.png 1024w, https:\/\/online.tvk-gaj.pl\/wp-content\/uploads\/2022\/07\/fundusz-osiedlowy-2022-300x157.png 300w, https:\/\/online.tvk-gaj.pl\/wp-content\/uploads\/2022\/07\/fundusz-osiedlowy-2022-768x403.png 768w, https:\/\/online.tvk-gaj.pl\/wp-content\/uploads\/2022\/07\/fundusz-osiedlowy-2022-1536x805.png 1536w, https:\/\/online.tvk-gaj.pl\/wp-content\/uploads\/2022\/07\/fundusz-osiedlowy-2022.png 1681w\" sizes=\"auto, (max-width: 1024px) 100vw, 1024px\" \/><\/figure>\n\n\n\n<p><\/p>\n\n\n\n<p><\/p>\n\n\n\n<p><\/p>\n\n\n\n<p><strong>Czym jest fundusz osiedlowy?<\/strong><\/p>\n\n\n\n<p><\/p>\n\n\n\n<p>Fundusz osiedlowy to (miejskie) narz\u0119dzie umo\u017cliwiaj\u0105ce skuteczne dzia\u0142anie osiedli poprzez <strong>inwestycje s\u0142u\u017c\u0105ce mieszka\u0144com<\/strong> w podnoszeniu jako\u015bci \u017cycia w miejscu ich zamieszkiwania. Tak\u0105 definicj\u0119 funduszu osiedlowego przygotowa\u0142 magistrat tworz\u0105c kolejn\u0105 edycj\u0119 miejskiego projektu przydzielenia bud\u017cetu inwestycyjnego dla ka\u017cdego wroc\u0142awskiego osiedla. <\/p>\n\n\n\n<p><\/p>\n\n\n\n<p><\/p>\n\n\n\n<p><strong>Jakim bud\u017cetem dysponuje Gaj na lata 202<\/strong>2<strong>-2023?<\/strong><\/p>\n\n\n\n<p><\/p>\n\n\n\n<p>Kwota jak\u0105 dysponuje Osiedle Gaj (na lata 2022-2023) to: <strong>994,54 tys. z\u0142.<\/strong><\/p>\n\n\n\n<p><\/p>\n\n\n\n<p><\/p>\n\n\n\n<p><strong>Jak wygl\u0105daj\u0105 konsultacje spo\u0142eczne na Gaju?<\/strong><\/p>\n\n\n\n<p><\/p>\n\n\n\n<p><\/p>\n\n\n\n<figure class=\"wp-block-image size-full\"><img loading=\"lazy\" decoding=\"async\" width=\"940\" height=\"788\" src=\"http:\/\/www.tvk-gaj.pl\/~gajonline\/wp-content\/uploads\/2022\/04\/fundusz-osiedlowy-2022-konsultacje-.png\" alt=\"\" class=\"wp-image-13565\" srcset=\"https:\/\/online.tvk-gaj.pl\/wp-content\/uploads\/2022\/04\/fundusz-osiedlowy-2022-konsultacje-.png 940w, https:\/\/online.tvk-gaj.pl\/wp-content\/uploads\/2022\/04\/fundusz-osiedlowy-2022-konsultacje--300x251.png 300w, https:\/\/online.tvk-gaj.pl\/wp-content\/uploads\/2022\/04\/fundusz-osiedlowy-2022-konsultacje--768x644.png 768w\" sizes=\"auto, (max-width: 940px) 100vw, 940px\" \/><\/figure>\n\n\n\n<p><\/p>\n\n\n\n<p>Konsultacje projekt\u00f3w Funduszu Osiedlowego odbywa\u0107 si\u0119 b\u0119d\u0105 r\u00f3wnolegle w dw\u00f3ch formach (tradycyjnej i elektronicznej) w terminie <strong>do 16 sierpnia 2022r.<\/strong><\/p>\n\n\n\n<p class=\"has-text-align-justify\">Pierwsz\u0105 form\u0105 jest <strong>bezpo\u015brednie zg\u0142oszenie<\/strong> si\u0119 na dy\u017cur radnych osiedlowych do siedziby Rady Osiedla Gaj przy ul. Krynickiej 80 w czwartki w godzinach 18:00-20:00. Dok\u0142adny adres wraz z mapk\u0105 znajduje si\u0119 na naszej stronie w zak\u0142adce <a rel=\"noreferrer noopener\" aria-label=\"kontakt (opens in a new tab)\" href=\"http:\/\/www.tvk-gaj.pl\/~gajonline\/?page_id=182\" target=\"_blank\">kontakt<\/a>. <\/p>\n\n\n\n<p class=\"has-text-align-justify\">Drugim kana\u0142em komunikacji jest poczta elektroniczna, a konkretnie wys\u0142anie e-maila na adres mailowy RO Gaj: <a href=\"gaj@osiedla.wroclaw.pl\">gaj@osiedla.wroclaw.pl <\/a><\/p>\n\n\n\n<p><strong>[AKTUALIZACJA &#8211; OBWIESZCZENIE O KONSULTACJACH]<\/strong><\/p>\n\n\n\n<p>Rada Osiedla Gaj wyd\u0142u\u017ca konsultacje projekt\u00f3w FO od dnia 12 wrze\u015bnia do dnia 18 wrze\u015bnia b.r.<\/p>\n\n\n\n<p><\/p>\n\n\n\n<p><\/p>\n\n\n\n<p><strong>Projekty, kt\u00f3re przesz\u0142y pozytywn\u0105 weryfikacj\u0119 we wcze\u015bniejszych konsultacjach:<\/strong><\/p>\n\n\n\n<p><\/p>\n\n\n\n<p>Po rozmowach z osobami, kt\u00f3re osobi\u015bcie zg\u0142osi\u0142y si\u0119 do Rady Osiedla Gaj, spacerach studyjnych oraz analizie propozycji zg\u0142aszanych drog\u0105 elektroniczn\u0105 mo\u017cna wyodr\u0119bni\u0107 nast\u0119puj\u0105ce propozycje projekt\u00f3w:<\/p>\n\n\n\n<p><\/p>\n\n\n\n<p><\/p>\n\n\n\n<p><strong>&nbsp;&nbsp;&nbsp;&nbsp;&nbsp;&nbsp;&nbsp; 1.Projekt<\/strong> budowy miejsc postojowych na terenie dzia\u0142ki&nbsp; administrowanej przez Wroc\u0142awskie Mieszkania nr 2\/61 \u2013 podw\u00f3rko wewn\u0119trzne- ul. Krynicka 54 ,wzd\u0142u\u017c ul. Bardzkiej do ul. Zmorskiego 2 (za\u0142\u0105cznik nr 1.).Na wskazanym terenie zielonym od kilku lat parkuj\u0105 pojazdy.<\/p>\n\n\n\n<p>Dzia\u0142ka ta s\u0105siaduje z terenem Sp\u00f3\u0142dzielni Budowlani. W zale\u017cno\u015bci od wariantu projektu mo\u017cna tam uzyska\u0107 od 35 do 75 miejsc postojowych dla aut osobowych. Realizuj\u0105c ten projekt wskazana jest te\u017c budowa chodnik\u00f3w , kt\u00f3re nie zosta\u0142y wykonane w ramach WBO 2017.<\/p>\n\n\n\n<p><\/p>\n\n\n\n<p><\/p>\n\n\n\n<figure class=\"wp-block-image size-large\"><img loading=\"lazy\" decoding=\"async\" width=\"675\" height=\"1024\" src=\"http:\/\/www.tvk-gaj.pl\/~gajonline\/wp-content\/uploads\/2022\/07\/Scan-8-Jul-2022-at-18.54-page-1-675x1024.jpg\" alt=\"\" class=\"wp-image-13716\" srcset=\"https:\/\/online.tvk-gaj.pl\/wp-content\/uploads\/2022\/07\/Scan-8-Jul-2022-at-18.54-page-1-675x1024.jpg 675w, https:\/\/online.tvk-gaj.pl\/wp-content\/uploads\/2022\/07\/Scan-8-Jul-2022-at-18.54-page-1-198x300.jpg 198w, https:\/\/online.tvk-gaj.pl\/wp-content\/uploads\/2022\/07\/Scan-8-Jul-2022-at-18.54-page-1-768x1164.jpg 768w, https:\/\/online.tvk-gaj.pl\/wp-content\/uploads\/2022\/07\/Scan-8-Jul-2022-at-18.54-page-1-1013x1536.jpg 1013w, https:\/\/online.tvk-gaj.pl\/wp-content\/uploads\/2022\/07\/Scan-8-Jul-2022-at-18.54-page-1.jpg 1250w\" sizes=\"auto, (max-width: 675px) 100vw, 675px\" \/><\/figure>\n\n\n\n<p><\/p>\n\n\n\n<p><\/p>\n\n\n\n<p><\/p>\n\n\n\n<p>&nbsp;&nbsp;&nbsp;&nbsp; <strong>&nbsp;&nbsp;&nbsp;2.Projekt <\/strong>budowy miejsc postojowych na terenie obecnego trawnika ( teren na kt\u00f3rym teraz faktycznie parkuj\u0105 samochody) usytuowanego przy ul. Orzechowej nr 55-59.Terenem tym zarz\u0105dzaj\u0105 Wroc\u0142awskie Mieszkania ( za\u0142\u0105cznik nr 2). W zale\u017cno\u015bci od wariantu projektu mo\u017cna tam uzyska\u0107 od 15 do 45 miejsc postojowych. Przy realizacji tego projektu mo\u017cna te\u017c zbudowa\u0107 progi zwalniaj\u0105ce o co wnioskuj\u0105 mieszka\u0144cy bram Orzechowa 49,51,53,55.<\/p>\n\n\n\n<p><\/p>\n\n\n\n<p><\/p>\n\n\n\n<figure class=\"wp-block-image size-large\"><img loading=\"lazy\" decoding=\"async\" width=\"1024\" height=\"710\" src=\"http:\/\/www.tvk-gaj.pl\/~gajonline\/wp-content\/uploads\/2022\/07\/Scan-8-Jul-2022-at-18.54-page-2-1-1024x710.jpg\" alt=\"\" class=\"wp-image-13717\" srcset=\"https:\/\/online.tvk-gaj.pl\/wp-content\/uploads\/2022\/07\/Scan-8-Jul-2022-at-18.54-page-2-1-1024x710.jpg 1024w, https:\/\/online.tvk-gaj.pl\/wp-content\/uploads\/2022\/07\/Scan-8-Jul-2022-at-18.54-page-2-1-300x208.jpg 300w, https:\/\/online.tvk-gaj.pl\/wp-content\/uploads\/2022\/07\/Scan-8-Jul-2022-at-18.54-page-2-1-768x533.jpg 768w, https:\/\/online.tvk-gaj.pl\/wp-content\/uploads\/2022\/07\/Scan-8-Jul-2022-at-18.54-page-2-1-1536x1066.jpg 1536w, https:\/\/online.tvk-gaj.pl\/wp-content\/uploads\/2022\/07\/Scan-8-Jul-2022-at-18.54-page-2-1.jpg 2005w\" sizes=\"auto, (max-width: 1024px) 100vw, 1024px\" \/><\/figure>\n\n\n\n<p><\/p>\n\n\n\n<p><\/p>\n\n\n\n<p><strong>&nbsp;&nbsp;&nbsp;&nbsp;&nbsp;&nbsp;&nbsp; 3. Projekt<\/strong> budowy parku i placu zabaw na nieu\u017cytkowanej i zaniedbanej dzia\u0142ce ograniczonej ul. \u015awieradowsk\u0105, Trawn\u0105 i Orzechow\u0105 (za\u0142\u0105cznik nr 2). Teren ten by\u0142 ju\u017c w przesz\u0142o\u015bci zg\u0142aszany do zagospodarowania w ramach WBO&nbsp; ale nie doczeka\u0142 si\u0119 realizacji.<\/p>\n\n\n\n<p><\/p>\n\n\n\n<p><\/p>\n\n\n\n<figure class=\"wp-block-image size-large\"><img loading=\"lazy\" decoding=\"async\" width=\"1024\" height=\"710\" src=\"http:\/\/www.tvk-gaj.pl\/~gajonline\/wp-content\/uploads\/2022\/07\/Scan-8-Jul-2022-at-18.54-page-2-1024x710.jpg\" alt=\"\" class=\"wp-image-13715\" srcset=\"https:\/\/online.tvk-gaj.pl\/wp-content\/uploads\/2022\/07\/Scan-8-Jul-2022-at-18.54-page-2-1024x710.jpg 1024w, https:\/\/online.tvk-gaj.pl\/wp-content\/uploads\/2022\/07\/Scan-8-Jul-2022-at-18.54-page-2-300x208.jpg 300w, https:\/\/online.tvk-gaj.pl\/wp-content\/uploads\/2022\/07\/Scan-8-Jul-2022-at-18.54-page-2-768x533.jpg 768w, https:\/\/online.tvk-gaj.pl\/wp-content\/uploads\/2022\/07\/Scan-8-Jul-2022-at-18.54-page-2-1536x1066.jpg 1536w, https:\/\/online.tvk-gaj.pl\/wp-content\/uploads\/2022\/07\/Scan-8-Jul-2022-at-18.54-page-2.jpg 2005w\" sizes=\"auto, (max-width: 1024px) 100vw, 1024px\" \/><\/figure>\n\n\n\n<p><\/p>\n\n\n\n<p><\/p>\n\n\n\n<p><\/p>\n\n\n\n<p><em>Propozycje opisane w pkt.1 i 2 wychodz\u0105 naprzeciw oczekiwaniom licznej rzeszy mieszka\u0144c\u00f3w. Osiedle cierpi na deficyt miejsc postojowych i na ten cel zaanektowane s\u0105 tereny b\u0119d\u0105ce wcze\u015bniej terenami zielonymi. Wychodzimy z za\u0142o\u017cenia ,\u017ce cz\u0119\u015bciowe ograniczenie okre\u015blonych teren\u00f3w zielonych na rzecz miejsc postojowych spowoduje, i\u017c pozosta\u0142e tereny zielone faktycznie takimi pozostan\u0105 a nie b\u0119d\u0105 tylko&nbsp; tak oznaczone na mapie Wroc\u0142awia.<\/em><\/p>\n\n\n\n<p><\/p>\n\n\n\n<p><\/p>\n\n\n\n<p><\/p>\n\n\n\n<p><\/p>\n\n\n\n<p><\/p>\n\n\n\n<p><strong>[AKTUALIZACJA &#8211; OBWIESZCZENIE O KONSULTACJACH]<\/strong><\/p>\n\n\n\n<p>Rada Osiedla Gaj wyd\u0142u\u017ca konsultacje projekt\u00f3w FO od dnia 12 wrze\u015bnia do dnia 18 wrze\u015bnia b.r. Spowodowane jest to dodatkowymi konsultacjami wniosk\u00f3w z 1 edycji FO, b\u0119d\u0105cych w toku realizacji. <\/p>\n\n\n\n<p><\/p>\n\n\n\n<p><\/p>\n\n\n\n<p><\/p>\n\n\n\n<p><\/p>\n\n\n\n<p><strong>Zapraszamy i zach\u0119camy do wzi\u0119cia udzia\u0142u w konsultacjach spo\u0142ecznych oraz zaanga\u017cowania si\u0119 w dzia\u0142anie na rzecz Gaju!<\/strong><\/p>\n","protected":false},"excerpt":{"rendered":"<p>Zapraszamy do kolejnego etapu konsultacji spo\u0142ecznych po\u015bwi\u0119conych wydatkowaniu \u015brodk\u00f3w z miejskiego programu &#8222;Funduszu Osiedlowego&#8221; na lata 2022-2023 dla Osiedla Gaj.<\/p>\n","protected":false},"author":1,"featured_media":13569,"comment_status":"open","ping_status":"open","sticky":false,"template":"","format":"standard","meta":{"footnotes":""},"categories":[14,12],"tags":[1228,1624,112,1655,135],"class_list":["post-13714","post","type-post","status-publish","format-standard","has-post-thumbnail","hentry","category-aktualnosci","category-artykuly","tag-fundusz-osiedlowy","tag-fundusz-osiedlowy-gaj","tag-gaj","tag-projekty-fundusz-osiedlowy-gaj-2022","tag-rada-osiedla-gaj"],"_links":{"self":[{"href":"https:\/\/online.tvk-gaj.pl\/index.php?rest_route=\/wp\/v2\/posts\/13714","targetHints":{"allow":["GET"]}}],"collection":[{"href":"https:\/\/online.tvk-gaj.pl\/index.php?rest_route=\/wp\/v2\/posts"}],"about":[{"href":"https:\/\/online.tvk-gaj.pl\/index.php?rest_route=\/wp\/v2\/types\/post"}],"author":[{"embeddable":true,"href":"https:\/\/online.tvk-gaj.pl\/index.php?rest_route=\/wp\/v2\/users\/1"}],"replies":[{"embeddable":true,"href":"https:\/\/online.tvk-gaj.pl\/index.php?rest_route=%2Fwp%2Fv2%2Fcomments&post=13714"}],"version-history":[{"count":6,"href":"https:\/\/online.tvk-gaj.pl\/index.php?rest_route=\/wp\/v2\/posts\/13714\/revisions"}],"predecessor-version":[{"id":13833,"href":"https:\/\/online.tvk-gaj.pl\/index.php?rest_route=\/wp\/v2\/posts\/13714\/revisions\/13833"}],"wp:featuredmedia":[{"embeddable":true,"href":"https:\/\/online.tvk-gaj.pl\/index.php?rest_route=\/wp\/v2\/media\/13569"}],"wp:attachment":[{"href":"https:\/\/online.tvk-gaj.pl\/index.php?rest_route=%2Fwp%2Fv2%2Fmedia&parent=13714"}],"wp:term":[{"taxonomy":"category","embeddable":true,"href":"https:\/\/online.tvk-gaj.pl\/index.php?rest_route=%2Fwp%2Fv2%2Fcategories&post=13714"},{"taxonomy":"post_tag","embeddable":true,"href":"https:\/\/online.tvk-gaj.pl\/index.php?rest_route=%2Fwp%2Fv2%2Ftags&post=13714"}],"curies":[{"name":"wp","href":"https:\/\/api.w.org\/{rel}","templated":true}]}}