{"id":1373,"date":"2013-07-10T00:41:25","date_gmt":"2013-07-09T22:41:25","guid":{"rendered":"http:\/\/www.tvk-gaj.pl\/~gajonline\/?p=1373"},"modified":"2013-07-10T00:42:06","modified_gmt":"2013-07-09T22:42:06","slug":"zapraszam-na-piknik-osiedlowy","status":"publish","type":"post","link":"https:\/\/online.tvk-gaj.pl\/?p=1373","title":{"rendered":"Zapraszamy na Piknik Osiedlowy"},"content":{"rendered":"<p>Serdecznie zapraszamy wszystkich mieszka\u0144c\u00f3w naszego osiedla na pierwszy w tym roku &#8222;Piknik Osiedla Gaj&#8221;, kt\u00f3ry odb\u0119dzie si\u0119 w najbli\u017cszy weekend, tj. 13 i 14 lipca na terenie Parku S\u0142onecznego na Gaju.<!--more--><\/p>\n<p>&nbsp;<\/p>\n<p><img loading=\"lazy\" decoding=\"async\" class=\"wp-image-1376 alignnone\" alt=\"Plakat  - piknik\" src=\"http:\/\/www.tvk-gaj.pl\/~gajonline\/wp-content\/uploads\/2013\/07\/Plakat-piknik1.jpg\" width=\"750\" height=\"1061\" srcset=\"https:\/\/online.tvk-gaj.pl\/wp-content\/uploads\/2013\/07\/Plakat-piknik1.jpg 1250w, https:\/\/online.tvk-gaj.pl\/wp-content\/uploads\/2013\/07\/Plakat-piknik1-212x300.jpg 212w, https:\/\/online.tvk-gaj.pl\/wp-content\/uploads\/2013\/07\/Plakat-piknik1-723x1024.jpg 723w\" sizes=\"auto, (max-width: 750px) 100vw, 750px\" \/><\/p>\n<p>&nbsp;<\/p>\n<div class='et-learn-more clearfix'>\n\t\t\t\t\t<h3 class='heading-more'>Plakat<span class='et_learnmore_arrow'><span><\/span><\/span><\/h3>\n\t\t\t\t\t<div class='learn-more-content'>Autor plakatu: Tomasz Nawrot<\/div>\n\t\t\t\t<\/div>\n<p>&nbsp;<\/p>\n<p style=\"text-align: center;\">\n","protected":false},"excerpt":{"rendered":"<p>Serdecznie zapraszamy wszystkich mieszka\u0144c\u00f3w naszego osiedla na pierwszy w tym roku &#8222;Piknik Osiedla Gaj&#8221;, kt\u00f3ry odb\u0119dzie si\u0119 w najbli\u017cszy weekend, tj. 13 i 14 lipca na terenie Parku S\u0142onecznego na Gaju.<\/p>\n","protected":false},"author":1,"featured_media":1376,"comment_status":"open","ping_status":"open","sticky":false,"template":"","format":"standard","meta":{"footnotes":""},"categories":[14],"tags":[88],"class_list":["post-1373","post","type-post","status-publish","format-standard","has-post-thumbnail","hentry","category-aktualnosci","tag-piknik-osiedlowy"],"_links":{"self":[{"href":"https:\/\/online.tvk-gaj.pl\/index.php?rest_route=\/wp\/v2\/posts\/1373","targetHints":{"allow":["GET"]}}],"collection":[{"href":"https:\/\/online.tvk-gaj.pl\/index.php?rest_route=\/wp\/v2\/posts"}],"about":[{"href":"https:\/\/online.tvk-gaj.pl\/index.php?rest_route=\/wp\/v2\/types\/post"}],"author":[{"embeddable":true,"href":"https:\/\/online.tvk-gaj.pl\/index.php?rest_route=\/wp\/v2\/users\/1"}],"replies":[{"embeddable":true,"href":"https:\/\/online.tvk-gaj.pl\/index.php?rest_route=%2Fwp%2Fv2%2Fcomments&post=1373"}],"version-history":[{"count":3,"href":"https:\/\/online.tvk-gaj.pl\/index.php?rest_route=\/wp\/v2\/posts\/1373\/revisions"}],"predecessor-version":[{"id":1378,"href":"https:\/\/online.tvk-gaj.pl\/index.php?rest_route=\/wp\/v2\/posts\/1373\/revisions\/1378"}],"wp:featuredmedia":[{"embeddable":true,"href":"https:\/\/online.tvk-gaj.pl\/index.php?rest_route=\/wp\/v2\/media\/1376"}],"wp:attachment":[{"href":"https:\/\/online.tvk-gaj.pl\/index.php?rest_route=%2Fwp%2Fv2%2Fmedia&parent=1373"}],"wp:term":[{"taxonomy":"category","embeddable":true,"href":"https:\/\/online.tvk-gaj.pl\/index.php?rest_route=%2Fwp%2Fv2%2Fcategories&post=1373"},{"taxonomy":"post_tag","embeddable":true,"href":"https:\/\/online.tvk-gaj.pl\/index.php?rest_route=%2Fwp%2Fv2%2Ftags&post=1373"}],"curies":[{"name":"wp","href":"https:\/\/api.w.org\/{rel}","templated":true}]}}