{"id":13747,"date":"2022-07-27T21:55:41","date_gmt":"2022-07-27T19:55:41","guid":{"rendered":"http:\/\/www.tvk-gaj.pl\/~gajonline\/?p=13747"},"modified":"2022-07-27T21:55:43","modified_gmt":"2022-07-27T19:55:43","slug":"fotorelacja-z-wycieczki-seniorow-osiedla-gaj","status":"publish","type":"post","link":"https:\/\/online.tvk-gaj.pl\/?p=13747","title":{"rendered":"(Foto)relacja z wycieczki senior\u00f3w Osiedla Gaj"},"content":{"rendered":"\n<p>W dniu 21 maja odby\u0142a si\u0119 wycieczka senior\u00f3w Osiedla Gaj po Dolnym \u015al\u0105sku. Wyjazd zorganizowany przez Rad\u0119 Osiedla Gaj umo\u017cliwi\u0142 seniorom z osiedla (w tym zrzeszonym w Klubie Seniora na Gaju) zwiedzanie i poznanie Dolnego \u015al\u0105ska. Zapraszamy do fotorelacji z wycieczki. <\/p>\n\n\n\n<!--more-->\n\n\n\n<p><\/p>\n\n\n\n<p><\/p>\n\n\n\n<figure class=\"wp-block-image size-full\"><img loading=\"lazy\" decoding=\"async\" width=\"1000\" height=\"750\" src=\"http:\/\/www.tvk-gaj.pl\/~gajonline\/wp-content\/uploads\/2022\/07\/IMG_20220521_160524_Lomnica-1.jpg\" alt=\"\" class=\"wp-image-13750\" srcset=\"https:\/\/online.tvk-gaj.pl\/wp-content\/uploads\/2022\/07\/IMG_20220521_160524_Lomnica-1.jpg 1000w, https:\/\/online.tvk-gaj.pl\/wp-content\/uploads\/2022\/07\/IMG_20220521_160524_Lomnica-1-300x225.jpg 300w, https:\/\/online.tvk-gaj.pl\/wp-content\/uploads\/2022\/07\/IMG_20220521_160524_Lomnica-1-768x576.jpg 768w\" sizes=\"auto, (max-width: 1000px) 100vw, 1000px\" \/><\/figure>\n\n\n\n<p><\/p>\n\n\n\n<p><\/p>\n\n\n\n<p>21 maja\u00a0odby\u0142a si\u0119 wycieczka Senior\u00f3w z osiedla Gaj po Dolnym \u015al\u0105sku. <\/p>\n\n\n\n<p><\/p>\n\n\n\n<p><\/p>\n\n\n\n<figure class=\"wp-block-image size-full\"><img loading=\"lazy\" decoding=\"async\" width=\"1000\" height=\"750\" src=\"http:\/\/www.tvk-gaj.pl\/~gajonline\/wp-content\/uploads\/2022\/07\/IMG_20220521_115153_Lubomierz.jpg\" alt=\"\" class=\"wp-image-13751\" srcset=\"https:\/\/online.tvk-gaj.pl\/wp-content\/uploads\/2022\/07\/IMG_20220521_115153_Lubomierz.jpg 1000w, https:\/\/online.tvk-gaj.pl\/wp-content\/uploads\/2022\/07\/IMG_20220521_115153_Lubomierz-300x225.jpg 300w, https:\/\/online.tvk-gaj.pl\/wp-content\/uploads\/2022\/07\/IMG_20220521_115153_Lubomierz-768x576.jpg 768w\" sizes=\"auto, (max-width: 1000px) 100vw, 1000px\" \/><\/figure>\n\n\n\n<p><\/p>\n\n\n\n<p><\/p>\n\n\n\n<p>Rano autokar zawi\u00f3z\u0142 uczestnik\u00f3w do Lubomierza, gdzie odwiedzili\u015bmy Muzeum Kargula i Pawlaka. Opr\u00f3cz kr\u00f3tkiej prelekcji zobaczyli\u015bmy filmowe pami\u0105tki i rekwizyty zwi\u0105zane ze s\u0142ynn\u0105 filmow\u0105 trylogi\u0105 (&#8222;Sami swoi&#8221;, &#8222;Nie ma mocnych&#8221;, &#8222;Kochaj albo rzu\u0107&#8221;). <\/p>\n\n\n\n<p><\/p>\n\n\n\n<p><\/p>\n\n\n\n<figure class=\"wp-block-image size-full\"><img loading=\"lazy\" decoding=\"async\" width=\"1000\" height=\"750\" src=\"http:\/\/www.tvk-gaj.pl\/~gajonline\/wp-content\/uploads\/2022\/07\/IMG_20220521_114547_Lubomierz.jpg\" alt=\"\" class=\"wp-image-13754\" srcset=\"https:\/\/online.tvk-gaj.pl\/wp-content\/uploads\/2022\/07\/IMG_20220521_114547_Lubomierz.jpg 1000w, https:\/\/online.tvk-gaj.pl\/wp-content\/uploads\/2022\/07\/IMG_20220521_114547_Lubomierz-300x225.jpg 300w, https:\/\/online.tvk-gaj.pl\/wp-content\/uploads\/2022\/07\/IMG_20220521_114547_Lubomierz-768x576.jpg 768w\" sizes=\"auto, (max-width: 1000px) 100vw, 1000px\" \/><\/figure>\n\n\n\n<p><\/p>\n\n\n\n<p><\/p>\n\n\n\n<p>Co ciekawe, muzeum mie\u015bci si\u0119 w tzw. Domu P\u0142\u00f3ciennk\u00f3w, pi\u0119knie odnowionym, jednym z najstarszych budynk\u00f3w w mie\u015bcie.\u00a0A sam Lubomierz? Malutki, z zabytkowym rynkiem i ratuszem, uroczo senny, jak\u017ce odmienny od zabieganego Wroc\u0142awia&#8230;<\/p>\n\n\n\n<p><\/p>\n\n\n\n<p><\/p>\n\n\n\n<figure class=\"wp-block-image size-full\"><img loading=\"lazy\" decoding=\"async\" width=\"1000\" height=\"750\" src=\"http:\/\/www.tvk-gaj.pl\/~gajonline\/wp-content\/uploads\/2022\/07\/IMG_20220521_111516_Lubomierz.jpg\" alt=\"\" class=\"wp-image-13752\" srcset=\"https:\/\/online.tvk-gaj.pl\/wp-content\/uploads\/2022\/07\/IMG_20220521_111516_Lubomierz.jpg 1000w, https:\/\/online.tvk-gaj.pl\/wp-content\/uploads\/2022\/07\/IMG_20220521_111516_Lubomierz-300x225.jpg 300w, https:\/\/online.tvk-gaj.pl\/wp-content\/uploads\/2022\/07\/IMG_20220521_111516_Lubomierz-768x576.jpg 768w\" sizes=\"auto, (max-width: 1000px) 100vw, 1000px\" \/><\/figure>\n\n\n\n<p><\/p>\n\n\n\n<p><br>Z Lubomierza pojechali\u015bmy do Piechowic, gdzie zwiedzili\u015bmy z przewodnikiem hut\u0119 szk\u0142a &#8222;Julia&#8221;. Uczestnicy us\u0142yszeli, jak powstaje szk\u0142o i wyroby z niego &#8211; ale r\u00f3wnie\u017c to zobaczyli! &#8222;Julia&#8221; bowiem to jeden z niewielu istniej\u0105cych\u00a0<a href=\"http:\/\/airmail.calendar\/2022-07-27%2012:00:00%20CEST\">dzi\u015b<\/a>producent\u00f3w szk\u0142a kryszta\u0142owego w Polsce, ze 150-letni\u0105 tradycj\u0105. Co wi\u0119cej, jest to r\u0119czna robota. <\/p>\n\n\n\n<p><\/p>\n\n\n\n<p><\/p>\n\n\n\n<figure class=\"wp-block-image size-full\"><img loading=\"lazy\" decoding=\"async\" width=\"1000\" height=\"750\" src=\"http:\/\/www.tvk-gaj.pl\/~gajonline\/wp-content\/uploads\/2022\/07\/IMG_20220521_134428_Julia.jpg\" alt=\"\" class=\"wp-image-13755\" srcset=\"https:\/\/online.tvk-gaj.pl\/wp-content\/uploads\/2022\/07\/IMG_20220521_134428_Julia.jpg 1000w, https:\/\/online.tvk-gaj.pl\/wp-content\/uploads\/2022\/07\/IMG_20220521_134428_Julia-300x225.jpg 300w, https:\/\/online.tvk-gaj.pl\/wp-content\/uploads\/2022\/07\/IMG_20220521_134428_Julia-768x576.jpg 768w\" sizes=\"auto, (max-width: 1000px) 100vw, 1000px\" \/><\/figure>\n\n\n\n<p><\/p>\n\n\n\n<p><\/p>\n\n\n\n<p>Widzieli\u015bmy nie tyle rzemie\u015blnik\u00f3w &#8211; ale artyst\u00f3w, jak wyrabiaj\u0105 r\u00f3\u017cne cude\u0144ka, kt\u00f3re potem mo\u017cna by\u0142o kupi\u0107 w przyfabrycznym sklepie.\u00a0<\/p>\n\n\n\n<p><\/p>\n\n\n\n<p><\/p>\n\n\n\n<p><\/p>\n\n\n\n<figure class=\"wp-block-image size-full\"><img loading=\"lazy\" decoding=\"async\" width=\"1000\" height=\"750\" src=\"http:\/\/www.tvk-gaj.pl\/~gajonline\/wp-content\/uploads\/2022\/07\/IMG_20220521_141203_Julia.jpg\" alt=\"\" class=\"wp-image-13753\" srcset=\"https:\/\/online.tvk-gaj.pl\/wp-content\/uploads\/2022\/07\/IMG_20220521_141203_Julia.jpg 1000w, https:\/\/online.tvk-gaj.pl\/wp-content\/uploads\/2022\/07\/IMG_20220521_141203_Julia-300x225.jpg 300w, https:\/\/online.tvk-gaj.pl\/wp-content\/uploads\/2022\/07\/IMG_20220521_141203_Julia-768x576.jpg 768w\" sizes=\"auto, (max-width: 1000px) 100vw, 1000px\" \/><\/figure>\n\n\n\n<p><\/p>\n\n\n\n<p><\/p>\n\n\n\n<p><br>Na koniec pojechali\u015bmy do Doliny Pa\u0142ac\u00f3w i Ogrod\u00f3w. W \u0141omnicy najpierw zjedli\u015bmy obiad, a potem niezwykle sympatyczna pani przewodnik pokaza\u0142a nam pa\u0142acowe wn\u0119trza, a nawet piwnice. <\/p>\n\n\n\n<p><\/p>\n\n\n\n<p><\/p>\n\n\n\n<p><\/p>\n\n\n\n<figure class=\"wp-block-image size-full\"><img loading=\"lazy\" decoding=\"async\" width=\"1000\" height=\"750\" src=\"http:\/\/www.tvk-gaj.pl\/~gajonline\/wp-content\/uploads\/2022\/07\/IMG_20220521_162147_Lomnica.jpg\" alt=\"\" class=\"wp-image-13756\" srcset=\"https:\/\/online.tvk-gaj.pl\/wp-content\/uploads\/2022\/07\/IMG_20220521_162147_Lomnica.jpg 1000w, https:\/\/online.tvk-gaj.pl\/wp-content\/uploads\/2022\/07\/IMG_20220521_162147_Lomnica-300x225.jpg 300w, https:\/\/online.tvk-gaj.pl\/wp-content\/uploads\/2022\/07\/IMG_20220521_162147_Lomnica-768x576.jpg 768w\" sizes=\"auto, (max-width: 1000px) 100vw, 1000px\" \/><\/figure>\n\n\n\n<p><\/p>\n\n\n\n<p><\/p>\n\n\n\n<p>To jeden z niewielu &#8211; a mo\u017ce nawet jedyny? &#8211; w tamtym regionie pa\u0142ac, kt\u00f3ry znajduje si\u0119 w r\u0119kach tej samej rodziny, co przed wojn\u0105. Von Kusterowie w 1991 roku odkupili zrujnowany barokowy pa\u0142ac, a potem go odbudowali.\u00a0A poniewa\u017c w Dolinie Pa\u0142ac\u00f3w zabytek co krok, to wracaj\u0105c autokarem min\u0119li\u015bmy s\u0105siada \u0141omnicy &#8211; Pa\u0142ac Wojan\u00f3w. Mo\u017ce kiedy\u015b i tam zawitamy?<\/p>\n\n\n\n<p><\/p>\n\n\n\n<p><\/p>\n\n\n\n<figure class=\"wp-block-image size-full\"><img loading=\"lazy\" decoding=\"async\" width=\"1000\" height=\"750\" src=\"http:\/\/www.tvk-gaj.pl\/~gajonline\/wp-content\/uploads\/2022\/07\/IMG_20220521_162737_Lomnica.jpg\" alt=\"\" class=\"wp-image-13749\" srcset=\"https:\/\/online.tvk-gaj.pl\/wp-content\/uploads\/2022\/07\/IMG_20220521_162737_Lomnica.jpg 1000w, https:\/\/online.tvk-gaj.pl\/wp-content\/uploads\/2022\/07\/IMG_20220521_162737_Lomnica-300x225.jpg 300w, https:\/\/online.tvk-gaj.pl\/wp-content\/uploads\/2022\/07\/IMG_20220521_162737_Lomnica-768x576.jpg 768w\" sizes=\"auto, (max-width: 1000px) 100vw, 1000px\" \/><\/figure>\n\n\n\n<p><\/p>\n\n\n\n<p><\/p>\n\n\n\n<p><br><strong>Celem wycieczki by\u0142a integracja spo\u0142eczno\u015bci Senior\u00f3w z Gaju, umo\u017cliwienie Im wsp\u00f3lnego sp\u0119dzenia czasu w &#8222;pi\u0119knych okoliczno\u015bciach przyrody&#8221; oraz pokazanie ciekawych miejsc i atrakcji Dolnego \u015al\u0105ska.<\/strong><\/p>\n\n\n\n<p><strong><br>Wyjazd odby\u0142 si\u0119 w ramach zadania spo\u0142ecznego dofinansowanego przez Miasto Wroc\u0142aw, na podstawie wniosku z\u0142o\u017conego przez Rad\u0119 Osiedla Gaj.<\/strong><\/p>\n\n\n\n<p><\/p>\n\n\n\n<p><br><br><em>Za wyjazd i organizacj\u0119 dzi\u0119kujemy szczeg\u00f3lnie Radnemu Osiedla Gaj, p. Wojciechowi Kurzyjamskiemu.<\/em><\/p>\n\n\n\n<p><\/p>\n\n\n\n<p><\/p>\n\n\n\n<p><\/p>\n\n\n\n<p><strong>Zapraszamy do obejrzenia galerii zdj\u0119\u0107 z wyjazdu<\/strong>:<\/p>\n\n\n\n<p><\/p>\n\n\n\n[ngg src=&#8221;galleries&#8221; ids=&#8221;126&#8243; display=&#8221;basic_thumbnail&#8221; thumbnail_crop=&#8221;0&#8243;]\n\n\n\n<p><\/p>\n\n\n\n<p><\/p>\n\n\n\n<p><\/p>\n","protected":false},"excerpt":{"rendered":"<p>W dniu 21 maja odby\u0142a si\u0119 wycieczka senior\u00f3w Osiedla Gaj po Dolnym \u015al\u0105sku. Wyjazd zorganizowany przez Rad\u0119 Osiedla Gaj umo\u017cliwi\u0142 seniorom z osiedla (w tym zrzeszonym w Klubie Seniora na Gaju) zwiedzanie i poznanie Dolnego \u015al\u0105ska. Zapraszamy do fotorelacji z wycieczki.<\/p>\n","protected":false},"author":1,"featured_media":13748,"comment_status":"open","ping_status":"open","sticky":false,"template":"","format":"standard","meta":{"footnotes":""},"categories":[14,12,441],"tags":[135,1044],"class_list":["post-13747","post","type-post","status-publish","format-standard","has-post-thumbnail","hentry","category-aktualnosci","category-artykuly","category-klub","tag-rada-osiedla-gaj","tag-wycieczka"],"_links":{"self":[{"href":"https:\/\/online.tvk-gaj.pl\/index.php?rest_route=\/wp\/v2\/posts\/13747","targetHints":{"allow":["GET"]}}],"collection":[{"href":"https:\/\/online.tvk-gaj.pl\/index.php?rest_route=\/wp\/v2\/posts"}],"about":[{"href":"https:\/\/online.tvk-gaj.pl\/index.php?rest_route=\/wp\/v2\/types\/post"}],"author":[{"embeddable":true,"href":"https:\/\/online.tvk-gaj.pl\/index.php?rest_route=\/wp\/v2\/users\/1"}],"replies":[{"embeddable":true,"href":"https:\/\/online.tvk-gaj.pl\/index.php?rest_route=%2Fwp%2Fv2%2Fcomments&post=13747"}],"version-history":[{"count":1,"href":"https:\/\/online.tvk-gaj.pl\/index.php?rest_route=\/wp\/v2\/posts\/13747\/revisions"}],"predecessor-version":[{"id":13757,"href":"https:\/\/online.tvk-gaj.pl\/index.php?rest_route=\/wp\/v2\/posts\/13747\/revisions\/13757"}],"wp:featuredmedia":[{"embeddable":true,"href":"https:\/\/online.tvk-gaj.pl\/index.php?rest_route=\/wp\/v2\/media\/13748"}],"wp:attachment":[{"href":"https:\/\/online.tvk-gaj.pl\/index.php?rest_route=%2Fwp%2Fv2%2Fmedia&parent=13747"}],"wp:term":[{"taxonomy":"category","embeddable":true,"href":"https:\/\/online.tvk-gaj.pl\/index.php?rest_route=%2Fwp%2Fv2%2Fcategories&post=13747"},{"taxonomy":"post_tag","embeddable":true,"href":"https:\/\/online.tvk-gaj.pl\/index.php?rest_route=%2Fwp%2Fv2%2Ftags&post=13747"}],"curies":[{"name":"wp","href":"https:\/\/api.w.org\/{rel}","templated":true}]}}