{"id":13763,"date":"2022-08-10T13:55:34","date_gmt":"2022-08-10T11:55:34","guid":{"rendered":"http:\/\/www.tvk-gaj.pl\/~gajonline\/?p=13763"},"modified":"2022-08-10T15:57:22","modified_gmt":"2022-08-10T13:57:22","slug":"bezpieczniejsze-przejscie-dla-pieszych-na-ul-krynickiej","status":"publish","type":"post","link":"https:\/\/online.tvk-gaj.pl\/?p=13763","title":{"rendered":"Bezpieczniejsze przej\u015bcie dla pieszych na ul. Krynickiej"},"content":{"rendered":"\n<p>Zako\u0144czy\u0142y si\u0119 prace przy skrzy\u017cowaniu ul. Krynickiej w okolicy plac\u00f3wki pocztowej, apteki i parkingu. <\/p>\n\n\n\n<!--more-->\n\n\n\n<p><\/p>\n\n\n\n<p><\/p>\n\n\n\n<figure class=\"wp-block-image size-large\"><img loading=\"lazy\" decoding=\"async\" width=\"1024\" height=\"768\" src=\"http:\/\/www.tvk-gaj.pl\/~gajonline\/wp-content\/uploads\/2022\/08\/batch_IMG_8354-1024x768.jpg\" alt=\"\" class=\"wp-image-13768\" srcset=\"https:\/\/online.tvk-gaj.pl\/wp-content\/uploads\/2022\/08\/batch_IMG_8354-1024x768.jpg 1024w, https:\/\/online.tvk-gaj.pl\/wp-content\/uploads\/2022\/08\/batch_IMG_8354-300x225.jpg 300w, https:\/\/online.tvk-gaj.pl\/wp-content\/uploads\/2022\/08\/batch_IMG_8354-768x576.jpg 768w, https:\/\/online.tvk-gaj.pl\/wp-content\/uploads\/2022\/08\/batch_IMG_8354-1536x1152.jpg 1536w, https:\/\/online.tvk-gaj.pl\/wp-content\/uploads\/2022\/08\/batch_IMG_8354-2048x1536.jpg 2048w\" sizes=\"auto, (max-width: 1024px) 100vw, 1024px\" \/><\/figure>\n\n\n\n<p><\/p>\n\n\n\n<p><\/p>\n\n\n\n<p><\/p>\n\n\n\n<p><\/p>\n\n\n\n<p>Na pocz\u0105tku sierpnia zako\u0144czy\u0142y si\u0119 prace zwi\u0105zane z przebudow\u0105 infrastruktury i oznakowania skrzy\u017cowania przy ul. Krynickiej (na wysoko\u015bci plac\u00f3wki pocztowej, apteki i parkingu).<\/p>\n\n\n\n<p><\/p>\n\n\n\n<p><\/p>\n\n\n\n<p><\/p>\n\n\n\n<figure class=\"wp-block-image size-large\"><img loading=\"lazy\" decoding=\"async\" width=\"785\" height=\"1024\" src=\"http:\/\/www.tvk-gaj.pl\/~gajonline\/wp-content\/uploads\/2022\/08\/Zrzut-ekranu-2022-08-10-o-15.47.04-785x1024.png\" alt=\"\" class=\"wp-image-13775\" srcset=\"https:\/\/online.tvk-gaj.pl\/wp-content\/uploads\/2022\/08\/Zrzut-ekranu-2022-08-10-o-15.47.04-785x1024.png 785w, https:\/\/online.tvk-gaj.pl\/wp-content\/uploads\/2022\/08\/Zrzut-ekranu-2022-08-10-o-15.47.04-230x300.png 230w, https:\/\/online.tvk-gaj.pl\/wp-content\/uploads\/2022\/08\/Zrzut-ekranu-2022-08-10-o-15.47.04-768x1002.png 768w, https:\/\/online.tvk-gaj.pl\/wp-content\/uploads\/2022\/08\/Zrzut-ekranu-2022-08-10-o-15.47.04.png 823w\" sizes=\"auto, (max-width: 785px) 100vw, 785px\" \/><\/figure>\n\n\n\n<p><\/p>\n\n\n\n<p><\/p>\n\n\n\n<p><\/p>\n\n\n\n<p><\/p>\n\n\n\n<p>Prace maj\u0105ce na celu zwi\u0119kszenia bezpiecze\u0144stwa niechronionych uczestnik\u00f3w ruchu drogowego w obr\u0119bie skrzy\u017cowania obejmowa\u0142y wyznaczenie i namalowanie przej\u015b\u0107 dla pieszych oraz ich stosowne oznakowanie. Dodatkowo Zarz\u0105d Dr\u00f3g i Utrzymania Miasta, kt\u00f3ry realizowa\u0142 to przedsi\u0119wzi\u0119cie zaj\u0105\u0142 si\u0119 r\u00f3wnie\u017c zagospodarowaniem zieleni w obr\u0119bie drogi &#8211; skoszono i przeformowano ziele\u0144 tak, aby nie utrudnia\u0142a widoczno\u015bci.<\/p>\n\n\n\n<p><\/p>\n\n\n\n<p><\/p>\n\n\n\n<p><\/p>\n\n\n\n<figure class=\"wp-block-image size-large\"><img loading=\"lazy\" decoding=\"async\" width=\"1024\" height=\"768\" src=\"http:\/\/www.tvk-gaj.pl\/~gajonline\/wp-content\/uploads\/2022\/08\/batch_IMG_8351-1024x768.jpg\" alt=\"\" class=\"wp-image-13769\" srcset=\"https:\/\/online.tvk-gaj.pl\/wp-content\/uploads\/2022\/08\/batch_IMG_8351-1024x768.jpg 1024w, https:\/\/online.tvk-gaj.pl\/wp-content\/uploads\/2022\/08\/batch_IMG_8351-300x225.jpg 300w, https:\/\/online.tvk-gaj.pl\/wp-content\/uploads\/2022\/08\/batch_IMG_8351-768x576.jpg 768w, https:\/\/online.tvk-gaj.pl\/wp-content\/uploads\/2022\/08\/batch_IMG_8351-1536x1152.jpg 1536w, https:\/\/online.tvk-gaj.pl\/wp-content\/uploads\/2022\/08\/batch_IMG_8351-2048x1536.jpg 2048w\" sizes=\"auto, (max-width: 1024px) 100vw, 1024px\" \/><\/figure>\n\n\n\n<p><\/p>\n\n\n\n<p><\/p>\n\n\n\n<p><\/p>\n\n\n\n<p>Remont skrzy\u017cowania zainicjowa\u0142a Rada Osiedla Gaj. Tamtejsza Komisja Bezpiecze\u0144stwa i Infrastruktury wskaza\u0142a, \u017ce wy\u017cej opisane skrzy\u017cowanie nie zapewnia odpowiedniego poziomu bezpiecze\u0144stwa dla pieszych, a samo skrzy\u017cowanie charakteryzuje si\u0119 du\u017cym nat\u0119\u017ceniem ruchu drogowego. <\/p>\n\n\n\n<p><\/p>\n\n\n\n<p><\/p>\n\n\n\n<p><\/p>\n\n\n\n<figure class=\"wp-block-image size-large\"><img loading=\"lazy\" decoding=\"async\" width=\"1024\" height=\"768\" src=\"http:\/\/www.tvk-gaj.pl\/~gajonline\/wp-content\/uploads\/2022\/08\/batch_IMG_8358-1024x768.jpg\" alt=\"\" class=\"wp-image-13771\" srcset=\"https:\/\/online.tvk-gaj.pl\/wp-content\/uploads\/2022\/08\/batch_IMG_8358-1024x768.jpg 1024w, https:\/\/online.tvk-gaj.pl\/wp-content\/uploads\/2022\/08\/batch_IMG_8358-300x225.jpg 300w, https:\/\/online.tvk-gaj.pl\/wp-content\/uploads\/2022\/08\/batch_IMG_8358-768x576.jpg 768w, https:\/\/online.tvk-gaj.pl\/wp-content\/uploads\/2022\/08\/batch_IMG_8358-1536x1152.jpg 1536w, https:\/\/online.tvk-gaj.pl\/wp-content\/uploads\/2022\/08\/batch_IMG_8358-2048x1536.jpg 2048w\" sizes=\"auto, (max-width: 1024px) 100vw, 1024px\" \/><\/figure>\n\n\n\n<p><\/p>\n\n\n\n<p><\/p>\n\n\n\n<p><\/p>\n\n\n\n<p>Dzi\u0119ki wsp\u00f3lnym dzia\u0142aniom ZDiUM oraz Rady Osiedla Gaj uda\u0142o si\u0119 zadba\u0107 o kolejne miejsce na osiedlu, kt\u00f3re sta\u0142o si\u0119 bezpieczniejsze i bardziej przyjazne mieszka\u0144com.<\/p>\n\n\n\n<p><\/p>\n\n\n\n<p><\/p>\n\n\n\n<p><\/p>\n\n\n\n<p><\/p>\n\n\n\n<p><strong>POR\u00d3WNANIE:  PO LEWEJ &#8211; WCZE\u015aNIEJ, PO PRAWEJ &#8211; STAN OBECNIE:<\/strong><\/p>\n\n\n\n<p><\/p>\n\n\n\n<figure class=\"wp-block-image size-full\"><img loading=\"lazy\" decoding=\"async\" width=\"800\" height=\"800\" src=\"http:\/\/www.tvk-gaj.pl\/~gajonline\/wp-content\/uploads\/2022\/08\/krynicka1.jpg\" alt=\"\" class=\"wp-image-13764\" srcset=\"https:\/\/online.tvk-gaj.pl\/wp-content\/uploads\/2022\/08\/krynicka1.jpg 800w, https:\/\/online.tvk-gaj.pl\/wp-content\/uploads\/2022\/08\/krynicka1-300x300.jpg 300w, https:\/\/online.tvk-gaj.pl\/wp-content\/uploads\/2022\/08\/krynicka1-150x150.jpg 150w, https:\/\/online.tvk-gaj.pl\/wp-content\/uploads\/2022\/08\/krynicka1-768x768.jpg 768w, https:\/\/online.tvk-gaj.pl\/wp-content\/uploads\/2022\/08\/krynicka1-160x160.jpg 160w, https:\/\/online.tvk-gaj.pl\/wp-content\/uploads\/2022\/08\/krynicka1-240x240.jpg 240w, https:\/\/online.tvk-gaj.pl\/wp-content\/uploads\/2022\/08\/krynicka1-60x60.jpg 60w, https:\/\/online.tvk-gaj.pl\/wp-content\/uploads\/2022\/08\/krynicka1-184x184.jpg 184w\" sizes=\"auto, (max-width: 800px) 100vw, 800px\" \/><\/figure>\n\n\n\n<p><\/p>\n\n\n\n<p><\/p>\n\n\n\n<figure class=\"wp-block-image size-full\"><img loading=\"lazy\" decoding=\"async\" width=\"800\" height=\"800\" src=\"http:\/\/www.tvk-gaj.pl\/~gajonline\/wp-content\/uploads\/2022\/08\/krynicka2.jpg\" alt=\"\" class=\"wp-image-13765\" srcset=\"https:\/\/online.tvk-gaj.pl\/wp-content\/uploads\/2022\/08\/krynicka2.jpg 800w, https:\/\/online.tvk-gaj.pl\/wp-content\/uploads\/2022\/08\/krynicka2-300x300.jpg 300w, https:\/\/online.tvk-gaj.pl\/wp-content\/uploads\/2022\/08\/krynicka2-150x150.jpg 150w, https:\/\/online.tvk-gaj.pl\/wp-content\/uploads\/2022\/08\/krynicka2-768x768.jpg 768w, https:\/\/online.tvk-gaj.pl\/wp-content\/uploads\/2022\/08\/krynicka2-160x160.jpg 160w, https:\/\/online.tvk-gaj.pl\/wp-content\/uploads\/2022\/08\/krynicka2-240x240.jpg 240w, https:\/\/online.tvk-gaj.pl\/wp-content\/uploads\/2022\/08\/krynicka2-60x60.jpg 60w, https:\/\/online.tvk-gaj.pl\/wp-content\/uploads\/2022\/08\/krynicka2-184x184.jpg 184w\" sizes=\"auto, (max-width: 800px) 100vw, 800px\" \/><\/figure>\n\n\n\n<p><\/p>\n\n\n\n<p><\/p>\n\n\n\n<figure class=\"wp-block-image size-full\"><img loading=\"lazy\" decoding=\"async\" width=\"800\" height=\"800\" src=\"http:\/\/www.tvk-gaj.pl\/~gajonline\/wp-content\/uploads\/2022\/08\/krynicka3.jpg\" alt=\"\" class=\"wp-image-13766\" srcset=\"https:\/\/online.tvk-gaj.pl\/wp-content\/uploads\/2022\/08\/krynicka3.jpg 800w, https:\/\/online.tvk-gaj.pl\/wp-content\/uploads\/2022\/08\/krynicka3-300x300.jpg 300w, https:\/\/online.tvk-gaj.pl\/wp-content\/uploads\/2022\/08\/krynicka3-150x150.jpg 150w, https:\/\/online.tvk-gaj.pl\/wp-content\/uploads\/2022\/08\/krynicka3-768x768.jpg 768w, https:\/\/online.tvk-gaj.pl\/wp-content\/uploads\/2022\/08\/krynicka3-160x160.jpg 160w, https:\/\/online.tvk-gaj.pl\/wp-content\/uploads\/2022\/08\/krynicka3-240x240.jpg 240w, https:\/\/online.tvk-gaj.pl\/wp-content\/uploads\/2022\/08\/krynicka3-60x60.jpg 60w, https:\/\/online.tvk-gaj.pl\/wp-content\/uploads\/2022\/08\/krynicka3-184x184.jpg 184w\" sizes=\"auto, (max-width: 800px) 100vw, 800px\" \/><\/figure>\n\n\n\n<p><\/p>\n\n\n\n<p><\/p>\n\n\n\n<figure class=\"wp-block-image size-full\"><img loading=\"lazy\" decoding=\"async\" width=\"800\" height=\"800\" src=\"http:\/\/www.tvk-gaj.pl\/~gajonline\/wp-content\/uploads\/2022\/08\/krynicka4.jpg\" alt=\"\" class=\"wp-image-13767\" srcset=\"https:\/\/online.tvk-gaj.pl\/wp-content\/uploads\/2022\/08\/krynicka4.jpg 800w, https:\/\/online.tvk-gaj.pl\/wp-content\/uploads\/2022\/08\/krynicka4-300x300.jpg 300w, https:\/\/online.tvk-gaj.pl\/wp-content\/uploads\/2022\/08\/krynicka4-150x150.jpg 150w, https:\/\/online.tvk-gaj.pl\/wp-content\/uploads\/2022\/08\/krynicka4-768x768.jpg 768w, https:\/\/online.tvk-gaj.pl\/wp-content\/uploads\/2022\/08\/krynicka4-160x160.jpg 160w, https:\/\/online.tvk-gaj.pl\/wp-content\/uploads\/2022\/08\/krynicka4-240x240.jpg 240w, https:\/\/online.tvk-gaj.pl\/wp-content\/uploads\/2022\/08\/krynicka4-60x60.jpg 60w, https:\/\/online.tvk-gaj.pl\/wp-content\/uploads\/2022\/08\/krynicka4-184x184.jpg 184w\" sizes=\"auto, (max-width: 800px) 100vw, 800px\" \/><\/figure>\n\n\n\n<p><\/p>\n\n\n\n<p><\/p>\n\n\n\n<p><\/p>\n\n\n\n<p><\/p>\n\n\n\n<p><\/p>\n\n\n\n<p><\/p>\n","protected":false},"excerpt":{"rendered":"<p>Zako\u0144czy\u0142y si\u0119 prace przy skrzy\u017cowaniu ul. Krynickiej w okolicy plac\u00f3wki pocztowej, apteki i parkingu.<\/p>\n","protected":false},"author":1,"featured_media":13769,"comment_status":"open","ping_status":"open","sticky":false,"template":"","format":"standard","meta":{"footnotes":""},"categories":[14,12],"tags":[112,209,1657,292,248,1656],"class_list":["post-13763","post","type-post","status-publish","format-standard","has-post-thumbnail","hentry","category-aktualnosci","category-artykuly","tag-gaj","tag-krynicka","tag-przebudowa-skrzyzowania-krynicka","tag-rada-osiedla-2","tag-skrzyzowanie","tag-zdium-wroclaw"],"_links":{"self":[{"href":"https:\/\/online.tvk-gaj.pl\/index.php?rest_route=\/wp\/v2\/posts\/13763","targetHints":{"allow":["GET"]}}],"collection":[{"href":"https:\/\/online.tvk-gaj.pl\/index.php?rest_route=\/wp\/v2\/posts"}],"about":[{"href":"https:\/\/online.tvk-gaj.pl\/index.php?rest_route=\/wp\/v2\/types\/post"}],"author":[{"embeddable":true,"href":"https:\/\/online.tvk-gaj.pl\/index.php?rest_route=\/wp\/v2\/users\/1"}],"replies":[{"embeddable":true,"href":"https:\/\/online.tvk-gaj.pl\/index.php?rest_route=%2Fwp%2Fv2%2Fcomments&post=13763"}],"version-history":[{"count":5,"href":"https:\/\/online.tvk-gaj.pl\/index.php?rest_route=\/wp\/v2\/posts\/13763\/revisions"}],"predecessor-version":[{"id":13779,"href":"https:\/\/online.tvk-gaj.pl\/index.php?rest_route=\/wp\/v2\/posts\/13763\/revisions\/13779"}],"wp:featuredmedia":[{"embeddable":true,"href":"https:\/\/online.tvk-gaj.pl\/index.php?rest_route=\/wp\/v2\/media\/13769"}],"wp:attachment":[{"href":"https:\/\/online.tvk-gaj.pl\/index.php?rest_route=%2Fwp%2Fv2%2Fmedia&parent=13763"}],"wp:term":[{"taxonomy":"category","embeddable":true,"href":"https:\/\/online.tvk-gaj.pl\/index.php?rest_route=%2Fwp%2Fv2%2Fcategories&post=13763"},{"taxonomy":"post_tag","embeddable":true,"href":"https:\/\/online.tvk-gaj.pl\/index.php?rest_route=%2Fwp%2Fv2%2Ftags&post=13763"}],"curies":[{"name":"wp","href":"https:\/\/api.w.org\/{rel}","templated":true}]}}