{"id":13795,"date":"2022-08-24T21:17:58","date_gmt":"2022-08-24T19:17:58","guid":{"rendered":"http:\/\/www.tvk-gaj.pl\/~gajonline\/?p=13795"},"modified":"2022-08-24T21:18:22","modified_gmt":"2022-08-24T19:18:22","slug":"kino-plenerowe-w-parku-slonecznym","status":"publish","type":"post","link":"https:\/\/online.tvk-gaj.pl\/?p=13795","title":{"rendered":"Kino plenerowe w Parku S\u0142onecznym!"},"content":{"rendered":"\n<p>W najbli\u017csz\u0105 sobot\u0119, 27 sierpnia, o godzinie 20:30 zapraszamy do Parku S\u0142onecznego na Gaju na wakacyjny pokaz kina plenerowego!<\/p>\n\n\n\n<!--more-->\n\n\n\n<p><\/p>\n\n\n\n<p><\/p>\n\n\n\n<figure class=\"wp-block-image size-large\"><img loading=\"lazy\" decoding=\"async\" width=\"818\" height=\"1024\" src=\"http:\/\/www.tvk-gaj.pl\/~gajonline\/wp-content\/uploads\/2022\/08\/IMG_8641-818x1024.jpg\" alt=\"\" class=\"wp-image-13796\" srcset=\"https:\/\/online.tvk-gaj.pl\/wp-content\/uploads\/2022\/08\/IMG_8641-818x1024.jpg 818w, https:\/\/online.tvk-gaj.pl\/wp-content\/uploads\/2022\/08\/IMG_8641-240x300.jpg 240w, https:\/\/online.tvk-gaj.pl\/wp-content\/uploads\/2022\/08\/IMG_8641-768x961.jpg 768w, https:\/\/online.tvk-gaj.pl\/wp-content\/uploads\/2022\/08\/IMG_8641.jpg 828w\" sizes=\"auto, (max-width: 818px) 100vw, 818px\" \/><\/figure>\n\n\n\n<p><\/p>\n\n\n\n<p><\/p>\n\n\n\n<p>W najbli\u017csz\u0105 sobot\u0119, 27 sierpnia, o godzinie 20:30 zapraszamy do Parku S\u0142onecznego na Gaju na pokaz kina plenerowego! <\/p>\n\n\n\n<p><\/p>\n\n\n\n<p>Wy\u015bwietlony zostanie film \u201eBy\u0142 sobie pies\u201d. <\/p>\n\n\n\n<p><\/p>\n\n\n\n<p><\/p>\n\n\n\n<p>Wydarzenie organizuje <a href=\"https:\/\/www.facebook.com\/Fundacja-Dobrych-Czas%C3%B3w-100114872065713\/?__cft__[0]=AZWzDC55ZM8-sbz8Ou-VXGUb80ZaGpc2wWJLcoUXrJZiV46rQheCrl50gsEN1Oujh0mPQuVrEDEUmmAbmGmf4mXL6ZHXj4z08ViVuYeAEWweCjComOvuxx9-DwueQe5NM2haMgF_KM001wvLN-9u4jT9f3I_xFaR4IVjbVCBbsOM9sndVoSY6ODJgquc9cUeMIqsjcRoEDwJAwQt2nPBZ-0q&amp;__tn__=kK-R\">Fundacja Dobrych Czas\u00f3w<\/a><\/p>\n\n\n\n<p><\/p>\n\n\n\n<p><\/p>\n","protected":false},"excerpt":{"rendered":"<p>W najbli\u017csz\u0105 sobot\u0119, 27 sierpnia, o godzinie 20:30 zapraszamy do Parku S\u0142onecznego na Gaju na wakacyjny pokaz kina plenerowego!<\/p>\n","protected":false},"author":1,"featured_media":13796,"comment_status":"open","ping_status":"open","sticky":false,"template":"","format":"standard","meta":{"footnotes":""},"categories":[14],"tags":[1659],"class_list":["post-13795","post","type-post","status-publish","format-standard","has-post-thumbnail","hentry","category-aktualnosci","tag-kino-plenerowe-na-gaju"],"_links":{"self":[{"href":"https:\/\/online.tvk-gaj.pl\/index.php?rest_route=\/wp\/v2\/posts\/13795","targetHints":{"allow":["GET"]}}],"collection":[{"href":"https:\/\/online.tvk-gaj.pl\/index.php?rest_route=\/wp\/v2\/posts"}],"about":[{"href":"https:\/\/online.tvk-gaj.pl\/index.php?rest_route=\/wp\/v2\/types\/post"}],"author":[{"embeddable":true,"href":"https:\/\/online.tvk-gaj.pl\/index.php?rest_route=\/wp\/v2\/users\/1"}],"replies":[{"embeddable":true,"href":"https:\/\/online.tvk-gaj.pl\/index.php?rest_route=%2Fwp%2Fv2%2Fcomments&post=13795"}],"version-history":[{"count":2,"href":"https:\/\/online.tvk-gaj.pl\/index.php?rest_route=\/wp\/v2\/posts\/13795\/revisions"}],"predecessor-version":[{"id":13799,"href":"https:\/\/online.tvk-gaj.pl\/index.php?rest_route=\/wp\/v2\/posts\/13795\/revisions\/13799"}],"wp:featuredmedia":[{"embeddable":true,"href":"https:\/\/online.tvk-gaj.pl\/index.php?rest_route=\/wp\/v2\/media\/13796"}],"wp:attachment":[{"href":"https:\/\/online.tvk-gaj.pl\/index.php?rest_route=%2Fwp%2Fv2%2Fmedia&parent=13795"}],"wp:term":[{"taxonomy":"category","embeddable":true,"href":"https:\/\/online.tvk-gaj.pl\/index.php?rest_route=%2Fwp%2Fv2%2Fcategories&post=13795"},{"taxonomy":"post_tag","embeddable":true,"href":"https:\/\/online.tvk-gaj.pl\/index.php?rest_route=%2Fwp%2Fv2%2Ftags&post=13795"}],"curies":[{"name":"wp","href":"https:\/\/api.w.org\/{rel}","templated":true}]}}