{"id":13802,"date":"2022-09-05T20:30:31","date_gmt":"2022-09-05T18:30:31","guid":{"rendered":"http:\/\/www.tvk-gaj.pl\/~gajonline\/?p=13802"},"modified":"2022-09-25T20:51:35","modified_gmt":"2022-09-25T18:51:35","slug":"festyn-osiedlowy-na-gaju","status":"publish","type":"post","link":"https:\/\/online.tvk-gaj.pl\/?p=13802","title":{"rendered":"Festyn Osiedlowy na Gaju!"},"content":{"rendered":"\n<p>Serdecznie zapraszamy na Festyn Osiedla Gaj, kt\u00f3ry odb\u0119dzie si\u0119 w sobot\u0119, 24 wrze\u015bnia, w Parku S\u0142onecznym na Gaju.  Start imprezy o godzinie 13:00!<\/p>\n\n\n\n<!--more-->\n\n\n\n<p><\/p>\n\n\n\n<p><\/p>\n\n\n\n<figure class=\"wp-block-image size-large\"><img loading=\"lazy\" decoding=\"async\" width=\"724\" height=\"1024\" src=\"http:\/\/www.tvk-gaj.pl\/~gajonline\/wp-content\/uploads\/2022\/09\/Kopia-Rada-Osiedla-GAJ-724x1024.jpg\" alt=\"\" class=\"wp-image-13823\" srcset=\"https:\/\/online.tvk-gaj.pl\/wp-content\/uploads\/2022\/09\/Kopia-Rada-Osiedla-GAJ-724x1024.jpg 724w, https:\/\/online.tvk-gaj.pl\/wp-content\/uploads\/2022\/09\/Kopia-Rada-Osiedla-GAJ-212x300.jpg 212w, https:\/\/online.tvk-gaj.pl\/wp-content\/uploads\/2022\/09\/Kopia-Rada-Osiedla-GAJ-768x1086.jpg 768w, https:\/\/online.tvk-gaj.pl\/wp-content\/uploads\/2022\/09\/Kopia-Rada-Osiedla-GAJ-1086x1536.jpg 1086w, https:\/\/online.tvk-gaj.pl\/wp-content\/uploads\/2022\/09\/Kopia-Rada-Osiedla-GAJ-1448x2048.jpg 1448w, https:\/\/online.tvk-gaj.pl\/wp-content\/uploads\/2022\/09\/Kopia-Rada-Osiedla-GAJ.jpg 1587w\" sizes=\"auto, (max-width: 724px) 100vw, 724px\" \/><\/figure>\n\n\n\n<p><\/p>\n\n\n\n<p><\/p>\n\n\n\n<p><\/p>\n\n\n\n<p>Festyn odb\u0119dzie si\u0119 w dniu&nbsp;24 wrze\u015bnia 2022&nbsp;r. w godzinach&nbsp;13.00-22.00 w Parku S\u0142onecznym na Gaju (pomi\u0119dzy ulicami Orzechow\u0105 a Krynick\u0105). <\/p>\n\n\n\n<p><\/p>\n\n\n\n<p><\/p>\n\n\n\n<p><strong>Plan imprezy:<\/strong><\/p>\n\n\n\n<p><\/p>\n\n\n\n<p>13.00-16.00&nbsp;animacje dla dzieci &#8211; prowadzone przez firm\u0119 &#8222;ASOBI&#8221; &#8211; Joanna Krzy\u017cosiak<\/p>\n\n\n\n<p>16.00-17.00&nbsp;wyst\u0119p zespo\u0142u tanecznego &#8222;GRACJA&#8221;<\/p>\n\n\n\n<p>17.00-18.00&nbsp;wyst\u0119p ch\u00f3ru &#8222;Niemo\u017ca&#8221;<\/p>\n\n\n\n<p>18.00-20.30&nbsp;wyst\u0119p zespo\u0142u muzycznego &#8222;AMPER&#8221;<\/p>\n\n\n\n<p>20.30 -22.00&nbsp;dyskoteka na \u015bwie\u017cym powietrzu &#8211; prowadzi I Oficer Rozrywkowy &#8222;Stefana Batorego&#8221; &#8211; Pan <br>                        Jerzy Tatarek<\/p>\n\n\n\n<p><\/p>\n\n\n\n<p>Ponadto pojawi si\u0119 pyszny catering, dmuchane zamki dla najm\u0142odszych, stoiska patronackie oraz inne atrakcje!<\/p>\n\n\n\n<p><\/p>\n\n\n\n<p><strong>W czasie festynu b\u0119dzie prowadzony kiermasz dla ma\u0142ej Jagody &#8211; dziewczynka ma  23 m-ce i choruje na SMA! <\/strong>\u00a0 &#8211; zach\u0119camy do wsparcia i pomocy!<\/p>\n\n\n\n<p><\/p>\n\n\n\n<p><\/p>\n\n\n\n<p><\/p>\n\n\n\n<p><strong>Sponsorzy:<\/strong><\/p>\n\n\n\n<p>Centrum Handlowe Gaj<br>Ferio Gaj<br>Fabryka idei<br>Sklep Eurospar <br>Drukarnia Osiedlowa<br>Sklep Carrefur ul. Bardzka<br>Sklep \u017babka ul. Krynicka 52<br>Miasto Wroc\u0142aw<br><br><strong>Organizatorzy:<\/strong><br>Rada Osiedla Gaj we Wroc\u0142awiu<\/p>\n\n\n\n<p><\/p>\n\n\n\n<p><\/p>\n\n\n\n<p><\/p>\n\n\n\n<p><\/p>\n\n\n\n<p>Serdecznie zapraszamy do wsp\u00f3lnej zabawy na po\u017cegnanie lata!<\/p>\n\n\n\n<p><\/p>\n\n\n\n<p><\/p>\n\n\n\n<p><\/p>\n","protected":false},"excerpt":{"rendered":"<p>Serdecznie zapraszamy na Festyn Osiedla Gaj, kt\u00f3ry odb\u0119dzie si\u0119 w sobot\u0119, 24 wrze\u015bnia, w Parku S\u0142onecznym na Gaju. Start imprezy o godzinie 13:00!<\/p>\n","protected":false},"author":1,"featured_media":13812,"comment_status":"open","ping_status":"open","sticky":false,"template":"","format":"standard","meta":{"footnotes":""},"categories":[14],"tags":[270,283,1000,1661,1663,1662],"class_list":["post-13802","post","type-post","status-publish","format-standard","has-post-thumbnail","hentry","category-aktualnosci","tag-festyn","tag-festyn-osiedlowy","tag-festyn-osiedlowy-na-gaju","tag-park-sloneczny-festyn","tag-piknik-gaj","tag-rada-osiedla-gaj-impreza"],"_links":{"self":[{"href":"https:\/\/online.tvk-gaj.pl\/index.php?rest_route=\/wp\/v2\/posts\/13802","targetHints":{"allow":["GET"]}}],"collection":[{"href":"https:\/\/online.tvk-gaj.pl\/index.php?rest_route=\/wp\/v2\/posts"}],"about":[{"href":"https:\/\/online.tvk-gaj.pl\/index.php?rest_route=\/wp\/v2\/types\/post"}],"author":[{"embeddable":true,"href":"https:\/\/online.tvk-gaj.pl\/index.php?rest_route=\/wp\/v2\/users\/1"}],"replies":[{"embeddable":true,"href":"https:\/\/online.tvk-gaj.pl\/index.php?rest_route=%2Fwp%2Fv2%2Fcomments&post=13802"}],"version-history":[{"count":7,"href":"https:\/\/online.tvk-gaj.pl\/index.php?rest_route=\/wp\/v2\/posts\/13802\/revisions"}],"predecessor-version":[{"id":13826,"href":"https:\/\/online.tvk-gaj.pl\/index.php?rest_route=\/wp\/v2\/posts\/13802\/revisions\/13826"}],"wp:featuredmedia":[{"embeddable":true,"href":"https:\/\/online.tvk-gaj.pl\/index.php?rest_route=\/wp\/v2\/media\/13812"}],"wp:attachment":[{"href":"https:\/\/online.tvk-gaj.pl\/index.php?rest_route=%2Fwp%2Fv2%2Fmedia&parent=13802"}],"wp:term":[{"taxonomy":"category","embeddable":true,"href":"https:\/\/online.tvk-gaj.pl\/index.php?rest_route=%2Fwp%2Fv2%2Fcategories&post=13802"},{"taxonomy":"post_tag","embeddable":true,"href":"https:\/\/online.tvk-gaj.pl\/index.php?rest_route=%2Fwp%2Fv2%2Ftags&post=13802"}],"curies":[{"name":"wp","href":"https:\/\/api.w.org\/{rel}","templated":true}]}}