{"id":13889,"date":"2022-09-26T16:15:58","date_gmt":"2022-09-26T14:15:58","guid":{"rendered":"http:\/\/www.tvk-gaj.pl\/~gajonline\/?p=13889"},"modified":"2022-09-26T21:43:30","modified_gmt":"2022-09-26T19:43:30","slug":"fotorelacja-z-festynu-osiedlowego-na-gaju-2","status":"publish","type":"post","link":"https:\/\/online.tvk-gaj.pl\/?p=13889","title":{"rendered":"Festyn Osiedlowy na Gaju &#8211; fotorelacja z imprezy"},"content":{"rendered":"\n<p>Zapraszamy do fotorelacji z festynu osiedlowego na Gaju, kt\u00f3ry odby\u0142\u00a0si\u0119 24 wrze\u015bnia 2022r., w Parku S\u0142onecznym na Gaju! <\/p>\n\n\n\n<!--more-->\n\n\n\n<p><\/p>\n\n\n\n<p><\/p>\n\n\n\n<figure class=\"wp-block-image size-large\"><img loading=\"lazy\" decoding=\"async\" width=\"724\" height=\"1024\" src=\"http:\/\/www.tvk-gaj.pl\/~gajonline\/wp-content\/uploads\/2022\/09\/Kopia-Rada-Osiedla-GAJ-724x1024.jpg\" alt=\"\" class=\"wp-image-13823\" srcset=\"https:\/\/online.tvk-gaj.pl\/wp-content\/uploads\/2022\/09\/Kopia-Rada-Osiedla-GAJ-724x1024.jpg 724w, https:\/\/online.tvk-gaj.pl\/wp-content\/uploads\/2022\/09\/Kopia-Rada-Osiedla-GAJ-212x300.jpg 212w, https:\/\/online.tvk-gaj.pl\/wp-content\/uploads\/2022\/09\/Kopia-Rada-Osiedla-GAJ-768x1086.jpg 768w, https:\/\/online.tvk-gaj.pl\/wp-content\/uploads\/2022\/09\/Kopia-Rada-Osiedla-GAJ-1086x1536.jpg 1086w, https:\/\/online.tvk-gaj.pl\/wp-content\/uploads\/2022\/09\/Kopia-Rada-Osiedla-GAJ-1448x2048.jpg 1448w, https:\/\/online.tvk-gaj.pl\/wp-content\/uploads\/2022\/09\/Kopia-Rada-Osiedla-GAJ.jpg 1587w\" sizes=\"auto, (max-width: 724px) 100vw, 724px\" \/><\/figure>\n\n\n\n<p><\/p>\n\n\n\n<p><\/p>\n\n\n\n<p>Dzi\u0119kujemy za wsp\u00f3lnie sp\u0119dzony czas podczas tegorocznego Festynu Osiedla Gaj:) Pogoda, atmosfera, atrakcje oraz go\u015bcie zdecydowanie dopisa\u0142y!<\/p>\n\n\n\n<p><\/p>\n\n\n\n<p><\/p>\n\n\n\n<figure class=\"wp-block-image size-large\"><img loading=\"lazy\" decoding=\"async\" width=\"1024\" height=\"768\" src=\"http:\/\/www.tvk-gaj.pl\/~gajonline\/wp-content\/uploads\/2022\/09\/batch_IMG_9426-1024x768.jpg\" alt=\"\" class=\"wp-image-13890\" srcset=\"https:\/\/online.tvk-gaj.pl\/wp-content\/uploads\/2022\/09\/batch_IMG_9426-1024x768.jpg 1024w, https:\/\/online.tvk-gaj.pl\/wp-content\/uploads\/2022\/09\/batch_IMG_9426-300x225.jpg 300w, https:\/\/online.tvk-gaj.pl\/wp-content\/uploads\/2022\/09\/batch_IMG_9426-768x576.jpg 768w, https:\/\/online.tvk-gaj.pl\/wp-content\/uploads\/2022\/09\/batch_IMG_9426-1536x1152.jpg 1536w, https:\/\/online.tvk-gaj.pl\/wp-content\/uploads\/2022\/09\/batch_IMG_9426.jpg 2016w\" sizes=\"auto, (max-width: 1024px) 100vw, 1024px\" \/><\/figure>\n\n\n\n<p><\/p>\n\n\n\n<p><\/p>\n\n\n\n<p>Festyn obfitowa\u0142 w atrakcje dla najm\u0142odszych. Zabaw\u0119 dzieciom zapewnia\u0142y profesjonalne animacje i liczne konkursy. Ponadto nie mog\u0142o zabrakn\u0105\u0107 dmuchanego zamku i zje\u017cd\u017calni, a tak\u017ce waty cukrowej oraz stoisk z zabawkami. <\/p>\n\n\n\n<p><\/p>\n\n\n\n<figure class=\"wp-block-image size-large\"><img loading=\"lazy\" decoding=\"async\" width=\"1024\" height=\"768\" src=\"http:\/\/www.tvk-gaj.pl\/~gajonline\/wp-content\/uploads\/2022\/09\/batch_IMG_9391-1024x768.jpg\" alt=\"\" class=\"wp-image-13891\" srcset=\"https:\/\/online.tvk-gaj.pl\/wp-content\/uploads\/2022\/09\/batch_IMG_9391-1024x768.jpg 1024w, https:\/\/online.tvk-gaj.pl\/wp-content\/uploads\/2022\/09\/batch_IMG_9391-300x225.jpg 300w, https:\/\/online.tvk-gaj.pl\/wp-content\/uploads\/2022\/09\/batch_IMG_9391-768x576.jpg 768w, https:\/\/online.tvk-gaj.pl\/wp-content\/uploads\/2022\/09\/batch_IMG_9391-1536x1152.jpg 1536w, https:\/\/online.tvk-gaj.pl\/wp-content\/uploads\/2022\/09\/batch_IMG_9391.jpg 2016w\" sizes=\"auto, (max-width: 1024px) 100vw, 1024px\" \/><\/figure>\n\n\n\n<p><\/p>\n\n\n\n<p><\/p>\n\n\n\n<p>R\u00f3wnolegle do wydarze\u0144 na scenie, na boisku pi\u0142karskim rozgrywa\u0142\u00a0si\u0119 fina\u0142 zmaga\u0144 &#8222;Sportowego Gaju&#8221;. Dzieci bior\u0105ce udzia\u0142 w rozgrywkach odebra\u0142y pami\u0105tkowe medale, kt\u00f3re wr\u0119czone zosta\u0142y przez przedstawicieli Rady Osiedla Gaj oraz Klubu Pi\u0142karskiego Respect Gaj &#8211; Pan Adam Wojtaszewski oraz Jerzy Juszczak.<\/p>\n\n\n\n<p><\/p>\n\n\n\n<p><\/p>\n\n\n\n<figure class=\"wp-block-image size-large\"><img loading=\"lazy\" decoding=\"async\" width=\"1024\" height=\"768\" src=\"http:\/\/www.tvk-gaj.pl\/~gajonline\/wp-content\/uploads\/2022\/09\/batch_IMG_9443-1024x768.jpg\" alt=\"\" class=\"wp-image-13892\" srcset=\"https:\/\/online.tvk-gaj.pl\/wp-content\/uploads\/2022\/09\/batch_IMG_9443-1024x768.jpg 1024w, https:\/\/online.tvk-gaj.pl\/wp-content\/uploads\/2022\/09\/batch_IMG_9443-300x225.jpg 300w, https:\/\/online.tvk-gaj.pl\/wp-content\/uploads\/2022\/09\/batch_IMG_9443-768x576.jpg 768w, https:\/\/online.tvk-gaj.pl\/wp-content\/uploads\/2022\/09\/batch_IMG_9443-1536x1152.jpg 1536w, https:\/\/online.tvk-gaj.pl\/wp-content\/uploads\/2022\/09\/batch_IMG_9443.jpg 2016w\" sizes=\"auto, (max-width: 1024px) 100vw, 1024px\" \/><\/figure>\n\n\n\n<p><\/p>\n\n\n\n<p><\/p>\n\n\n\n<p>Podczas festynu na scenie wyst\u0105pi\u0142 Zesp\u00f3\u0142 Taneczny  &#8222;Gracja&#8221; oraz Ch\u00f3r &#8222;Niemo\u017ca&#8221;. <\/p>\n\n\n\n<p><\/p>\n\n\n\n<p><\/p>\n\n\n\n<figure class=\"wp-block-image size-large\"><img loading=\"lazy\" decoding=\"async\" width=\"1024\" height=\"768\" src=\"http:\/\/www.tvk-gaj.pl\/~gajonline\/wp-content\/uploads\/2022\/09\/batch_IMG_9412-1024x768.jpg\" alt=\"\" class=\"wp-image-13893\" srcset=\"https:\/\/online.tvk-gaj.pl\/wp-content\/uploads\/2022\/09\/batch_IMG_9412-1024x768.jpg 1024w, https:\/\/online.tvk-gaj.pl\/wp-content\/uploads\/2022\/09\/batch_IMG_9412-300x225.jpg 300w, https:\/\/online.tvk-gaj.pl\/wp-content\/uploads\/2022\/09\/batch_IMG_9412-768x576.jpg 768w, https:\/\/online.tvk-gaj.pl\/wp-content\/uploads\/2022\/09\/batch_IMG_9412-1536x1152.jpg 1536w, https:\/\/online.tvk-gaj.pl\/wp-content\/uploads\/2022\/09\/batch_IMG_9412.jpg 2016w\" sizes=\"auto, (max-width: 1024px) 100vw, 1024px\" \/><\/figure>\n\n\n\n<p><\/p>\n\n\n\n<p>Pojawili si\u0119 r\u00f3wnie\u017c go\u015bcie specjalni &#8211; m.in. przewodnicz\u0105cy Rady Osiedla Gaja Pan Adam Wojtaszewski oraz Prezes Sp\u00f3\u0142dzielni Mieszkaniowej Wroc\u0142aw Po\u0142udnie, Pan Marek Dera. <\/p>\n\n\n\n<p><\/p>\n\n\n\n<figure class=\"wp-block-image size-large\"><img loading=\"lazy\" decoding=\"async\" width=\"1024\" height=\"768\" src=\"http:\/\/www.tvk-gaj.pl\/~gajonline\/wp-content\/uploads\/2022\/09\/batch_IMG_9438-1024x768.jpg\" alt=\"\" class=\"wp-image-13894\" srcset=\"https:\/\/online.tvk-gaj.pl\/wp-content\/uploads\/2022\/09\/batch_IMG_9438-1024x768.jpg 1024w, https:\/\/online.tvk-gaj.pl\/wp-content\/uploads\/2022\/09\/batch_IMG_9438-300x225.jpg 300w, https:\/\/online.tvk-gaj.pl\/wp-content\/uploads\/2022\/09\/batch_IMG_9438-768x576.jpg 768w, https:\/\/online.tvk-gaj.pl\/wp-content\/uploads\/2022\/09\/batch_IMG_9438-1536x1152.jpg 1536w, https:\/\/online.tvk-gaj.pl\/wp-content\/uploads\/2022\/09\/batch_IMG_9438.jpg 2016w\" sizes=\"auto, (max-width: 1024px) 100vw, 1024px\" \/><\/figure>\n\n\n\n<p><\/p>\n\n\n\n<p>W pobli\u017cu sceny pojawi\u0142y si\u0119 tak\u017ce punkty i stoiska patronackie sponsor\u00f3w imprezy, w tym Sklepu Spar, kt\u00f3ry specjalnie na festyn oddelegowa\u0142 swojego futrzastego reprezentanta w postaci misia.<\/p>\n\n\n\n<p><\/p>\n\n\n\n<figure class=\"wp-block-image size-large\"><img loading=\"lazy\" decoding=\"async\" width=\"768\" height=\"1024\" src=\"http:\/\/www.tvk-gaj.pl\/~gajonline\/wp-content\/uploads\/2022\/09\/batch_IMG_9458-768x1024.jpg\" alt=\"\" class=\"wp-image-13895\" srcset=\"https:\/\/online.tvk-gaj.pl\/wp-content\/uploads\/2022\/09\/batch_IMG_9458-768x1024.jpg 768w, https:\/\/online.tvk-gaj.pl\/wp-content\/uploads\/2022\/09\/batch_IMG_9458-225x300.jpg 225w, https:\/\/online.tvk-gaj.pl\/wp-content\/uploads\/2022\/09\/batch_IMG_9458-1152x1536.jpg 1152w, https:\/\/online.tvk-gaj.pl\/wp-content\/uploads\/2022\/09\/batch_IMG_9458.jpg 1512w\" sizes=\"auto, (max-width: 768px) 100vw, 768px\" \/><\/figure>\n\n\n\n<p><\/p>\n\n\n\n<p>Na festynie odby\u0142\u00a0si\u0119 r\u00f3wnie\u017c\u00a0kiermasz charytatywny na rzecz chorej na SMA Jag\u00f3dki. W imieniu bliskich dziewczynki dzi\u0119kujemy wszystkim darczy\u0144com za wsparcie oraz pomoc. <\/p>\n\n\n\n<p><\/p>\n\n\n\n<figure class=\"wp-block-image size-large\"><img loading=\"lazy\" decoding=\"async\" width=\"1024\" height=\"768\" src=\"http:\/\/www.tvk-gaj.pl\/~gajonline\/wp-content\/uploads\/2022\/09\/batch_IMG_9413-1024x768.jpg\" alt=\"\" class=\"wp-image-13896\" srcset=\"https:\/\/online.tvk-gaj.pl\/wp-content\/uploads\/2022\/09\/batch_IMG_9413-1024x768.jpg 1024w, https:\/\/online.tvk-gaj.pl\/wp-content\/uploads\/2022\/09\/batch_IMG_9413-300x225.jpg 300w, https:\/\/online.tvk-gaj.pl\/wp-content\/uploads\/2022\/09\/batch_IMG_9413-768x576.jpg 768w, https:\/\/online.tvk-gaj.pl\/wp-content\/uploads\/2022\/09\/batch_IMG_9413-1536x1152.jpg 1536w, https:\/\/online.tvk-gaj.pl\/wp-content\/uploads\/2022\/09\/batch_IMG_9413.jpg 2016w\" sizes=\"auto, (max-width: 1024px) 100vw, 1024px\" \/><\/figure>\n\n\n\n<p><\/p>\n\n\n\n<p>G\u0142\u00f3wnym punktem programu by\u0142 wieczorny koncert Zespo\u0142u &#8222;Amper&#8221;. <\/p>\n\n\n\n<p><\/p>\n\n\n\n<figure class=\"wp-block-image size-large\"><img loading=\"lazy\" decoding=\"async\" width=\"1024\" height=\"768\" src=\"http:\/\/www.tvk-gaj.pl\/~gajonline\/wp-content\/uploads\/2022\/09\/batch_IMG_9464-1024x768.jpg\" alt=\"\" class=\"wp-image-13897\" srcset=\"https:\/\/online.tvk-gaj.pl\/wp-content\/uploads\/2022\/09\/batch_IMG_9464-1024x768.jpg 1024w, https:\/\/online.tvk-gaj.pl\/wp-content\/uploads\/2022\/09\/batch_IMG_9464-300x225.jpg 300w, https:\/\/online.tvk-gaj.pl\/wp-content\/uploads\/2022\/09\/batch_IMG_9464-768x576.jpg 768w, https:\/\/online.tvk-gaj.pl\/wp-content\/uploads\/2022\/09\/batch_IMG_9464-1536x1152.jpg 1536w, https:\/\/online.tvk-gaj.pl\/wp-content\/uploads\/2022\/09\/batch_IMG_9464.jpg 2016w\" sizes=\"auto, (max-width: 1024px) 100vw, 1024px\" \/><\/figure>\n\n\n\n<p><\/p>\n\n\n\n<p><\/p>\n\n\n\n<p>Imprez\u0119 poprowadzi\u0142 aktor i pszczelarz z Gaju &#8211; pan Miros\u0142aw Majcherek.<\/p>\n\n\n\n<p><\/p>\n\n\n\n<p><\/p>\n\n\n\n<p><\/p>\n\n\n\n<p><strong>FOTORELACJA Z FESTYNU:<\/strong><\/p>\n\n\n\n[ngg src=&#8221;galleries&#8221; ids=&#8221;127&#8243; display=&#8221;basic_thumbnail&#8221; thumbnail_crop=&#8221;0&#8243;]\n\n\n\n<p><\/p>\n\n\n\n<p><\/p>\n\n\n\n<p><\/p>\n\n\n\n<p><strong>Serdeczne podzi\u0119kowania dla sponsor\u00f3w festynu: <\/strong><\/p>\n\n\n\n<p><\/p>\n\n\n\n<p>Centrum Handlowe Gaj<br>Ferio Gaj<br>Fabryka idei<br>Sklep Eurospar <br>Drukarnia Osiedlowa<br>Sklep Carrefur ul. Bardzka<br>Sklep \u017babka ul. Krynicka 52<br>Miasto Wroc\u0142aw<\/p>\n\n\n\n<p><\/p>\n\n\n\n<p><\/p>\n\n\n\n<p><\/p>\n\n\n\n<p><\/p>\n","protected":false},"excerpt":{"rendered":"<p>Zapraszamy do fotorelacji z festynu osiedlowego na Gaju, kt\u00f3ry odby\u0142\u00a0si\u0119 24 wrze\u015bnia 2022r., w Parku S\u0142onecznym na Gaju!<\/p>\n","protected":false},"author":1,"featured_media":13890,"comment_status":"open","ping_status":"open","sticky":false,"template":"","format":"standard","meta":{"footnotes":""},"categories":[14,12],"tags":[270,1000,293,1667,135,294,1666],"class_list":["post-13889","post","type-post","status-publish","format-standard","has-post-thumbnail","hentry","category-aktualnosci","category-artykuly","tag-festyn","tag-festyn-osiedlowy-na-gaju","tag-fotorelacja","tag-park-sloneczny-festyn-rada-osiedla-gaj","tag-rada-osiedla-gaj","tag-relacja","tag-zdjecia-festyn-gaj"],"_links":{"self":[{"href":"https:\/\/online.tvk-gaj.pl\/index.php?rest_route=\/wp\/v2\/posts\/13889","targetHints":{"allow":["GET"]}}],"collection":[{"href":"https:\/\/online.tvk-gaj.pl\/index.php?rest_route=\/wp\/v2\/posts"}],"about":[{"href":"https:\/\/online.tvk-gaj.pl\/index.php?rest_route=\/wp\/v2\/types\/post"}],"author":[{"embeddable":true,"href":"https:\/\/online.tvk-gaj.pl\/index.php?rest_route=\/wp\/v2\/users\/1"}],"replies":[{"embeddable":true,"href":"https:\/\/online.tvk-gaj.pl\/index.php?rest_route=%2Fwp%2Fv2%2Fcomments&post=13889"}],"version-history":[{"count":2,"href":"https:\/\/online.tvk-gaj.pl\/index.php?rest_route=\/wp\/v2\/posts\/13889\/revisions"}],"predecessor-version":[{"id":13900,"href":"https:\/\/online.tvk-gaj.pl\/index.php?rest_route=\/wp\/v2\/posts\/13889\/revisions\/13900"}],"wp:featuredmedia":[{"embeddable":true,"href":"https:\/\/online.tvk-gaj.pl\/index.php?rest_route=\/wp\/v2\/media\/13890"}],"wp:attachment":[{"href":"https:\/\/online.tvk-gaj.pl\/index.php?rest_route=%2Fwp%2Fv2%2Fmedia&parent=13889"}],"wp:term":[{"taxonomy":"category","embeddable":true,"href":"https:\/\/online.tvk-gaj.pl\/index.php?rest_route=%2Fwp%2Fv2%2Fcategories&post=13889"},{"taxonomy":"post_tag","embeddable":true,"href":"https:\/\/online.tvk-gaj.pl\/index.php?rest_route=%2Fwp%2Fv2%2Ftags&post=13889"}],"curies":[{"name":"wp","href":"https:\/\/api.w.org\/{rel}","templated":true}]}}