{"id":1391,"date":"2013-07-15T15:48:26","date_gmt":"2013-07-15T13:48:26","guid":{"rendered":"http:\/\/www.tvk-gaj.pl\/~gajonline\/?p=1391"},"modified":"2013-07-16T11:06:37","modified_gmt":"2013-07-16T09:06:37","slug":"zdobadz-kreacje-na-twoje-wakacje-letnia-promocja-w-ferio-gaj","status":"publish","type":"post","link":"https:\/\/online.tvk-gaj.pl\/?p=1391","title":{"rendered":"\u201eZdob\u0105d\u017a kreacje na Twoje wakacje!\u201d &#8211; letnia promocja w Ferio Gaj"},"content":{"rendered":"<p>Informacja prasowa Centrum Handlowego Ferio Gaj.\u00a0W lipcu i w sierpniu Centrum Handlowe Ferio Gaj Wroc\u0142aw zaprasza swoich klient\u00f3w i sympatyk\u00f3w do wzi\u0119cia udzia\u0142u w\u00a0 konkursie \u00a0z warto\u015bciowymi nagrodami.\u00a0Wi\u0119cej w dalszej cz\u0119\u015bci notatki prasowej.\u00a0<!--more--><\/p>\n<p>&nbsp;<\/p>\n<p><img loading=\"lazy\" decoding=\"async\" class=\"size-full wp-image-1392 alignleft\" alt=\"FGW_Bagaze_b1\" src=\"http:\/\/www.tvk-gaj.pl\/~gajonline\/wp-content\/uploads\/2013\/07\/FGW_Bagaze_b1.jpg\" width=\"700\" height=\"1000\" srcset=\"https:\/\/online.tvk-gaj.pl\/wp-content\/uploads\/2013\/07\/FGW_Bagaze_b1.jpg 700w, https:\/\/online.tvk-gaj.pl\/wp-content\/uploads\/2013\/07\/FGW_Bagaze_b1-210x300.jpg 210w\" sizes=\"auto, (max-width: 700px) 100vw, 700px\" \/><\/p>\n<p>&nbsp;<\/p>\n<p>W lipcu i w sierpniu Centrum Handlowe FERIO Gaj Wroc\u0142aw zaprasza swoich klient\u00f3w i sympatyk\u00f3w do wzi\u0119cia udzia\u0142u w\u00a0 konkursie \u00a0z warto\u015bciowymi nagrodami.<\/p>\n<p>W\u015br\u00f3d os\u00f3b, kt\u00f3re spe\u0142ni\u0105 wymogi regulaminu dost\u0119pnego na stronie internetowej FERIO Gaj, wybrane zostan\u0105 te, kt\u00f3re zdob\u0119d\u0105 \u00a0zakupy w sklepach galerii FERIO o warto\u015bci 500, 300 lub 200 PLN.<\/p>\n<p>Podstawowym wymogiem, przed kt\u00f3rym stan\u0105 Wszyscy uczestnicy zabawy, b\u0119dzie dokonanie zakup\u00f3w w dowolnym sklepie na terenie FERIO Gaj &#8211; udokumentowanych jednym paragonem na kwot\u0119 min 75 PLN.<\/p>\n<p>Kupon zg\u0142oszeniowy i tre\u015b\u0107 wykonanego zadania konkursowego w postaci has\u0142a promuj\u0105cego Centrum Handlowe FERIO Gaj Wroc\u0142aw (z wykorzystaniem s\u0142\u00f3w \u2013 zakupy i wakacje), nale\u017cy przes\u0142a\u0107 na adres <a href=\"mailto:konkurs@feriogaj.com\">konkurs@feriogaj.com<\/a>.<\/p>\n<p>&nbsp;<\/p>\n<p>Zg\u0142oszenia przyjmowane b\u0119d\u0105 w dniach 15 -21 lipca, 22 \u2013 28 lipca, 29. lipca \u2013 4 sierpnia i\u00a0 5. sierpnia \u2013 11 sierpnia.<\/p>\n<p>W ka\u017cdy konkursowy wtorek podawane b\u0119d\u0105 wyniki zabawy z poprzedniego tygodnia. Wr\u0119czenie nagr\u00f3d lipcowych odb\u0119dzie si\u0119 w dniach 1-2 lipca. Sierpniowi laureaci zostan\u0105 uhonorowani w dniach 16-17 sierpnia.<\/p>\n<p>&nbsp;<\/p>\n<p>Regulamin dost\u0119pny jest na stronie <a href=\"http:\/\/www.feriogaj.com\/\">www.feriogaj.com<\/a>.<\/p>\n<p>&nbsp;<\/p>\n<p>Wszystkim uczestnikom konkursu \u017cyczymy powodzenia.<\/p>\n<p>&nbsp;<\/p>\n<p style=\"text-align: left;\"><b>Centrum handlowo \u2013 us\u0142ugowe\u00a0\u00a0 FERIO Gaj,<\/b><\/p>\n<p style=\"text-align: left;\" align=\"center\"><b>ul. \u015awieradowska 51\/57, 50-559 Wroc\u0142aw,<\/b><\/p>\n<p style=\"text-align: left;\" align=\"center\"><b>Godziny otwarcia Centrum pon. &#8211;\u00a0 sb. 10:00-21:00, ndz. 10:00-19:00.<\/b><\/p>\n<p style=\"text-align: left;\" align=\"center\"><b>Godziny otwarcia supermarketu Piotr i Pawe\u0142 pon. \u2013\u00a0 sb.\u00a0 8:00-22:30, ndz. 10:00-19:00.<\/b><\/p>\n<p align=\"center\">\n","protected":false},"excerpt":{"rendered":"<p>Informacja prasowa Centrum Handlowego Ferio Gaj.\u00a0W lipcu i w sierpniu Centrum Handlowe Ferio Gaj Wroc\u0142aw zaprasza swoich klient\u00f3w i sympatyk\u00f3w do wzi\u0119cia udzia\u0142u w\u00a0 konkursie \u00a0z warto\u015bciowymi nagrodami.\u00a0Wi\u0119cej w dalszej cz\u0119\u015bci notatki prasowej.\u00a0<\/p>\n","protected":false},"author":1,"featured_media":1392,"comment_status":"open","ping_status":"open","sticky":false,"template":"","format":"standard","meta":{"footnotes":""},"categories":[14],"tags":[90],"class_list":["post-1391","post","type-post","status-publish","format-standard","has-post-thumbnail","hentry","category-aktualnosci","tag-promocja-ferio-gaj-wroclaw"],"_links":{"self":[{"href":"https:\/\/online.tvk-gaj.pl\/index.php?rest_route=\/wp\/v2\/posts\/1391","targetHints":{"allow":["GET"]}}],"collection":[{"href":"https:\/\/online.tvk-gaj.pl\/index.php?rest_route=\/wp\/v2\/posts"}],"about":[{"href":"https:\/\/online.tvk-gaj.pl\/index.php?rest_route=\/wp\/v2\/types\/post"}],"author":[{"embeddable":true,"href":"https:\/\/online.tvk-gaj.pl\/index.php?rest_route=\/wp\/v2\/users\/1"}],"replies":[{"embeddable":true,"href":"https:\/\/online.tvk-gaj.pl\/index.php?rest_route=%2Fwp%2Fv2%2Fcomments&post=1391"}],"version-history":[{"count":6,"href":"https:\/\/online.tvk-gaj.pl\/index.php?rest_route=\/wp\/v2\/posts\/1391\/revisions"}],"predecessor-version":[{"id":1650,"href":"https:\/\/online.tvk-gaj.pl\/index.php?rest_route=\/wp\/v2\/posts\/1391\/revisions\/1650"}],"wp:featuredmedia":[{"embeddable":true,"href":"https:\/\/online.tvk-gaj.pl\/index.php?rest_route=\/wp\/v2\/media\/1392"}],"wp:attachment":[{"href":"https:\/\/online.tvk-gaj.pl\/index.php?rest_route=%2Fwp%2Fv2%2Fmedia&parent=1391"}],"wp:term":[{"taxonomy":"category","embeddable":true,"href":"https:\/\/online.tvk-gaj.pl\/index.php?rest_route=%2Fwp%2Fv2%2Fcategories&post=1391"},{"taxonomy":"post_tag","embeddable":true,"href":"https:\/\/online.tvk-gaj.pl\/index.php?rest_route=%2Fwp%2Fv2%2Ftags&post=1391"}],"curies":[{"name":"wp","href":"https:\/\/api.w.org\/{rel}","templated":true}]}}