{"id":13940,"date":"2022-09-25T21:54:00","date_gmt":"2022-09-25T19:54:00","guid":{"rendered":"http:\/\/www.tvk-gaj.pl\/~gajonline\/?p=13940"},"modified":"2022-09-26T22:29:12","modified_gmt":"2022-09-26T20:29:12","slug":"wycieczka-seniorow-z-gaju-do-niemiec-galeria-zdjec","status":"publish","type":"post","link":"https:\/\/online.tvk-gaj.pl\/?p=13940","title":{"rendered":"Wycieczka senior\u00f3w z Gaju do Poczdamu &#8211; galeria zdj\u0119\u0107"},"content":{"rendered":"\n<p>Zapraszamy do fotorelacji z wycieczki senior\u00f3w z Gaju do Poczdamu i Berlina, kt\u00f3ra odby\u0142a si\u0119 w dniach 20-22 sierpnia 2022, w ramach Senioralnego Funduszu Wyjazdowego.<\/p>\n\n\n\n<!--more-->\n\n\n\n<p><\/p>\n\n\n\n<p><\/p>\n\n\n\n<p><\/p>\n\n\n\n<figure class=\"wp-block-image size-large\"><img loading=\"lazy\" decoding=\"async\" width=\"724\" height=\"1024\" src=\"http:\/\/www.tvk-gaj.pl\/~gajonline\/wp-content\/uploads\/2022\/09\/Wycieczka-Senioro\u0301w-z-Gaju-3-724x1024.jpg\" alt=\"\" class=\"wp-image-13948\" srcset=\"https:\/\/online.tvk-gaj.pl\/wp-content\/uploads\/2022\/09\/Wycieczka-Senioro\u0301w-z-Gaju-3-724x1024.jpg 724w, https:\/\/online.tvk-gaj.pl\/wp-content\/uploads\/2022\/09\/Wycieczka-Senioro\u0301w-z-Gaju-3-212x300.jpg 212w, https:\/\/online.tvk-gaj.pl\/wp-content\/uploads\/2022\/09\/Wycieczka-Senioro\u0301w-z-Gaju-3-768x1086.jpg 768w, https:\/\/online.tvk-gaj.pl\/wp-content\/uploads\/2022\/09\/Wycieczka-Senioro\u0301w-z-Gaju-3-1086x1536.jpg 1086w, https:\/\/online.tvk-gaj.pl\/wp-content\/uploads\/2022\/09\/Wycieczka-Senioro\u0301w-z-Gaju-3-1448x2048.jpg 1448w, https:\/\/online.tvk-gaj.pl\/wp-content\/uploads\/2022\/09\/Wycieczka-Senioro\u0301w-z-Gaju-3-scaled.jpg 1810w\" sizes=\"auto, (max-width: 724px) 100vw, 724px\" \/><\/figure>\n\n\n\n<p><\/p>\n\n\n\n<p><\/p>\n\n\n\n<p><\/p>\n\n\n\n<p><\/p>\n\n\n\n<p>W dniach 20-22 sierpnia seniorzy zwi\u0105zani z Klubem Seniora na Gaju wyjechali w ramach Senioralnego Funduszu Wyjazdowego na 3 dniow\u0105 wycieczk\u0119 do Poczdamu, Berlina oraz \u017bagania i Sul\u0119cina, gdzie nocowano w O\u015brodku &#8222;Kormoran&#8221;. <\/p>\n\n\n\n<p><\/p>\n\n\n\n<p><\/p>\n\n\n\n<p><\/p>\n\n\n\n<p><\/p>\n\n\n\n<p><strong>FOTORELACJA Z WYJAZDU:<\/strong><\/p>\n\n\n\n[ngg src=&#8221;galleries&#8221; ids=&#8221;128&#8243; display=&#8221;basic_thumbnail&#8221; thumbnail_crop=&#8221;0&#8243;]\n\n\n\n<p><\/p>\n\n\n\n<p><\/p>\n\n\n\n<p><\/p>\n\n\n\n<p><strong>Celem wyjazdu do Poczdamu by\u0142o zintegrowanie spo\u0142eczno\u015bci senior\u00f3w z Gaju oraz umo\u017cliwienie im wsp\u00f3lnego sp\u0119dzenia czasu i poznania dziedzictwa historyczno-kulturowego Niemiec.<\/strong><\/p>\n\n\n\n<p><\/p>\n\n\n\n<p><strong>Wyjazd sfinansowany zosta\u0142 z \u015brodk\u00f3w wroc\u0142awskiego Senioralnego Funduszu Wyjazdowego, a organizatorem by\u0142a Rada Osiedla Gaj.<\/strong><\/p>\n\n\n\n<p><\/p>\n\n\n\n<p><br><br><em>Za wyjazd i organizacj\u0119 dzi\u0119kujemy szczeg\u00f3lnie Radnej Osiedla Gaj, p. Halinie Walczyk-Makowskiej.<\/em><\/p>\n\n\n\n<p><\/p>\n\n\n\n<p><\/p>\n\n\n\n<p><\/p>\n","protected":false},"excerpt":{"rendered":"<p>Zapraszamy do fotorelacji z wycieczki senior\u00f3w z Gaju do Poczdamu i Berlina, kt\u00f3ra odby\u0142a si\u0119 w dniach 20-22 sierpnia 2022, w ramach Senioralnego Funduszu Wyjazdowego.<\/p>\n","protected":false},"author":1,"featured_media":13941,"comment_status":"open","ping_status":"open","sticky":false,"template":"","format":"standard","meta":{"footnotes":""},"categories":[14,12,441],"tags":[421,1669,1545,1670,1668,1671],"class_list":["post-13940","post","type-post","status-publish","format-standard","has-post-thumbnail","hentry","category-aktualnosci","category-artykuly","category-klub","tag-klub-seniora-na-gaju","tag-ro-gaj-seniorzy","tag-senioralny-fundusz-wyjazdowy-gaj","tag-seniorzy-z-gaju-wycieczka","tag-wycieczka-seniorow-z-gaju-do-poczdamu","tag-zdjecia-klub-seniora-na-gaju"],"_links":{"self":[{"href":"https:\/\/online.tvk-gaj.pl\/index.php?rest_route=\/wp\/v2\/posts\/13940","targetHints":{"allow":["GET"]}}],"collection":[{"href":"https:\/\/online.tvk-gaj.pl\/index.php?rest_route=\/wp\/v2\/posts"}],"about":[{"href":"https:\/\/online.tvk-gaj.pl\/index.php?rest_route=\/wp\/v2\/types\/post"}],"author":[{"embeddable":true,"href":"https:\/\/online.tvk-gaj.pl\/index.php?rest_route=\/wp\/v2\/users\/1"}],"replies":[{"embeddable":true,"href":"https:\/\/online.tvk-gaj.pl\/index.php?rest_route=%2Fwp%2Fv2%2Fcomments&post=13940"}],"version-history":[{"count":8,"href":"https:\/\/online.tvk-gaj.pl\/index.php?rest_route=\/wp\/v2\/posts\/13940\/revisions"}],"predecessor-version":[{"id":13953,"href":"https:\/\/online.tvk-gaj.pl\/index.php?rest_route=\/wp\/v2\/posts\/13940\/revisions\/13953"}],"wp:featuredmedia":[{"embeddable":true,"href":"https:\/\/online.tvk-gaj.pl\/index.php?rest_route=\/wp\/v2\/media\/13941"}],"wp:attachment":[{"href":"https:\/\/online.tvk-gaj.pl\/index.php?rest_route=%2Fwp%2Fv2%2Fmedia&parent=13940"}],"wp:term":[{"taxonomy":"category","embeddable":true,"href":"https:\/\/online.tvk-gaj.pl\/index.php?rest_route=%2Fwp%2Fv2%2Fcategories&post=13940"},{"taxonomy":"post_tag","embeddable":true,"href":"https:\/\/online.tvk-gaj.pl\/index.php?rest_route=%2Fwp%2Fv2%2Ftags&post=13940"}],"curies":[{"name":"wp","href":"https:\/\/api.w.org\/{rel}","templated":true}]}}