{"id":13975,"date":"2022-10-06T21:30:00","date_gmt":"2022-10-06T19:30:00","guid":{"rendered":"http:\/\/www.tvk-gaj.pl\/~gajonline\/?p=13975"},"modified":"2022-09-30T21:56:05","modified_gmt":"2022-09-30T19:56:05","slug":"podsumowanie-sportowego-gaju-edycji-2022","status":"publish","type":"post","link":"https:\/\/online.tvk-gaj.pl\/?p=13975","title":{"rendered":"Podsumowanie &#8222;Sportowego Gaju&#8221; edycji 2022"},"content":{"rendered":"\n<p>Podsumowanie przedsi\u0119wzi\u0119cia osiedlowego zrealizowanego w ramach Funduszu Czasu Wolnego.<\/p>\n\n\n\n<!--more-->\n\n\n\n<p><\/p>\n\n\n\n<p><strong>Sportowy Gaj 2022<\/strong><\/p>\n\n\n\n<p><\/p>\n\n\n\n<p><\/p>\n\n\n\n<figure class=\"wp-block-image size-large\"><img loading=\"lazy\" decoding=\"async\" width=\"724\" height=\"1024\" src=\"http:\/\/www.tvk-gaj.pl\/~gajonline\/wp-content\/uploads\/2022\/07\/sg22a3plakat-724x1024.jpg\" alt=\"\" class=\"wp-image-13703\" srcset=\"https:\/\/online.tvk-gaj.pl\/wp-content\/uploads\/2022\/07\/sg22a3plakat-724x1024.jpg 724w, https:\/\/online.tvk-gaj.pl\/wp-content\/uploads\/2022\/07\/sg22a3plakat-212x300.jpg 212w, https:\/\/online.tvk-gaj.pl\/wp-content\/uploads\/2022\/07\/sg22a3plakat-768x1087.jpg 768w, https:\/\/online.tvk-gaj.pl\/wp-content\/uploads\/2022\/07\/sg22a3plakat.jpg 841w\" sizes=\"auto, (max-width: 724px) 100vw, 724px\" \/><\/figure>\n\n\n\n<p><\/p>\n\n\n\n<p><\/p>\n\n\n\n<p><\/p>\n\n\n\n<p><\/p>\n\n\n\n<p><\/p>\n\n\n\n<p><strong>SPRAWOZDANIE Z RALIZACJI ZADANIA SPO\u0141ECZNEGO:<\/strong><\/p>\n\n\n\n<p><\/p>\n\n\n\n<p><\/p>\n\n\n\n<p><\/p>\n\n\n\n<figure class=\"wp-block-image size-large\"><img loading=\"lazy\" decoding=\"async\" width=\"1024\" height=\"768\" src=\"http:\/\/www.tvk-gaj.pl\/~gajonline\/wp-content\/uploads\/2022\/09\/DSCF0786_1-1024x768.jpg\" alt=\"\" class=\"wp-image-13976\" srcset=\"https:\/\/online.tvk-gaj.pl\/wp-content\/uploads\/2022\/09\/DSCF0786_1-1024x768.jpg 1024w, https:\/\/online.tvk-gaj.pl\/wp-content\/uploads\/2022\/09\/DSCF0786_1-300x225.jpg 300w, https:\/\/online.tvk-gaj.pl\/wp-content\/uploads\/2022\/09\/DSCF0786_1-768x576.jpg 768w, https:\/\/online.tvk-gaj.pl\/wp-content\/uploads\/2022\/09\/DSCF0786_1-1536x1152.jpg 1536w, https:\/\/online.tvk-gaj.pl\/wp-content\/uploads\/2022\/09\/DSCF0786_1-2048x1536.jpg 2048w\" sizes=\"auto, (max-width: 1024px) 100vw, 1024px\" \/><\/figure>\n\n\n\n<p><\/p>\n\n\n\n<p><\/p>\n\n\n\n<p><\/p>\n\n\n\n<blockquote class=\"wp-block-quote is-layout-flow wp-block-quote-is-layout-flow\"><p>Rada Osiedla Gaj w roku 2022r. po raz czwarty skorzysta\u0142a z Funduszu Czasu Wolnego i przy wsp\u00f3\u0142pracy klubu pi\u0142karskiego UKS RESPECT Wroc\u0142aw oraz M\u0142odzie\u017cowego Centrum Sportu zorganizowa\u0142a i przeprowadzi\u0142a na boisku pi\u0142karskim usytuowanym w Parku S\u0142onecznym przy ul. Orzechowej we Wroc\u0142awiu projekt zaj\u0119\u0107 sportowych pod nazw\u0105 &#8222;Sportowy Gaj 2022&#8221;.<\/p><\/blockquote>\n\n\n\n<p><\/p>\n\n\n\n<p class=\"has-text-align-left\"><\/p>\n\n\n\n<p>Inicjatywa ta zyska\u0142a zaufanie mieszka\u0144c\u00f3w Osiedla Gaj i osiedli o\u015bciennych. W ciagu 11 dni (16 , 17, 30 , 31 lipca oraz 6, 7, 27, 28 sierpnia oraz 3, 4, 17 wrze\u015bnia 2022 .), w godzinach 14.00-21.00, w sumie przez 63 godziny, dzieci i ich rodzice oraz m\u0142odzie\u017c mieli mo\u017cliwo\u015b\u0107 brania udzia\u0142u w treningach, grach i zabawach na czternastu stacjach tematycznych.<\/p>\n\n\n\n<p>Rywalizowano w nast\u0119puj\u0105cych konkurencjach:&nbsp;&nbsp;<\/p>\n\n\n\n<p>-trening pi\u0142karski i mecz pi\u0142ki no\u017cnej okre\u015blonych grup wiekowych,<br>-skoki w dal z miejsca,<br>-rzuty pi\u0142eczk\u0105 na odleg\u0142o\u015b\u0107,<br>-pokonywanie specjalistycznego toru przeszk\u00f3d biegiem<br>-p\u0142otki, ustawione grzybki, drabinki korekcyjne , tyczki i obr\u0119cze,<br>-skoki w workach indywidualnie &#8211; dru\u017cynowo i rodzinnie,<br>-unihokej &#8211; rywalizacja dru\u017cynowa,<br>-mini siatk\u00f3wka &#8211; rywalizacja dru\u017cynowa,<br>-&#8222;poci\u0105g z doczepianymi wagonami&#8221;- dru\u017cynowo i rodzinnie,<br>-przeci\u0105ganie liny dru\u017cynowo i rodzinnie,<br>-pojedynek bramkarzy &#8211; rywalizacja parami ,<br>-celno\u015b\u0107 strza\u0142\u00f3w na bramk\u0119 do zawieszonej tarczy,<br>-celno\u015b\u0107 rzut\u00f3w woreczkami do ustawionych obr\u0119czy,<br>-wielob\u00f3j rodzinny &#8211; dwie osoby doros\u0142e i dziecko,<br>-biegi na okre\u015blonych dystansach.<\/p>\n\n\n\n<p>\u00a0\u00a0\u00a0\u00a0\u00a0\u00a0\u00a0\u00a0\u00a0\u00a0\u00a0\u00a0\u00a0\u00a0\u00a0\u00a0\u00a0\u00a0\u00a0\u00a0\u00a0\u00a0\u00a0\u00a0\u00a0\u00a0\u00a0\u00a0\u00a0\u00a0\u00a0\u00a0\u00a0\u00a0\u00a0\u00a0\u00a0\u00a0\u00a0\u00a0\u00a0\u00a0\u00a0\u00a0\u00a0\u00a0\u00a0\u00a0\u00a0\u00a0\u00a0\u00a0\u00a0\u00a0\u00a0\u00a0\u00a0\u00a0\u00a0\u00a0\u00a0\u00a0\u00a0\u00a0\u00a0\u00a0\u00a0\u00a0\u00a0\u00a0\u00a0\u00a0\u00a0\u00a0\u00a0\u00a0\u00a0\u00a0\u00a0\u00a0\u00a0\u00a0\u00a0\u00a0\u00a0\u00a0\u00a0\u00a0\u00a0\u00a0\u00a0\u00a0<\/p>\n\n\n\n<p>\u00a0\u00a0\u00a0\u00a0\u00a0\u00a0\u00a0\u00a0\u00a0\u00a0\u00a0\u00a0\u00a0\u00a0\u00a0\u00a0\u00a0\u00a0\u00a0\u00a0\u00a0\u00a0\u00a0\u00a0\u00a0\u00a0\u00a0\u00a0\u00a0\u00a0\u00a0\u00a0\u00a0\u00a0\u00a0\u00a0\u00a0\u00a0\u00a0\u00a0\u00a0\u00a0\u00a0\u00a0\u00a0\u00a0\u00a0\u00a0<\/p>\n\n\n\n<p>W zaj\u0119ciach &#8211; dedykowanych dla wszystkich ch\u0119tnych z uwzgl\u0119dnieniem rodzin- wzi\u0119\u0142o udzia\u0142 prawie tysi\u0105c os\u00f3b. W tym roku przy\u0142\u0105czyli si\u0119 do nas przybysze z Ukrainy w liczbie ponad 250. Wszyscy uczestnicy zostali nagrodzeni pami\u0105tkowymi medalami (50 szt.medali i koszulek to wsparcie od MCS). Najlepsi w wyznaczonych konkurencjach &#8211; pojedynku bramkarzy i celno\u015bci strza\u0142\u00f3w na bramk\u0119 &#8211; otrzymali statuetki i specjalne medale. Zaj\u0119cia prowadzi\u0142o 3 trener\u00f3w wspomaganych przez 5 wolontariuszy.<\/p>\n\n\n\n<p>\u00a0\u00a0\u00a0\u00a0\u00a0\u00a0\u00a0\u00a0\u00a0\u00a0\u00a0\u00a0\u00a0\u00a0\u00a0\u00a0\u00a0\u00a0\u00a0\u00a0\u00a0\u00a0\u00a0\u00a0\u00a0\u00a0\u00a0\u00a0\u00a0\u00a0\u00a0\u00a0\u00a0\u00a0\u00a0\u00a0\u00a0\u00a0\u00a0\u00a0\u00a0\u00a0\u00a0\u00a0\u00a0\u00a0\u00a0\u00a0\u00a0\u00a0\u00a0\u00a0\u00a0\u00a0\u00a0\u00a0\u00a0\u00a0\u00a0\u00a0\u00a0\u00a0\u00a0\u00a0\u00a0\u00a0\u00a0\u00a0\u00a0\u00a0\u00a0\u00a0\u00a0\u00a0\u00a0\u00a0\u00a0\u00a0\u00a0\u00a0\u00a0\u00a0\u00a0\u00a0\u00a0<\/p>\n\n\n\n<p>Drugim tematem realizowanym przez Rad\u0119 Osiedla, MCS&nbsp; i UKS RESPECT Wroc\u0142aw&nbsp; w ramach &#8222;Sportowego Gaju 2022 r.&#8221; by\u0142 projekt &#8221; Nocne granie na Gaju &#8222;, kt\u00f3rym obj\u0119to m\u0142odzie\u017c i doros\u0142ych. W okresie od 1 lipca do 24 wrze\u015bnia 2022 r. w godzinach 18.00-21.30 , na boisku&nbsp; przy ul. Orzechowej 39 razy zorganizowano mecze dru\u017cyn pi\u0142karskich w kt\u00f3rych uczestniczy\u0142o &#8211; w spos\u00f3b zorganizowany &#8211; ponad 1600 os\u00f3b oraz oko\u0142o 200 os\u00f3b poza projektem&nbsp;&nbsp;&nbsp;&nbsp;&nbsp;&nbsp;&nbsp;&nbsp;&nbsp;&nbsp;&nbsp;&nbsp;&nbsp;&nbsp;&nbsp;&nbsp;&nbsp;&nbsp;&nbsp;&nbsp;&nbsp;&nbsp;&nbsp;&nbsp;&nbsp;&nbsp;&nbsp;&nbsp;&nbsp;<\/p>\n\n\n\n<p>\u00a0\u00a0\u00a0\u00a0\u00a0\u00a0\u00a0\u00a0\u00a0\u00a0\u00a0\u00a0\u00a0\u00a0\u00a0\u00a0\u00a0\u00a0\u00a0\u00a0\u00a0\u00a0\u00a0\u00a0\u00a0\u00a0\u00a0\u00a0\u00a0\u00a0\u00a0\u00a0\u00a0\u00a0\u00a0\u00a0\u00a0\u00a0\u00a0\u00a0\u00a0\u00a0\u00a0\u00a0\u00a0\u00a0\u00a0\u00a0\u00a0\u00a0\u00a0\u00a0\u00a0\u00a0\u00a0\u00a0\u00a0\u00a0\u00a0\u00a0\u00a0\u00a0\u00a0\u00a0\u00a0\u00a0\u00a0\u00a0\u00a0\u00a0\u00a0\u00a0\u00a0\u00a0\u00a0\u00a0\u00a0\u00a0\u00a0\u00a0\u00a0\u00a0\u00a0\u00a0\u00a0\u00a0\u00a0\u00a0\u00a0\u00a0\u00a0\u00a0\u00a0\u00a0\u00a0\u00a0\u00a0\u00a0\u00a0\u00a0\u00a0\u00a0 .<br>Zaj\u0119cia prowadzi\u0142o i nadzorowa\u0142o-na zasadzie wolontariatu &#8211; 2 trener\u00f3w.<\/p>\n\n\n\n<p><\/p>\n\n\n\n<p><\/p>\n\n\n\n<p><\/p>\n\n\n\n<figure class=\"wp-block-image size-large\"><img loading=\"lazy\" decoding=\"async\" width=\"1024\" height=\"768\" src=\"http:\/\/www.tvk-gaj.pl\/~gajonline\/wp-content\/uploads\/2022\/09\/DSCF0776_1-1024x768.jpg\" alt=\"\" class=\"wp-image-13977\" srcset=\"https:\/\/online.tvk-gaj.pl\/wp-content\/uploads\/2022\/09\/DSCF0776_1-1024x768.jpg 1024w, https:\/\/online.tvk-gaj.pl\/wp-content\/uploads\/2022\/09\/DSCF0776_1-300x225.jpg 300w, https:\/\/online.tvk-gaj.pl\/wp-content\/uploads\/2022\/09\/DSCF0776_1-768x576.jpg 768w, https:\/\/online.tvk-gaj.pl\/wp-content\/uploads\/2022\/09\/DSCF0776_1-1536x1152.jpg 1536w, https:\/\/online.tvk-gaj.pl\/wp-content\/uploads\/2022\/09\/DSCF0776_1-2048x1536.jpg 2048w\" sizes=\"auto, (max-width: 1024px) 100vw, 1024px\" \/><\/figure>\n\n\n\n<p><\/p>\n\n\n\n<p><\/p>\n\n\n\n<p><\/p>\n\n\n\n<p><\/p>\n\n\n\n<p><strong>Serdecznie dzi\u0119kujemy wszystkim uczestnikom, trenerom oraz organizatorom za zaanga\u017cowanie i udzia\u0142 w tegorocznej edycji &#8222;Sportowego Gaju&#8221;.<\/strong><\/p>\n\n\n\n<p><\/p>\n\n\n\n<p><\/p>\n\n\n\n<p><\/p>\n\n\n\n<p><\/p>\n\n\n\n<p><\/p>\n\n\n\n<p><\/p>\n","protected":false},"excerpt":{"rendered":"<p>Podsumowanie przedsi\u0119wzi\u0119cia osiedlowego zrealizowanego w ramach Funduszu Czasu Wolnego.<\/p>\n","protected":false},"author":1,"featured_media":13703,"comment_status":"open","ping_status":"open","sticky":false,"template":"","format":"standard","meta":{"footnotes":""},"categories":[14,12],"tags":[293,1204,294,1339,1678],"class_list":["post-13975","post","type-post","status-publish","format-standard","has-post-thumbnail","hentry","category-aktualnosci","category-artykuly","tag-fotorelacja","tag-fundusz-czasu-wolnego","tag-relacja","tag-sportowy-gaj","tag-sportowy-gaj-2022"],"_links":{"self":[{"href":"https:\/\/online.tvk-gaj.pl\/index.php?rest_route=\/wp\/v2\/posts\/13975","targetHints":{"allow":["GET"]}}],"collection":[{"href":"https:\/\/online.tvk-gaj.pl\/index.php?rest_route=\/wp\/v2\/posts"}],"about":[{"href":"https:\/\/online.tvk-gaj.pl\/index.php?rest_route=\/wp\/v2\/types\/post"}],"author":[{"embeddable":true,"href":"https:\/\/online.tvk-gaj.pl\/index.php?rest_route=\/wp\/v2\/users\/1"}],"replies":[{"embeddable":true,"href":"https:\/\/online.tvk-gaj.pl\/index.php?rest_route=%2Fwp%2Fv2%2Fcomments&post=13975"}],"version-history":[{"count":5,"href":"https:\/\/online.tvk-gaj.pl\/index.php?rest_route=\/wp\/v2\/posts\/13975\/revisions"}],"predecessor-version":[{"id":13985,"href":"https:\/\/online.tvk-gaj.pl\/index.php?rest_route=\/wp\/v2\/posts\/13975\/revisions\/13985"}],"wp:featuredmedia":[{"embeddable":true,"href":"https:\/\/online.tvk-gaj.pl\/index.php?rest_route=\/wp\/v2\/media\/13703"}],"wp:attachment":[{"href":"https:\/\/online.tvk-gaj.pl\/index.php?rest_route=%2Fwp%2Fv2%2Fmedia&parent=13975"}],"wp:term":[{"taxonomy":"category","embeddable":true,"href":"https:\/\/online.tvk-gaj.pl\/index.php?rest_route=%2Fwp%2Fv2%2Fcategories&post=13975"},{"taxonomy":"post_tag","embeddable":true,"href":"https:\/\/online.tvk-gaj.pl\/index.php?rest_route=%2Fwp%2Fv2%2Ftags&post=13975"}],"curies":[{"name":"wp","href":"https:\/\/api.w.org\/{rel}","templated":true}]}}