{"id":14002,"date":"2022-10-21T20:43:00","date_gmt":"2022-10-21T18:43:00","guid":{"rendered":"http:\/\/www.tvk-gaj.pl\/~gajonline\/?p=14002"},"modified":"2022-10-21T10:08:32","modified_gmt":"2022-10-21T08:08:32","slug":"nowoczesne-centrum-pediatryczne-powstanie-na-gaju","status":"publish","type":"post","link":"https:\/\/online.tvk-gaj.pl\/?p=14002","title":{"rendered":"Nowoczesne centrum pediatryczne powstanie na Gaju"},"content":{"rendered":"\n<p>Na Gaju, przy ul. Borowskiej, powsta\u0107 ma Zintegrowane Centrum Pediatryczne Uniwersyteckiego Szpitala Klinicznego.<\/p>\n\n\n\n<!--more-->\n\n\n\n<p><\/p>\n\n\n\n<p><\/p>\n\n\n\n<p><\/p>\n\n\n\n<figure class=\"wp-block-image size-full\"><img loading=\"lazy\" decoding=\"async\" width=\"851\" height=\"315\" src=\"http:\/\/www.tvk-gaj.pl\/~gajonline\/wp-content\/uploads\/2013\/04\/szpital.jpg\" alt=\"\" class=\"wp-image-2053\" srcset=\"https:\/\/online.tvk-gaj.pl\/wp-content\/uploads\/2013\/04\/szpital.jpg 851w, https:\/\/online.tvk-gaj.pl\/wp-content\/uploads\/2013\/04\/szpital-300x111.jpg 300w\" sizes=\"auto, (max-width: 851px) 100vw, 851px\" \/><\/figure>\n\n\n\n<p><\/p>\n\n\n\n<p><\/p>\n\n\n\n<p><\/p>\n\n\n\n<p>Na Gaju, przy ul. Borowskiej, powsta\u0107 ma Zintegrowane Centrum Pediatryczne Uniwersyteckiego Szpitala Klinicznego. <\/p>\n\n\n\n<p><\/p>\n\n\n\n<p><\/p>\n\n\n\n<div class=\"wp-block-image\"><figure class=\"aligncenter size-full\"><img loading=\"lazy\" decoding=\"async\" width=\"658\" height=\"436\" src=\"http:\/\/www.tvk-gaj.pl\/~gajonline\/wp-content\/uploads\/2013\/04\/farmacjaotwarcie10.jpg\" alt=\"\" class=\"wp-image-1097\" srcset=\"https:\/\/online.tvk-gaj.pl\/wp-content\/uploads\/2013\/04\/farmacjaotwarcie10.jpg 658w, https:\/\/online.tvk-gaj.pl\/wp-content\/uploads\/2013\/04\/farmacjaotwarcie10-300x198.jpg 300w, https:\/\/online.tvk-gaj.pl\/wp-content\/uploads\/2013\/04\/farmacjaotwarcie10-321x214.jpg 321w, https:\/\/online.tvk-gaj.pl\/wp-content\/uploads\/2013\/04\/farmacjaotwarcie10-207x136.jpg 207w, https:\/\/online.tvk-gaj.pl\/wp-content\/uploads\/2013\/04\/farmacjaotwarcie10-140x94.jpg 140w\" sizes=\"auto, (max-width: 658px) 100vw, 658px\" \/><\/figure><\/div>\n\n\n\n<p><\/p>\n\n\n\n<p><\/p>\n\n\n\n<p>Centrum znajdowa\u0107 si\u0119 b\u0119dzie tu\u017c przy onkologicznym szpitalu dzieci\u0119cym &#8211; Przyl\u0105dku Nadziei.W Zintegrowanym Centrum Pediatrycznym znajdowa\u0107 si\u0119 ma ponad 140 wieloprofilowych \u0142\u00f3\u017cek, kilka specjalistycznych poradni, pracownie diagnostyczne i oddzia\u0142 obserwacyjno-zaka\u017any. <\/p>\n\n\n\n<p><\/p>\n\n\n\n<p><\/p>\n\n\n\n<figure class=\"wp-block-image size-large\"><img loading=\"lazy\" decoding=\"async\" width=\"1024\" height=\"576\" src=\"http:\/\/www.tvk-gaj.pl\/~gajonline\/wp-content\/uploads\/2015\/09\/2015-09-03-14.40.59-1024x576.jpg\" alt=\"\" class=\"wp-image-4803\" srcset=\"https:\/\/online.tvk-gaj.pl\/wp-content\/uploads\/2015\/09\/2015-09-03-14.40.59-1024x576.jpg 1024w, https:\/\/online.tvk-gaj.pl\/wp-content\/uploads\/2015\/09\/2015-09-03-14.40.59-300x169.jpg 300w\" sizes=\"auto, (max-width: 1024px) 100vw, 1024px\" \/><\/figure>\n\n\n\n<p><\/p>\n\n\n\n<p><\/p>\n\n\n\n<p>Termin zako\u0144czenia inwestycja planowany jest na 2027r.<\/p>\n\n\n\n<p><\/p>\n\n\n\n<p><\/p>\n\n\n\n<p>Teren na Gaju, pomi\u0119dzy ulicami Borowsk\u0105\u00a0a Spisk\u0105, zajmowany jest obecnie przez kompleks budynk\u00f3w medycznych sk\u0142adaj\u0105cych si\u0119 m.in. z Uniwersyteckiego Szpitala Klinicznego, onkologicznego szpitala dzieci\u0119cego &#8222;Przyl\u0105dek Nadziei&#8221;, Zintegrowanego Centrum Edukacji i Innowacji Wydzia\u0142u Farmaceutycznego USK oraz Medycznego Centrum Przetwarzania Danych.  Zintegrowane Centrum Pediatrii b\u0119dzie wi\u0119c kolejn\u0105 plac\u00f3wk\u0105 medyczn\u0105 w kompleksie. <\/p>\n\n\n\n<p><\/p>\n\n\n\n<p><\/p>\n\n\n\n<p>Wi\u0119cej informacji w artykule na stronie miasta &#8211; <a href=\"https:\/\/www.wroclaw.pl\/dla-mieszkanca\/nowoczesne-centrum-pediatryczne-powstanie-we-wroclawiu-lokalizacja-data\" target=\"_blank\" rel=\"noreferrer noopener\">kliknij tutaj, aby przeczyta\u0107 ca\u0142o\u015b\u0107<\/a>. <\/p>\n\n\n\n<p><\/p>\n\n\n\n<p><\/p>\n","protected":false},"excerpt":{"rendered":"<p>Na Gaju, przy ul. Borowskiej, powsta\u0107 ma Zintegrowane Centrum Pediatryczne Uniwersyteckiego Szpitala Klinicznego.<\/p>\n","protected":false},"author":1,"featured_media":4803,"comment_status":"open","ping_status":"open","sticky":false,"template":"","format":"standard","meta":{"footnotes":""},"categories":[14,12],"tags":[1684,1683,1685,1686],"class_list":["post-14002","post","type-post","status-publish","format-standard","has-post-thumbnail","hentry","category-aktualnosci","category-artykuly","tag-centrum-pediatrii-usk-wroclaw","tag-centrum-pediatryczne-na-gaju","tag-szpital-gaj","tag-zintegrowane-centrum-pediatryczne-uniwersyteckiego-szpitala-klinicznego"],"_links":{"self":[{"href":"https:\/\/online.tvk-gaj.pl\/index.php?rest_route=\/wp\/v2\/posts\/14002","targetHints":{"allow":["GET"]}}],"collection":[{"href":"https:\/\/online.tvk-gaj.pl\/index.php?rest_route=\/wp\/v2\/posts"}],"about":[{"href":"https:\/\/online.tvk-gaj.pl\/index.php?rest_route=\/wp\/v2\/types\/post"}],"author":[{"embeddable":true,"href":"https:\/\/online.tvk-gaj.pl\/index.php?rest_route=\/wp\/v2\/users\/1"}],"replies":[{"embeddable":true,"href":"https:\/\/online.tvk-gaj.pl\/index.php?rest_route=%2Fwp%2Fv2%2Fcomments&post=14002"}],"version-history":[{"count":3,"href":"https:\/\/online.tvk-gaj.pl\/index.php?rest_route=\/wp\/v2\/posts\/14002\/revisions"}],"predecessor-version":[{"id":14005,"href":"https:\/\/online.tvk-gaj.pl\/index.php?rest_route=\/wp\/v2\/posts\/14002\/revisions\/14005"}],"wp:featuredmedia":[{"embeddable":true,"href":"https:\/\/online.tvk-gaj.pl\/index.php?rest_route=\/wp\/v2\/media\/4803"}],"wp:attachment":[{"href":"https:\/\/online.tvk-gaj.pl\/index.php?rest_route=%2Fwp%2Fv2%2Fmedia&parent=14002"}],"wp:term":[{"taxonomy":"category","embeddable":true,"href":"https:\/\/online.tvk-gaj.pl\/index.php?rest_route=%2Fwp%2Fv2%2Fcategories&post=14002"},{"taxonomy":"post_tag","embeddable":true,"href":"https:\/\/online.tvk-gaj.pl\/index.php?rest_route=%2Fwp%2Fv2%2Ftags&post=14002"}],"curies":[{"name":"wp","href":"https:\/\/api.w.org\/{rel}","templated":true}]}}