{"id":14014,"date":"2022-11-05T12:22:00","date_gmt":"2022-11-05T11:22:00","guid":{"rendered":"http:\/\/www.tvk-gaj.pl\/~gajonline\/?p=14014"},"modified":"2022-11-04T12:29:48","modified_gmt":"2022-11-04T11:29:48","slug":"ogloszenie-o-przetargu-dot-nieruchomosci-pol-przy-ul-swieradowskiej-1618","status":"publish","type":"post","link":"https:\/\/online.tvk-gaj.pl\/?p=14014","title":{"rendered":"Og\u0142oszenie o przetargu dot. nieruchomo\u015bci po\u0142. przy ul. \u015awieradowskiej 16,18."},"content":{"rendered":"\n<p>Publikujemy og\u0142oszenie Prezydenta Wroc\u0142awia o przetargu WNS\/38\/21 z dnia 02.11.2022 r. w sprawie nieruchomo\u015bci przy ul. \u015awieradowskiej.<\/p>\n\n\n\n<!--more-->\n\n\n\n<p><\/p>\n\n\n\n<p><\/p>\n\n\n\n<p><\/p>\n\n\n\n<p><strong>Nieruchomo\u015b\u0107 na mapie: <\/strong><\/p>\n\n\n\n<p><\/p>\n\n\n\n<p><\/p>\n\n\n\n<figure class=\"wp-block-image size-full\"><img loading=\"lazy\" decoding=\"async\" width=\"728\" height=\"495\" src=\"http:\/\/www.tvk-gaj.pl\/~gajonline\/wp-content\/uploads\/2022\/11\/Zrzut-ekranu-2022-11-4-o-12.24.23.png\" alt=\"\" class=\"wp-image-14016\" srcset=\"https:\/\/online.tvk-gaj.pl\/wp-content\/uploads\/2022\/11\/Zrzut-ekranu-2022-11-4-o-12.24.23.png 728w, https:\/\/online.tvk-gaj.pl\/wp-content\/uploads\/2022\/11\/Zrzut-ekranu-2022-11-4-o-12.24.23-300x204.png 300w, https:\/\/online.tvk-gaj.pl\/wp-content\/uploads\/2022\/11\/Zrzut-ekranu-2022-11-4-o-12.24.23-140x94.png 140w\" sizes=\"auto, (max-width: 728px) 100vw, 728px\" \/><\/figure>\n\n\n\n<p><\/p>\n\n\n\n<p><\/p>\n\n\n\n<p><\/p>\n\n\n\n<p><strong>Og\u0142oszenie o przetargu:<\/strong><\/p>\n\n\n\n<p><\/p>\n\n\n\n<p><\/p>\n\n\n\n<div data-wp-interactive=\"core\/file\" class=\"wp-block-file\"><object data-wp-bind--hidden=\"!state.hasPdfPreview\" hidden class=\"wp-block-file__embed\" data=\"http:\/\/www.tvk-gaj.pl\/~gajonline\/wp-content\/uploads\/2022\/11\/Swieradowska-16_18_ogloszenie_pisemny.pdf\" type=\"application\/pdf\" style=\"width:100%;height:600px\" aria-label=\"Osadzone z Osadzone z Swieradowska-16_18_ogloszenie_pisemny..\"><\/object><a id=\"wp-block-file--media-7d6aa4ca-31f7-4fa8-96a9-4bc2f88da550\" href=\"http:\/\/www.tvk-gaj.pl\/~gajonline\/wp-content\/uploads\/2022\/11\/Swieradowska-16_18_ogloszenie_pisemny.pdf\">Swieradowska-16_18_ogloszenie_pisemny<\/a><a href=\"http:\/\/www.tvk-gaj.pl\/~gajonline\/wp-content\/uploads\/2022\/11\/Swieradowska-16_18_ogloszenie_pisemny.pdf\" class=\"wp-block-file__button\" download aria-describedby=\"wp-block-file--media-7d6aa4ca-31f7-4fa8-96a9-4bc2f88da550\">Pobierz<\/a><\/div>\n\n\n\n<p><\/p>\n\n\n\n<p><\/p>\n\n\n\n<p><\/p>\n\n\n\n<p><\/p>\n","protected":false},"excerpt":{"rendered":"<p>Publikujemy og\u0142oszenie Prezydenta Wroc\u0142awia o przetargu WNS\/38\/21 z dnia 02.11.2022 r. w sprawie nieruchomo\u015bci przy ul. \u015awieradowskiej.<\/p>\n","protected":false},"author":1,"featured_media":14019,"comment_status":"open","ping_status":"open","sticky":false,"template":"","format":"standard","meta":{"footnotes":""},"categories":[14],"tags":[1690,1688],"class_list":["post-14014","post","type-post","status-publish","format-standard","has-post-thumbnail","hentry","category-aktualnosci","tag-nieruchomosc-swieradowska","tag-przetarg-swieradowska"],"_links":{"self":[{"href":"https:\/\/online.tvk-gaj.pl\/index.php?rest_route=\/wp\/v2\/posts\/14014","targetHints":{"allow":["GET"]}}],"collection":[{"href":"https:\/\/online.tvk-gaj.pl\/index.php?rest_route=\/wp\/v2\/posts"}],"about":[{"href":"https:\/\/online.tvk-gaj.pl\/index.php?rest_route=\/wp\/v2\/types\/post"}],"author":[{"embeddable":true,"href":"https:\/\/online.tvk-gaj.pl\/index.php?rest_route=\/wp\/v2\/users\/1"}],"replies":[{"embeddable":true,"href":"https:\/\/online.tvk-gaj.pl\/index.php?rest_route=%2Fwp%2Fv2%2Fcomments&post=14014"}],"version-history":[{"count":3,"href":"https:\/\/online.tvk-gaj.pl\/index.php?rest_route=\/wp\/v2\/posts\/14014\/revisions"}],"predecessor-version":[{"id":14021,"href":"https:\/\/online.tvk-gaj.pl\/index.php?rest_route=\/wp\/v2\/posts\/14014\/revisions\/14021"}],"wp:featuredmedia":[{"embeddable":true,"href":"https:\/\/online.tvk-gaj.pl\/index.php?rest_route=\/wp\/v2\/media\/14019"}],"wp:attachment":[{"href":"https:\/\/online.tvk-gaj.pl\/index.php?rest_route=%2Fwp%2Fv2%2Fmedia&parent=14014"}],"wp:term":[{"taxonomy":"category","embeddable":true,"href":"https:\/\/online.tvk-gaj.pl\/index.php?rest_route=%2Fwp%2Fv2%2Fcategories&post=14014"},{"taxonomy":"post_tag","embeddable":true,"href":"https:\/\/online.tvk-gaj.pl\/index.php?rest_route=%2Fwp%2Fv2%2Ftags&post=14014"}],"curies":[{"name":"wp","href":"https:\/\/api.w.org\/{rel}","templated":true}]}}