{"id":14023,"date":"2022-11-12T12:03:46","date_gmt":"2022-11-12T11:03:46","guid":{"rendered":"http:\/\/www.tvk-gaj.pl\/~gajonline\/?p=14023"},"modified":"2022-11-12T12:13:30","modified_gmt":"2022-11-12T11:13:30","slug":"jesien-na-gaju-galeria-zdjec-naszej-czytelniczki","status":"publish","type":"post","link":"https:\/\/online.tvk-gaj.pl\/?p=14023","title":{"rendered":"Jesie\u0144 na Gaju &#8211; galeria zdj\u0119\u0107 naszej Czytelniczki"},"content":{"rendered":"\n<p>Zapraszamy do obejrzenia przepi\u0119knych zdj\u0119\u0107 Gaju autorstwa naszej Czytelniczki &#8211; Pani Eleny Verheles.<\/p>\n\n\n\n<p><\/p>\n\n\n\n<!--more-->\n\n\n\n<p><\/p>\n\n\n\n<p><\/p>\n\n\n\n<figure class=\"wp-block-image size-large\"><img loading=\"lazy\" decoding=\"async\" width=\"1024\" height=\"321\" src=\"http:\/\/www.tvk-gaj.pl\/~gajonline\/wp-content\/uploads\/2022\/11\/IMG_0494-2-1024x321.jpg\" alt=\"\" class=\"wp-image-14066\" srcset=\"https:\/\/online.tvk-gaj.pl\/wp-content\/uploads\/2022\/11\/IMG_0494-2-1024x321.jpg 1024w, https:\/\/online.tvk-gaj.pl\/wp-content\/uploads\/2022\/11\/IMG_0494-2-300x94.jpg 300w, https:\/\/online.tvk-gaj.pl\/wp-content\/uploads\/2022\/11\/IMG_0494-2-768x240.jpg 768w, https:\/\/online.tvk-gaj.pl\/wp-content\/uploads\/2022\/11\/IMG_0494-2-1536x481.jpg 1536w, https:\/\/online.tvk-gaj.pl\/wp-content\/uploads\/2022\/11\/IMG_0494-2-2048x641.jpg 2048w\" sizes=\"auto, (max-width: 1024px) 100vw, 1024px\" \/><\/figure>\n\n\n\n<p><\/p>\n\n\n\n<p><\/p>\n\n\n\n<p><\/p>\n\n\n\n<p><\/p>\n\n\n\n<p><strong>Jesie\u0144 na Gaju w obiektywie Pani Eleny Verheles:<\/strong><\/p>\n\n\n\n<p><\/p>\n\n\n\n[ngg src=&#8221;galleries&#8221; ids=&#8221;129&#8243; display=&#8221;basic_thumbnail&#8221; thumbnail_crop=&#8221;0&#8243;]\n\n\n\n<p><\/p>\n\n\n\n<p><\/p>\n\n\n\n<p><\/p>\n\n\n\n<p><\/p>\n\n\n\n<p><em>Pani Elenie serdecznie dzi\u0119kujemy za mo\u017cliwo\u015b\u0107\u00a0publikacji zdj\u0119\u0107!<\/em><\/p>\n\n\n\n<p><\/p>\n\n\n\n<p><\/p>\n\n\n\n<p><\/p>\n\n\n\n<p><\/p>\n\n\n\n<p><\/p>\n\n\n\n<p><\/p>\n","protected":false},"excerpt":{"rendered":"<p>Zapraszamy do obejrzenia przepi\u0119knych zdj\u0119\u0107 Gaju autorstwa naszej Czytelniczki &#8211; Pani Eleny Verheles.<\/p>\n","protected":false},"author":1,"featured_media":14066,"comment_status":"open","ping_status":"open","sticky":false,"template":"","format":"standard","meta":{"footnotes":""},"categories":[14,12],"tags":[1692,1693,1694,1691],"class_list":["post-14023","post","type-post","status-publish","format-standard","has-post-thumbnail","hentry","category-aktualnosci","category-artykuly","tag-gaj-zdjecia","tag-galeria-zdjec-gaju","tag-jesien-gaj","tag-jesien-na-gaju"],"_links":{"self":[{"href":"https:\/\/online.tvk-gaj.pl\/index.php?rest_route=\/wp\/v2\/posts\/14023","targetHints":{"allow":["GET"]}}],"collection":[{"href":"https:\/\/online.tvk-gaj.pl\/index.php?rest_route=\/wp\/v2\/posts"}],"about":[{"href":"https:\/\/online.tvk-gaj.pl\/index.php?rest_route=\/wp\/v2\/types\/post"}],"author":[{"embeddable":true,"href":"https:\/\/online.tvk-gaj.pl\/index.php?rest_route=\/wp\/v2\/users\/1"}],"replies":[{"embeddable":true,"href":"https:\/\/online.tvk-gaj.pl\/index.php?rest_route=%2Fwp%2Fv2%2Fcomments&post=14023"}],"version-history":[{"count":3,"href":"https:\/\/online.tvk-gaj.pl\/index.php?rest_route=\/wp\/v2\/posts\/14023\/revisions"}],"predecessor-version":[{"id":14084,"href":"https:\/\/online.tvk-gaj.pl\/index.php?rest_route=\/wp\/v2\/posts\/14023\/revisions\/14084"}],"wp:featuredmedia":[{"embeddable":true,"href":"https:\/\/online.tvk-gaj.pl\/index.php?rest_route=\/wp\/v2\/media\/14066"}],"wp:attachment":[{"href":"https:\/\/online.tvk-gaj.pl\/index.php?rest_route=%2Fwp%2Fv2%2Fmedia&parent=14023"}],"wp:term":[{"taxonomy":"category","embeddable":true,"href":"https:\/\/online.tvk-gaj.pl\/index.php?rest_route=%2Fwp%2Fv2%2Fcategories&post=14023"},{"taxonomy":"post_tag","embeddable":true,"href":"https:\/\/online.tvk-gaj.pl\/index.php?rest_route=%2Fwp%2Fv2%2Ftags&post=14023"}],"curies":[{"name":"wp","href":"https:\/\/api.w.org\/{rel}","templated":true}]}}