{"id":14086,"date":"2022-11-20T20:04:38","date_gmt":"2022-11-20T19:04:38","guid":{"rendered":"http:\/\/www.tvk-gaj.pl\/~gajonline\/?p=14086"},"modified":"2022-11-21T17:32:11","modified_gmt":"2022-11-21T16:32:11","slug":"dzien-seniora-na-gaju-3","status":"publish","type":"post","link":"https:\/\/online.tvk-gaj.pl\/?p=14086","title":{"rendered":"Dzie\u0144 Seniora na Gaju"},"content":{"rendered":"\n<p>W sobot\u0119, 19 listopada, na terenie Klubu Seniora przy ul. Krynickiej odby\u0142y si\u0119 uroczyste obchody Dnia Seniora &#8211; zorganizowane przez Rad\u0119 Osiedla Gaj oraz osiedlowy Klub Seniora. Zapraszamy do fotorelacji z wydarzenia.<\/p>\n\n\n\n<!--more-->\n\n\n\n<p><\/p>\n\n\n\n<p><\/p>\n\n\n\n<p><\/p>\n\n\n\n<p>Spotkanie zorganizowane zosta\u0142o w ramach osiedlowych obchod\u00f3w Dnia Seniora.<\/p>\n\n\n\n<p><\/p>\n\n\n\n<p><\/p>\n\n\n\n<figure class=\"wp-block-image size-large\"><img loading=\"lazy\" decoding=\"async\" width=\"1024\" height=\"768\" src=\"http:\/\/www.tvk-gaj.pl\/~gajonline\/wp-content\/uploads\/2022\/11\/batch_IMG_0701-1024x768.jpg\" alt=\"\" class=\"wp-image-14119\" srcset=\"https:\/\/online.tvk-gaj.pl\/wp-content\/uploads\/2022\/11\/batch_IMG_0701-1024x768.jpg 1024w, https:\/\/online.tvk-gaj.pl\/wp-content\/uploads\/2022\/11\/batch_IMG_0701-300x225.jpg 300w, https:\/\/online.tvk-gaj.pl\/wp-content\/uploads\/2022\/11\/batch_IMG_0701-768x576.jpg 768w, https:\/\/online.tvk-gaj.pl\/wp-content\/uploads\/2022\/11\/batch_IMG_0701-1536x1152.jpg 1536w, https:\/\/online.tvk-gaj.pl\/wp-content\/uploads\/2022\/11\/batch_IMG_0701.jpg 2016w\" sizes=\"auto, (max-width: 1024px) 100vw, 1024px\" \/><\/figure>\n\n\n\n<p><\/p>\n\n\n\n<p><\/p>\n\n\n\n<p>W siedzibie Klubu Seniora przy ul. Krynickiej spotkali si\u0119 seniorzy z Gaju, przedstawiciele Zwi\u0105zku Emeryt\u00f3w i Rencist\u00f3w, Zwi\u0105zku \u017bo\u0142nierzy Wojska Polskiego, radni osiedlowi (w tym Przewodnicz\u0105cy Rady Osiedla Gaj &#8211; Pan Adam Wojtaszewski oraz Przewodnicz\u0105cy Zarz\u0105du Osiedla &#8211; Pan Stefan Zydorowicz) oraz zaproszeni go\u015bcie &#8211; Prezydent Wroc\u0142awia Pan Jacek Sutryk, Prezes Zarz\u0105du Sp\u00f3\u0142dzielni Mieszkaniowej Wroc\u0142aw-Po\u0142udnie <a href=\"https:\/\/www.facebook.com\/NaszePoludnie?__cft__[0]=AZW1n8ZC8rI_ApkeSXfaZNO-nOjS9xzqGg_rpmT3dUnP7IYrgtBHspJy9AYjkPGB2ZWRhx298Dxulm4xznGE6s57myQ_BkuieG0g8t8QnfMQGYRvG73RANHBcmoBuICtSfODYCePcE5qt1mbhKCaj3yuZo0GdsXfS0rZTchVYSDtCWhnNUFUNpEqpjBnHQIqhhY&amp;__tn__=-]K-R\">Nasze Po\u0142udnie<\/a> Pan Marek Dera, Przewodnicz\u0105cy Rady Nadzorczej Sp\u00f3\u0142dzielni Mieszkaniowej Wroc\u0142aw Po\u0142udnie &#8211; Pan Zbigniew Michalak, Ch\u00f3r Mimoza oraz cz\u0142onkowie Klubu Seniora na Gaju, w tym Panie Wies\u0142awa Grzywniak i Jadwiga Ha\u0142at-Kornaszewska &#8211; przewodnicz\u0105ca oraz by\u0142a przewodnicz\u0105ca osiedlowego Klubu Seniora na Gaju.<\/p>\n\n\n\n<p><\/p>\n\n\n\n<p><\/p>\n\n\n\n<p><\/p>\n\n\n\n<figure class=\"wp-block-image size-large\"><img loading=\"lazy\" decoding=\"async\" width=\"1024\" height=\"768\" src=\"http:\/\/www.tvk-gaj.pl\/~gajonline\/wp-content\/uploads\/2022\/11\/batch_IMG_0733-1-1024x768.jpg\" alt=\"\" class=\"wp-image-14124\" srcset=\"https:\/\/online.tvk-gaj.pl\/wp-content\/uploads\/2022\/11\/batch_IMG_0733-1-1024x768.jpg 1024w, https:\/\/online.tvk-gaj.pl\/wp-content\/uploads\/2022\/11\/batch_IMG_0733-1-300x225.jpg 300w, https:\/\/online.tvk-gaj.pl\/wp-content\/uploads\/2022\/11\/batch_IMG_0733-1-768x576.jpg 768w, https:\/\/online.tvk-gaj.pl\/wp-content\/uploads\/2022\/11\/batch_IMG_0733-1-1536x1152.jpg 1536w, https:\/\/online.tvk-gaj.pl\/wp-content\/uploads\/2022\/11\/batch_IMG_0733-1.jpg 2016w\" sizes=\"auto, (max-width: 1024px) 100vw, 1024px\" \/><\/figure>\n\n\n\n<p><\/p>\n\n\n\n<p><\/p>\n\n\n\n<p>Na spotkaniu w Klubie Seniora pojawi\u0142 si\u0119 tak\u017ce Prezydent Wroc\u0142awia &#8211; Pan Jacek Sutryk. To mi\u0119dzy innymi dzi\u0119ki wsparciu miasta uda\u0142o si\u0119 pozyska\u0107 lokal oraz \u015brodki na dzia\u0142alno\u015b\u0107 klubu seniora.<\/p>\n\n\n\n<p><\/p>\n\n\n\n<p><\/p>\n\n\n\n<figure class=\"wp-block-image size-large\"><img loading=\"lazy\" decoding=\"async\" width=\"768\" height=\"1024\" src=\"http:\/\/www.tvk-gaj.pl\/~gajonline\/wp-content\/uploads\/2022\/11\/batch_IMG_0770-768x1024.jpg\" alt=\"\" class=\"wp-image-14120\" srcset=\"https:\/\/online.tvk-gaj.pl\/wp-content\/uploads\/2022\/11\/batch_IMG_0770-768x1024.jpg 768w, https:\/\/online.tvk-gaj.pl\/wp-content\/uploads\/2022\/11\/batch_IMG_0770-225x300.jpg 225w, https:\/\/online.tvk-gaj.pl\/wp-content\/uploads\/2022\/11\/batch_IMG_0770-1152x1536.jpg 1152w, https:\/\/online.tvk-gaj.pl\/wp-content\/uploads\/2022\/11\/batch_IMG_0770.jpg 1512w\" sizes=\"auto, (max-width: 768px) 100vw, 768px\" \/><\/figure>\n\n\n\n<p><\/p>\n\n\n\n<p><\/p>\n\n\n\n<p>Uroczysto\u015b\u0107 u\u015bwietni\u0142 r\u00f3wnie\u017c wyst\u0119p ch\u00f3ru &#8222;Mimoza&#8221;.<\/p>\n\n\n\n<p><\/p>\n\n\n\n<p><\/p>\n\n\n\n<figure class=\"wp-block-image size-large\"><img loading=\"lazy\" decoding=\"async\" width=\"1024\" height=\"768\" src=\"http:\/\/www.tvk-gaj.pl\/~gajonline\/wp-content\/uploads\/2022\/11\/batch_IMG_0718-1024x768.jpg\" alt=\"\" class=\"wp-image-14121\" srcset=\"https:\/\/online.tvk-gaj.pl\/wp-content\/uploads\/2022\/11\/batch_IMG_0718-1024x768.jpg 1024w, https:\/\/online.tvk-gaj.pl\/wp-content\/uploads\/2022\/11\/batch_IMG_0718-300x225.jpg 300w, https:\/\/online.tvk-gaj.pl\/wp-content\/uploads\/2022\/11\/batch_IMG_0718-768x576.jpg 768w, https:\/\/online.tvk-gaj.pl\/wp-content\/uploads\/2022\/11\/batch_IMG_0718-1536x1152.jpg 1536w, https:\/\/online.tvk-gaj.pl\/wp-content\/uploads\/2022\/11\/batch_IMG_0718.jpg 2016w\" sizes=\"auto, (max-width: 1024px) 100vw, 1024px\" \/><\/figure>\n\n\n\n<p><\/p>\n\n\n\n<p><\/p>\n\n\n\n<p>Obchody Dnia Seniora to r\u00f3wnie\u017c doskona\u0142a okazja do wsp\u00f3lnego sp\u0119dzenia czasu, rozm\u00f3w oraz integracji starszych mieszka\u0144c\u00f3w naszego osiedla. <\/p>\n\n\n\n<p><\/p>\n\n\n\n<p><\/p>\n\n\n\n<p><\/p>\n\n\n\n<blockquote class=\"wp-block-quote is-layout-flow wp-block-quote-is-layout-flow\"><p>\u017byczenia dla senior\u00f3w od Przewodnicz\u0105cego Rady Osiedla Gaj &#8211; Pana Adama Wojtaszewskiego:<\/p><cite><br>Sta\u0142o si\u0119 ju\u017c tradycj\u0105 Rady Osiedla <strong>\u201eGaj\u201d aby w miesi\u0105cu Listopadzie<\/strong> spotyka\u0107 si\u0119\u00a0\u00a0 z Seniorami Osiedla z okazji <strong>Mi\u0119dzynarodowego Dnia Seniora.<\/strong> Pozw\u00f3lcie ze serdecznie powitam <strong>Pana Prezydenta Miasta Wroc\u0142awia Jacka Stryka wraz z asystentk\u0105 Pani\u0105 Ewelin\u0105. <\/strong>Witam<strong> Pana Marka Der\u0119 Prezesa Sp\u00f3\u0142dzielni Mieszkaniowej Wroc\u0142aw Po\u0142udnie. <\/strong>Witam<strong> Pana Zbigniewa Michalaka\u00a0 <\/strong>Przewodnicz\u0105cego Rady Nadzorczej Sp\u00f3\u0142dzielni Mieszkaniowej<strong>. <\/strong>Witam<strong> Pani\u0105 Teres\u0119 Godzieba <\/strong>Sekretarza Rady Nadzorczej Sp\u00f3\u0142dzielni Mieszkaniowej icz\u0142onka Rady Osiedla Gaj IV.Witam<strong> Pani\u0105 Danut\u0119 Martin <\/strong>Przewodnicz\u0105c\u0105 Rady Osiedla Gaj IV Sp\u00f3\u0142dzielni Mieszkaniowej.\u00a0\u00a0\u00a0Witam p. <strong>Urszul\u0119 Musia\u0142<\/strong> Przewodnicz\u0105c\u0105 Polskiego Zwi\u0105zku Emeryt\u00f3w i Inwalid\u00f3w RP ko\u0142o nr 8 .\u00a0 Witam <strong>Pana Leszka Zakosztowicza<\/strong> Przewodnicz\u0105cego Polskiego Zwi\u0105zku Emeryt\u00f3w i Inwalid\u00f3w RP ko\u0142o nr 2. Witam serdecznie <strong>Panie Wies\u0142aw\u0119 Grzywniak i<\/strong> <strong>Jadwig\u0119 Ha\u0142at \u2013 Kornaszewsk\u0105<\/strong> Przewodnicz\u0105c\u0105 oraz by\u0142\u0105 Przewodnicz\u0105c\u0105 Klubu Seniora osiedla Gaj. Witam <strong>Pana Andrzeja Wystyg\u0142o<\/strong> dyrygenta zespo\u0142u \u201eMimo\u017ca\u201d wraz z cz\u0142onkami zespo\u0142u. Witam cz\u0142onk\u00f3w \u00a0<strong>ko\u0142a \u015brodowiskowego Gaj Zwi\u0105zku \u017bo\u0142nierzy Wojska Polskiego<\/strong> z sekretarzem ko\u0142a <strong>Panem Kazimierzem Zagrodnikiem<\/strong>. Witam <strong>Pana \u00a0Stefana Zydorowicza<\/strong> Przewodnicz\u0105cego Zarz\u0105du Osiedla Gaj, witam \u00a0te\u017c Panie radne i Pan\u00f3w radnych Rady Osiedla Gaj. Witam wszystkich obecnych a przede wszystkim Was\u00a0\u00a0 kt\u00f3rym to spotkanie jest po\u015bwi\u0119cone.<br><br><strong>Kochani Seniorzy zebrani na dzisiejszej uroczysto\u015bci.<\/strong>W kalendarzu pojawia si\u0119 coraz wi\u0119cej dni, kt\u00f3re s\u0105 okazj\u0105 do celebrowania dojrza\u0142ego czy starszego wieku. W listopadzie obchodzimy \u015bwiatowy oraz og\u00f3lnopolski Dzie\u0144 Seniora. Te \u015bwi\u0119ta maja wsp\u00f3lny cel \u2013 kszta\u0142towanie w\u0142a\u015bciwego spo\u0142ecznego postrzegania os\u00f3b starszych oraz zapewnienie im godnego \u017cycia. Sta\u0142o si\u0119 ju\u017c zatem tradycj\u0105 naszego osiedla, \u017ce co roku spotykamy si\u0119, aby uczci\u0107 ten pi\u0119kny dzie\u0144 i podzi\u0119kowa\u0107 Wam drodzy seniorzy za to, \u017ce dzi\u0119ki Wam nie pokry\u0142y si\u0119 kurzem nasze obyczaje, \u017ce to z waszych ust m\u0142ode pokolenie dowiaduje si\u0119 o minionym czasie, za to, \u017ce wasze serca i r\u0119ce sprawi\u0142y, \u017ce rodzinne domy sta\u0142y si\u0119 bezpieczn\u0105 przystani\u0105 dla dzieci i wnuk\u00f3w.<br><br>Bycie seniorem powinno sta\u0107 si\u0119 atutem, dlatego uszanujmy ten czas jako dobrodziejstwo. To wy drodzy seniorzy macie ogromna wiedz\u0119, do\u015bwiadczenie \u017cyciowe oraz wyczucie sytuacji. To wy jeste\u015bcie stra\u017cnikami tradycji religijnych, patriotycznych, \u00a0rodzinnych, \u00a0kultywujecie kultur\u0119 naszego regionu, naszej miejscowo\u015bci, a \u00a0tak\u017ce kultur\u0119 kulinarn\u0105. To wy pracowali\u015bcie ca\u0142e \u017cycie na to, co mamy dzi\u015b. Niech warto\u015bci i polskie chrze\u015bcija\u0144skie tradycje, kt\u00f3re przez lata waszego \u017cycia by\u0142y dla was drogowskazem, stan\u0105 si\u0119 przyk\u0142adem r\u00f3wnie\u017c dla m\u0142odszego pokolenia. Godna podziwu jest w\u015br\u00f3d was nieustanna ch\u0119\u0107 spotka\u0144, wymiany pogl\u0105d\u00f3w, ale przede wszystkim rado\u015b\u0107 i optymizm, jakie nosicie w sobie, a doskonale wiemy, ze najwa\u017cniejsze jest zdrowie, rado\u015b\u0107 i pogoda ducha, a w\u00f3wczas wiek si\u0119 nie liczy.<br><br>Do naszych drogich Senior\u00f3w, wci\u0105\u017c m\u0142odych duchem, kt\u00f3rzy mo\u017ce maj\u0105 srebrne w\u0142osy, ale na pewno z\u0142ote serca kieruj\u0119 najserdeczniejsze \u017cyczenia.<br>\u00a0<\/cite><\/blockquote>\n\n\n\n<p><\/p>\n\n\n\n<p><\/p>\n\n\n\n<p><\/p>\n\n\n\n<p><\/p>\n\n\n\n<p><strong>FOTORELACJA<\/strong><\/p>\n\n\n\n[ngg src=&#8221;galleries&#8221; ids=&#8221;130&#8243; display=&#8221;basic_thumbnail&#8221; thumbnail_crop=&#8221;0&#8243;]\n\n\n\n<p><\/p>\n\n\n\n<p><\/p>\n\n\n\n<p><\/p>\n\n\n\n<p>Serdeczne dzi\u0119kujemy za wspania\u0142a atmosfer\u0119 spotkania oraz raz jeszcze \u017cyczymy zdrowia oraz wszelkiej pomy\u015blno\u015bci wszystkim seniorom z okazji ich \u015awi\u0119ta!<\/p>\n\n\n\n<p><\/p>\n\n\n\n<p><\/p>\n\n\n\n<p><\/p>\n\n\n\n<p><\/p>\n","protected":false},"excerpt":{"rendered":"<p>W sobot\u0119, 19 listopada, na terenie Klubu Seniora przy ul. Krynickiej odby\u0142y si\u0119 uroczyste obchody Dnia Seniora &#8211; zorganizowane przez Rad\u0119 Osiedla Gaj oraz osiedlowy Klub Seniora. Zapraszamy do fotorelacji z wydarzenia.<\/p>\n","protected":false},"author":1,"featured_media":14121,"comment_status":"open","ping_status":"open","sticky":false,"template":"","format":"standard","meta":{"footnotes":""},"categories":[14,12,441],"tags":[1695,421,1696],"class_list":["post-14086","post","type-post","status-publish","format-standard","has-post-thumbnail","hentry","category-aktualnosci","category-artykuly","category-klub","tag-dzien-seniora-na-gaju-2022","tag-klub-seniora-na-gaju","tag-seniorzy-osiedle-gaj"],"_links":{"self":[{"href":"https:\/\/online.tvk-gaj.pl\/index.php?rest_route=\/wp\/v2\/posts\/14086","targetHints":{"allow":["GET"]}}],"collection":[{"href":"https:\/\/online.tvk-gaj.pl\/index.php?rest_route=\/wp\/v2\/posts"}],"about":[{"href":"https:\/\/online.tvk-gaj.pl\/index.php?rest_route=\/wp\/v2\/types\/post"}],"author":[{"embeddable":true,"href":"https:\/\/online.tvk-gaj.pl\/index.php?rest_route=\/wp\/v2\/users\/1"}],"replies":[{"embeddable":true,"href":"https:\/\/online.tvk-gaj.pl\/index.php?rest_route=%2Fwp%2Fv2%2Fcomments&post=14086"}],"version-history":[{"count":6,"href":"https:\/\/online.tvk-gaj.pl\/index.php?rest_route=\/wp\/v2\/posts\/14086\/revisions"}],"predecessor-version":[{"id":14130,"href":"https:\/\/online.tvk-gaj.pl\/index.php?rest_route=\/wp\/v2\/posts\/14086\/revisions\/14130"}],"wp:featuredmedia":[{"embeddable":true,"href":"https:\/\/online.tvk-gaj.pl\/index.php?rest_route=\/wp\/v2\/media\/14121"}],"wp:attachment":[{"href":"https:\/\/online.tvk-gaj.pl\/index.php?rest_route=%2Fwp%2Fv2%2Fmedia&parent=14086"}],"wp:term":[{"taxonomy":"category","embeddable":true,"href":"https:\/\/online.tvk-gaj.pl\/index.php?rest_route=%2Fwp%2Fv2%2Fcategories&post=14086"},{"taxonomy":"post_tag","embeddable":true,"href":"https:\/\/online.tvk-gaj.pl\/index.php?rest_route=%2Fwp%2Fv2%2Ftags&post=14086"}],"curies":[{"name":"wp","href":"https:\/\/api.w.org\/{rel}","templated":true}]}}