{"id":14132,"date":"2022-12-12T16:43:00","date_gmt":"2022-12-12T15:43:00","guid":{"rendered":"http:\/\/www.tvk-gaj.pl\/~gajonline\/?p=14132"},"modified":"2022-12-12T10:47:06","modified_gmt":"2022-12-12T09:47:06","slug":"zielony-klin-poludnia-w-okolicy-gaju-powstanie-las","status":"publish","type":"post","link":"https:\/\/online.tvk-gaj.pl\/?p=14132","title":{"rendered":"Zielony Klin Po\u0142udnia: w okolicy Gaju powstanie las!"},"content":{"rendered":"\n<p>Dzi\u0119ki decyzji r\u00f3\u017cnych instytucji, tu\u017c za granicami Gaju -pomi\u0119dzy Gajem, Jagodnem a Wojszycami, powstanie las oraz zielone tereny rekreacyjne w ramach tzw. Zielonego Klina Po\u0142udnia Wroc\u0142awia. <\/p>\n\n\n\n<p><\/p>\n\n\n\n<!--more-->\n\n\n\n<p><\/p>\n\n\n\n<p><\/p>\n\n\n\n<figure class=\"wp-block-image size-full\"><img loading=\"lazy\" decoding=\"async\" width=\"1024\" height=\"768\" src=\"http:\/\/www.tvk-gaj.pl\/~gajonline\/wp-content\/uploads\/2022\/12\/DSC00018.jpg\" alt=\"\" class=\"wp-image-14134\" srcset=\"https:\/\/online.tvk-gaj.pl\/wp-content\/uploads\/2022\/12\/DSC00018.jpg 1024w, https:\/\/online.tvk-gaj.pl\/wp-content\/uploads\/2022\/12\/DSC00018-300x225.jpg 300w, https:\/\/online.tvk-gaj.pl\/wp-content\/uploads\/2022\/12\/DSC00018-768x576.jpg 768w\" sizes=\"auto, (max-width: 1024px) 100vw, 1024px\" \/><\/figure>\n\n\n\n<p><\/p>\n\n\n\n<p><\/p>\n\n\n\n<p>Krajowy O\u015brodek Wsparcia Rolnictwa z\u0142o\u017cy\u0142 w listopadzie b.r. oficjaln\u0105 deklaracj\u0119 przekazania teren\u00f3w rolnych w tzw. Zielonym Klinie Po\u0142udnia pod las. R\u00f3wnolegle 24 listopada miejscy radni jednog\u0142o\u015bnie przeg\u0142osowali projekt uchwa\u0142y w sprawie przyst\u0105pienia do sporz\u0105dzenia odpowiedniego miejscowego planu zagospodarowania przestrzennego dla wy\u017cej wymienionego obszaru Wojszyc i Jagodna. <\/p>\n\n\n\n<p><\/p>\n\n\n\n<p><\/p>\n\n\n\n<figure class=\"wp-block-image size-full\"><img loading=\"lazy\" decoding=\"async\" width=\"1024\" height=\"768\" src=\"http:\/\/www.tvk-gaj.pl\/~gajonline\/wp-content\/uploads\/2022\/12\/DSC00025.jpg\" alt=\"\" class=\"wp-image-14135\" srcset=\"https:\/\/online.tvk-gaj.pl\/wp-content\/uploads\/2022\/12\/DSC00025.jpg 1024w, https:\/\/online.tvk-gaj.pl\/wp-content\/uploads\/2022\/12\/DSC00025-300x225.jpg 300w, https:\/\/online.tvk-gaj.pl\/wp-content\/uploads\/2022\/12\/DSC00025-768x576.jpg 768w\" sizes=\"auto, (max-width: 1024px) 100vw, 1024px\" \/><\/figure>\n\n\n\n<p><\/p>\n\n\n\n<p><\/p>\n\n\n\n<p>Oznacza to, ze ju\u017c niebawem w pobli\u017cu Gaju powstanie du\u017cy kompleks le\u015bno-parkowy. Teren ten przeznaczony jest nie tylko pod cele rekreacyjne, ale ma r\u00f3wnie\u017c pe\u0142ni\u0107 wa\u017cna funkcj\u0119 napowietrzania po\u0142udnia Wroc\u0142awia. <\/p>\n\n\n\n<p><\/p>\n\n\n\n<p><\/p>\n\n\n\n<figure class=\"wp-block-image size-full\"><img loading=\"lazy\" decoding=\"async\" width=\"725\" height=\"1024\" src=\"http:\/\/www.tvk-gaj.pl\/~gajonline\/wp-content\/uploads\/2022\/12\/zielony-KLIN-poludnia-mapa-725x1024-1.jpeg\" alt=\"\" class=\"wp-image-14136\" srcset=\"https:\/\/online.tvk-gaj.pl\/wp-content\/uploads\/2022\/12\/zielony-KLIN-poludnia-mapa-725x1024-1.jpeg 725w, https:\/\/online.tvk-gaj.pl\/wp-content\/uploads\/2022\/12\/zielony-KLIN-poludnia-mapa-725x1024-1-212x300.jpeg 212w\" sizes=\"auto, (max-width: 725px) 100vw, 725px\" \/><\/figure>\n\n\n\n<p><\/p>\n\n\n\n<p><\/p>\n\n\n\n<p>Obszar klina zlokalizowanego pomi\u0119dzy ulicami Buforow\u0105 a Smardzowsk\u0105 ma \u0142\u0105czn\u0105 powierzchni\u0119 63ha. Jak zapowiadaj\u0105 Lasy Pa\u0144stwowe, kt\u00f3re maja zosta\u0107 nowym w\u0142a\u015bcicielem grunt\u00f3w, czas potrzebny na wyro\u015bni\u0119cie lasu to okres pomi\u0119dzy 10, a 20 lat.<\/p>\n\n\n\n<p><\/p>\n\n\n\n<p><\/p>\n\n\n\n<p><\/p>\n\n\n\n<p><\/p>\n","protected":false},"excerpt":{"rendered":"<p>Dzi\u0119ki decyzji r\u00f3\u017cnych instytucji, tu\u017c za granicami Gaju -pomi\u0119dzy Gajem, Jagodnem a Wojszycami, powstanie las oraz zielone tereny rekreacyjne w ramach tzw. Zielonego Klina Po\u0142udnia Wroc\u0142awia.<\/p>\n","protected":false},"author":1,"featured_media":14138,"comment_status":"open","ping_status":"open","sticky":false,"template":"","format":"standard","meta":{"footnotes":""},"categories":[14,12],"tags":[554,1699,443,763,310,1698,1697,1700],"class_list":["post-14132","post","type-post","status-publish","format-standard","has-post-thumbnail","hentry","category-aktualnosci","category-artykuly","tag-jagodno","tag-las","tag-park","tag-park-na-gaju","tag-wojszyce","tag-zielony-klin-gaj","tag-zielony-klin-poludnia","tag-zielony-klin-poludnia-wroclawia"],"_links":{"self":[{"href":"https:\/\/online.tvk-gaj.pl\/index.php?rest_route=\/wp\/v2\/posts\/14132","targetHints":{"allow":["GET"]}}],"collection":[{"href":"https:\/\/online.tvk-gaj.pl\/index.php?rest_route=\/wp\/v2\/posts"}],"about":[{"href":"https:\/\/online.tvk-gaj.pl\/index.php?rest_route=\/wp\/v2\/types\/post"}],"author":[{"embeddable":true,"href":"https:\/\/online.tvk-gaj.pl\/index.php?rest_route=\/wp\/v2\/users\/1"}],"replies":[{"embeddable":true,"href":"https:\/\/online.tvk-gaj.pl\/index.php?rest_route=%2Fwp%2Fv2%2Fcomments&post=14132"}],"version-history":[{"count":1,"href":"https:\/\/online.tvk-gaj.pl\/index.php?rest_route=\/wp\/v2\/posts\/14132\/revisions"}],"predecessor-version":[{"id":14137,"href":"https:\/\/online.tvk-gaj.pl\/index.php?rest_route=\/wp\/v2\/posts\/14132\/revisions\/14137"}],"wp:featuredmedia":[{"embeddable":true,"href":"https:\/\/online.tvk-gaj.pl\/index.php?rest_route=\/wp\/v2\/media\/14138"}],"wp:attachment":[{"href":"https:\/\/online.tvk-gaj.pl\/index.php?rest_route=%2Fwp%2Fv2%2Fmedia&parent=14132"}],"wp:term":[{"taxonomy":"category","embeddable":true,"href":"https:\/\/online.tvk-gaj.pl\/index.php?rest_route=%2Fwp%2Fv2%2Fcategories&post=14132"},{"taxonomy":"post_tag","embeddable":true,"href":"https:\/\/online.tvk-gaj.pl\/index.php?rest_route=%2Fwp%2Fv2%2Ftags&post=14132"}],"curies":[{"name":"wp","href":"https:\/\/api.w.org\/{rel}","templated":true}]}}