{"id":1416,"date":"2013-07-30T16:49:18","date_gmt":"2013-07-30T14:49:18","guid":{"rendered":"http:\/\/www.tvk-gaj.pl\/~gajonline\/?p=1416"},"modified":"2013-07-30T16:49:18","modified_gmt":"2013-07-30T14:49:18","slug":"fotorelacja-ze-spotkania-kola-gaj-zwiazku-zolnierzy-wojska-polskiego","status":"publish","type":"post","link":"https:\/\/online.tvk-gaj.pl\/?p=1416","title":{"rendered":"Fotorelacja ze spotkania Ko\u0142a Gaj Zwi\u0105zku \u017bo\u0142nierzy Wojska Polskiego"},"content":{"rendered":"<p>Na terenie naszego osiedla dzia\u0142a Ko\u0142o \u015brodowiskowego\u00a0Zwi\u0105zku \u017bo\u0142nierzy Wojska Polskiego. Zamieszczamy kr\u00f3tk\u0105 fotorelacj\u0119 z uroczysto\u015bci wr\u0119czenia odznacze\u0144 ko\u0142a &#8222;Gaj&#8221;, autorstwa Pana Andrzeja Nawrota, radnego osiedla i cz\u0142onka Z\u017bWP.<!--more--><\/p>\n<p>&nbsp;<\/p>\n<p>Uroczysto\u015b\u0107 wr\u0119czenia odznacze\u0144 ko\u0142a &#8222;Gaj&#8221;\u00a0\u00a0Zwi\u0105zku \u017bo\u0142nierzy Wojska Polskiego odby\u0142a si\u0119 w siedzibie Rady Osiedla &#8222;Gaj&#8221; 24 kwietnia b.r. Na zdj\u0119ciach oznaczeni zostali:<\/p>\n<p>Henryk Makowski; Mieczys\u0142aw \u0141ukaszuk, Kazimierz Zagrodnik, J\u00f3zef Fra\u0144czuk &#8211; otrzymali\u00a0medal pami\u0105tkowy XXX-lecia Z\u017bWP<br \/>\noraz Adam Wojtaszewski &#8211; otrzyma\u0142 krzy\u017c za zas\u0142ugi dla Z\u017bWP.<\/p>\n<p>&nbsp;<\/p>\n<p>[nggallery id=28]<\/p>\n<p>&nbsp;<\/p>\n<p>&nbsp;<\/p>\n<p>&nbsp;<\/p>\n","protected":false},"excerpt":{"rendered":"<p>Na terenie naszego osiedla dzia\u0142a Ko\u0142o \u015brodowiskowego\u00a0Zwi\u0105zku \u017bo\u0142nierzy Wojska Polskiego. Zamieszczamy kr\u00f3tk\u0105 fotorelacj\u0119 z uroczysto\u015bci wr\u0119czenia odznacze\u0144 ko\u0142a &#8222;Gaj&#8221;, autorstwa Pana Andrzeja Nawrota, radnego osiedla i cz\u0142onka Z\u017bWP.<\/p>\n","protected":false},"author":1,"featured_media":1417,"comment_status":"open","ping_status":"open","sticky":false,"template":"","format":"standard","meta":{"footnotes":""},"categories":[14],"tags":[93],"class_list":["post-1416","post","type-post","status-publish","format-standard","has-post-thumbnail","hentry","category-aktualnosci","tag-kolo-zzwp-gaj-wroclaw-spotkanie"],"_links":{"self":[{"href":"https:\/\/online.tvk-gaj.pl\/index.php?rest_route=\/wp\/v2\/posts\/1416","targetHints":{"allow":["GET"]}}],"collection":[{"href":"https:\/\/online.tvk-gaj.pl\/index.php?rest_route=\/wp\/v2\/posts"}],"about":[{"href":"https:\/\/online.tvk-gaj.pl\/index.php?rest_route=\/wp\/v2\/types\/post"}],"author":[{"embeddable":true,"href":"https:\/\/online.tvk-gaj.pl\/index.php?rest_route=\/wp\/v2\/users\/1"}],"replies":[{"embeddable":true,"href":"https:\/\/online.tvk-gaj.pl\/index.php?rest_route=%2Fwp%2Fv2%2Fcomments&post=1416"}],"version-history":[{"count":2,"href":"https:\/\/online.tvk-gaj.pl\/index.php?rest_route=\/wp\/v2\/posts\/1416\/revisions"}],"predecessor-version":[{"id":1624,"href":"https:\/\/online.tvk-gaj.pl\/index.php?rest_route=\/wp\/v2\/posts\/1416\/revisions\/1624"}],"wp:featuredmedia":[{"embeddable":true,"href":"https:\/\/online.tvk-gaj.pl\/index.php?rest_route=\/wp\/v2\/media\/1417"}],"wp:attachment":[{"href":"https:\/\/online.tvk-gaj.pl\/index.php?rest_route=%2Fwp%2Fv2%2Fmedia&parent=1416"}],"wp:term":[{"taxonomy":"category","embeddable":true,"href":"https:\/\/online.tvk-gaj.pl\/index.php?rest_route=%2Fwp%2Fv2%2Fcategories&post=1416"},{"taxonomy":"post_tag","embeddable":true,"href":"https:\/\/online.tvk-gaj.pl\/index.php?rest_route=%2Fwp%2Fv2%2Ftags&post=1416"}],"curies":[{"name":"wp","href":"https:\/\/api.w.org\/{rel}","templated":true}]}}