{"id":14169,"date":"2022-12-18T11:31:00","date_gmt":"2022-12-18T10:31:00","guid":{"rendered":"http:\/\/www.tvk-gaj.pl\/~gajonline\/?p=14169"},"modified":"2022-12-19T11:42:10","modified_gmt":"2022-12-19T10:42:10","slug":"uroczysta-sesja-i-wigilia-ro-gaj","status":"publish","type":"post","link":"https:\/\/online.tvk-gaj.pl\/?p=14169","title":{"rendered":"Uroczysta sesja i wigilia RO Gaj"},"content":{"rendered":"\n<p>15 grudnia b.r. w siedzibie Klubu Seniora na Gaju odby\u0142a si\u0119 uroczysta sesja Rady Osiedla Gaj, ko\u0144cz\u0105ca mijaj\u0105cy rok. <\/p>\n\n\n\n<!--more-->\n\n\n\n<p><\/p>\n\n\n\n<p><\/p>\n\n\n\n<figure class=\"wp-block-image size-large\"><img loading=\"lazy\" decoding=\"async\" width=\"1024\" height=\"768\" src=\"http:\/\/www.tvk-gaj.pl\/~gajonline\/wp-content\/uploads\/2022\/12\/batch_IMG_1314-1024x768.jpg\" alt=\"\" class=\"wp-image-14171\" srcset=\"https:\/\/online.tvk-gaj.pl\/wp-content\/uploads\/2022\/12\/batch_IMG_1314-1024x768.jpg 1024w, https:\/\/online.tvk-gaj.pl\/wp-content\/uploads\/2022\/12\/batch_IMG_1314-300x225.jpg 300w, https:\/\/online.tvk-gaj.pl\/wp-content\/uploads\/2022\/12\/batch_IMG_1314-768x576.jpg 768w, https:\/\/online.tvk-gaj.pl\/wp-content\/uploads\/2022\/12\/batch_IMG_1314-1536x1152.jpg 1536w, https:\/\/online.tvk-gaj.pl\/wp-content\/uploads\/2022\/12\/batch_IMG_1314.jpg 2016w\" sizes=\"auto, (max-width: 1024px) 100vw, 1024px\" \/><\/figure>\n\n\n\n<p><\/p>\n\n\n\n<p><\/p>\n\n\n\n<p>Na ostatni\u0105\u00a0w tym roku sesj\u0119 Rady Osiedla zaproszeni zostali go\u015bcie, z kt\u00f3rymi osiedlowi radni wsp\u00f3\u0142pracuj\u0105 na co dzie\u0144 przy wielu projektach i inicjatywach na rzecz Gaju.<\/p>\n\n\n\n<p><\/p>\n\n\n\n<p><\/p>\n\n\n\n<figure class=\"wp-block-image size-large\"><img loading=\"lazy\" decoding=\"async\" width=\"768\" height=\"1024\" src=\"http:\/\/www.tvk-gaj.pl\/~gajonline\/wp-content\/uploads\/2022\/12\/batch_IMG_1359-768x1024.jpg\" alt=\"\" class=\"wp-image-14172\" srcset=\"https:\/\/online.tvk-gaj.pl\/wp-content\/uploads\/2022\/12\/batch_IMG_1359-768x1024.jpg 768w, https:\/\/online.tvk-gaj.pl\/wp-content\/uploads\/2022\/12\/batch_IMG_1359-225x300.jpg 225w, https:\/\/online.tvk-gaj.pl\/wp-content\/uploads\/2022\/12\/batch_IMG_1359-1152x1536.jpg 1152w, https:\/\/online.tvk-gaj.pl\/wp-content\/uploads\/2022\/12\/batch_IMG_1359.jpg 1512w\" sizes=\"auto, (max-width: 768px) 100vw, 768px\" \/><\/figure>\n\n\n\n<p><\/p>\n\n\n\n<p><\/p>\n\n\n\n<p><\/p>\n\n\n\n<p>Go\u015bciem honorowym by\u0142 Prezydent Wroc\u0142awia &#8211; Pan Jacek Sutryk.<\/p>\n\n\n\n<p><\/p>\n\n\n\n<p><\/p>\n\n\n\n<figure class=\"wp-block-image size-large\"><img loading=\"lazy\" decoding=\"async\" width=\"1024\" height=\"768\" src=\"http:\/\/www.tvk-gaj.pl\/~gajonline\/wp-content\/uploads\/2022\/12\/batch_IMG_1362-1024x768.jpg\" alt=\"\" class=\"wp-image-14174\" srcset=\"https:\/\/online.tvk-gaj.pl\/wp-content\/uploads\/2022\/12\/batch_IMG_1362-1024x768.jpg 1024w, https:\/\/online.tvk-gaj.pl\/wp-content\/uploads\/2022\/12\/batch_IMG_1362-300x225.jpg 300w, https:\/\/online.tvk-gaj.pl\/wp-content\/uploads\/2022\/12\/batch_IMG_1362-768x576.jpg 768w, https:\/\/online.tvk-gaj.pl\/wp-content\/uploads\/2022\/12\/batch_IMG_1362-1536x1152.jpg 1536w, https:\/\/online.tvk-gaj.pl\/wp-content\/uploads\/2022\/12\/batch_IMG_1362.jpg 2016w\" sizes=\"auto, (max-width: 1024px) 100vw, 1024px\" \/><\/figure>\n\n\n\n<p><\/p>\n\n\n\n<p><\/p>\n\n\n\n<p><\/p>\n\n\n\n<p>Na wigilii pojawili si\u0119 m.in. przedstawiciele Stra\u017cy Miejskiej, szk\u00f3\u0142 oraz przedszkoli z terenu Gaju, a tak\u017ce przedstawiciele Klubu Seniora na Gaju oraz k\u00f3\u0142 i stowarzysze\u0144 emeryckich oraz mundurowych. <\/p>\n\n\n\n<p><\/p>\n\n\n\n<p><\/p>\n\n\n\n<figure class=\"wp-block-image size-large\"><img loading=\"lazy\" decoding=\"async\" width=\"768\" height=\"1024\" src=\"http:\/\/www.tvk-gaj.pl\/~gajonline\/wp-content\/uploads\/2022\/12\/batch_IMG_1293-768x1024.jpg\" alt=\"\" class=\"wp-image-14173\" srcset=\"https:\/\/online.tvk-gaj.pl\/wp-content\/uploads\/2022\/12\/batch_IMG_1293-768x1024.jpg 768w, https:\/\/online.tvk-gaj.pl\/wp-content\/uploads\/2022\/12\/batch_IMG_1293-225x300.jpg 225w, https:\/\/online.tvk-gaj.pl\/wp-content\/uploads\/2022\/12\/batch_IMG_1293-1152x1536.jpg 1152w, https:\/\/online.tvk-gaj.pl\/wp-content\/uploads\/2022\/12\/batch_IMG_1293.jpg 1512w\" sizes=\"auto, (max-width: 768px) 100vw, 768px\" \/><\/figure>\n\n\n\n<p><\/p>\n\n\n\n<p><\/p>\n\n\n\n<p><\/p>\n\n\n\n<p>Wszystkich tym, kt\u00f3rzy na co dzie\u0144 anga\u017cuj\u0105 si\u0119 w \u017cycie Osiedla Gaj, raz jeszcze serdecznie dzi\u0119kujemy oraz \u017cyczymy wszystkiego co najlepsze z okazji zbli\u017caj\u0105cych si\u0119 \u015awi\u0105t Bo\u017cego Narodzenia  oraz Nowego Roku!<\/p>\n\n\n\n<p><\/p>\n\n\n\n<p><strong>GALERIA ZDJ\u0118\u0106 Z UROCZYSTO\u015aCI:<\/strong><\/p>\n\n\n\n[ngg src=&#8221;galleries&#8221; ids=&#8221;131&#8243; display=&#8221;basic_thumbnail&#8221; thumbnail_crop=&#8221;0&#8243;]\n\n\n\n<p><\/p>\n\n\n\n<p><\/p>\n\n\n\n<p><\/p>\n\n\n\n<p><\/p>\n\n\n\n<p><\/p>\n\n\n\n<p><\/p>\n","protected":false},"excerpt":{"rendered":"<p>15 grudnia b.r. w siedzibie Klubu Seniora na Gaju odby\u0142a si\u0119 uroczysta sesja Rady Osiedla Gaj, ko\u0144cz\u0105ca mijaj\u0105cy rok.<\/p>\n","protected":false},"author":1,"featured_media":14170,"comment_status":"open","ping_status":"open","sticky":false,"template":"","format":"standard","meta":{"footnotes":""},"categories":[14],"tags":[421,376,135,1701,921],"class_list":["post-14169","post","type-post","status-publish","format-standard","has-post-thumbnail","hentry","category-aktualnosci","tag-klub-seniora-na-gaju","tag-prezydent-wroclawia","tag-rada-osiedla-gaj","tag-sesja-rada-osiedla-gaj","tag-wigilia-rady-osiedla-gaj"],"_links":{"self":[{"href":"https:\/\/online.tvk-gaj.pl\/index.php?rest_route=\/wp\/v2\/posts\/14169","targetHints":{"allow":["GET"]}}],"collection":[{"href":"https:\/\/online.tvk-gaj.pl\/index.php?rest_route=\/wp\/v2\/posts"}],"about":[{"href":"https:\/\/online.tvk-gaj.pl\/index.php?rest_route=\/wp\/v2\/types\/post"}],"author":[{"embeddable":true,"href":"https:\/\/online.tvk-gaj.pl\/index.php?rest_route=\/wp\/v2\/users\/1"}],"replies":[{"embeddable":true,"href":"https:\/\/online.tvk-gaj.pl\/index.php?rest_route=%2Fwp%2Fv2%2Fcomments&post=14169"}],"version-history":[{"count":2,"href":"https:\/\/online.tvk-gaj.pl\/index.php?rest_route=\/wp\/v2\/posts\/14169\/revisions"}],"predecessor-version":[{"id":14177,"href":"https:\/\/online.tvk-gaj.pl\/index.php?rest_route=\/wp\/v2\/posts\/14169\/revisions\/14177"}],"wp:featuredmedia":[{"embeddable":true,"href":"https:\/\/online.tvk-gaj.pl\/index.php?rest_route=\/wp\/v2\/media\/14170"}],"wp:attachment":[{"href":"https:\/\/online.tvk-gaj.pl\/index.php?rest_route=%2Fwp%2Fv2%2Fmedia&parent=14169"}],"wp:term":[{"taxonomy":"category","embeddable":true,"href":"https:\/\/online.tvk-gaj.pl\/index.php?rest_route=%2Fwp%2Fv2%2Fcategories&post=14169"},{"taxonomy":"post_tag","embeddable":true,"href":"https:\/\/online.tvk-gaj.pl\/index.php?rest_route=%2Fwp%2Fv2%2Ftags&post=14169"}],"curies":[{"name":"wp","href":"https:\/\/api.w.org\/{rel}","templated":true}]}}