{"id":14179,"date":"2022-12-22T17:46:17","date_gmt":"2022-12-22T16:46:17","guid":{"rendered":"http:\/\/www.tvk-gaj.pl\/~gajonline\/?p=14179"},"modified":"2022-12-22T18:43:44","modified_gmt":"2022-12-22T17:43:44","slug":"zmiany-w-komunikacji-miejskiej-w-okresie-swiateczno-noworocznym","status":"publish","type":"post","link":"https:\/\/online.tvk-gaj.pl\/?p=14179","title":{"rendered":"Zmiany w komunikacji miejskiej w okresie \u015bwi\u0105teczno-noworocznym"},"content":{"rendered":"\n<!--more-->\n\n\n\n<p><\/p>\n\n\n\n<figure class=\"wp-block-image size-large\"><img loading=\"lazy\" decoding=\"async\" width=\"768\" height=\"1024\" src=\"http:\/\/www.tvk-gaj.pl\/~gajonline\/wp-content\/uploads\/2022\/12\/mpk-zima-768x1024.jpeg\" alt=\"\" class=\"wp-image-14180\" srcset=\"https:\/\/online.tvk-gaj.pl\/wp-content\/uploads\/2022\/12\/mpk-zima-768x1024.jpeg 768w, https:\/\/online.tvk-gaj.pl\/wp-content\/uploads\/2022\/12\/mpk-zima-225x300.jpeg 225w, https:\/\/online.tvk-gaj.pl\/wp-content\/uploads\/2022\/12\/mpk-zima-1152x1536.jpeg 1152w, https:\/\/online.tvk-gaj.pl\/wp-content\/uploads\/2022\/12\/mpk-zima.jpeg 1368w\" sizes=\"auto, (max-width: 768px) 100vw, 768px\" \/><figcaption><em>Zdj\u0119cie autorstwa: @Nieszablonowe Kadry<\/em><\/figcaption><\/figure>\n\n\n\n<p><\/p>\n\n\n\n<p><\/p>\n\n\n\n<p><strong>Publikujemy list\u0119 zmian w komunikacji miejskiej w okresie \u015bwi\u0105teczno-noworocznym:<\/strong><\/p>\n\n\n\n<p><\/p>\n\n\n\n<p><\/p>\n\n\n\n<p><strong><u>KOMUNIKACJA TRAMWAJOWA<\/u><\/strong><\/p>\n\n\n\n<p><strong>24 GRUDNIA 2022&nbsp;ROKU (SOBOTA)<\/strong><\/p>\n\n\n\n<p><br>1.&nbsp;&nbsp; Wszystkie linie tramwajowe b\u0119d\u0105 kursowa\u0142y wg&nbsp;<strong>sobotnich&nbsp;<\/strong>rozk\u0142ad\u00f3w jazdy.<\/p>\n\n\n\n<p>2.&nbsp;&nbsp; Linie:&nbsp;<strong>2<\/strong>,&nbsp;<strong>5<\/strong>,&nbsp;<strong>7<\/strong>,&nbsp;<strong>8<\/strong>,&nbsp;<strong>9<\/strong>,&nbsp;<strong>10<\/strong>,&nbsp;<strong>11<\/strong>,&nbsp;<strong>15<\/strong>,&nbsp;<strong>20<\/strong>,<strong>&nbsp;31&nbsp;<\/strong>i&nbsp;<strong>70<\/strong>&nbsp;b\u0119d\u0105 kursowa\u0142y przez ca\u0142y dzie\u0144, ale po godzinie&nbsp;<strong>15:00<\/strong>&nbsp;z cz\u0119stotliwo\u015bci\u0105 co&nbsp;<strong>30<\/strong>&nbsp;minut.<\/p>\n\n\n\n<p>3. &nbsp; Linia&nbsp;<strong>8<\/strong>&nbsp;po godzinie&nbsp;<strong>15:00<\/strong>&nbsp;zostanie przed\u0142u\u017cona do p\u0119tli Po\u015bwi\u0119tne.<\/p>\n\n\n\n<p>4.&nbsp;&nbsp; Linia&nbsp;<strong>11<\/strong>&nbsp;po godzinie&nbsp;<strong>15:00<\/strong>&nbsp;zostanie przed\u0142u\u017cona do p\u0119tli Opor\u00f3w.<\/p>\n\n\n\n<p>5.&nbsp;&nbsp; Linia&nbsp;<strong>20<\/strong>&nbsp;po godzinie&nbsp;<strong>15:00<\/strong>&nbsp;b\u0119dzie kursowa\u0142a w skr\u00f3conej relacji&nbsp;<strong>Le\u015bnica<\/strong>&nbsp;\u2013&nbsp;<strong>Grabiszynek<\/strong>&nbsp;\u2013&nbsp;<strong>Le\u015bnica<\/strong>.<\/p>\n\n\n\n<p>6.&nbsp;&nbsp; Linia&nbsp;<strong>70<\/strong>&nbsp;po godzinie&nbsp;<strong>15:00<\/strong>&nbsp;b\u0119dzie kursowa\u0142a w skr\u00f3conej relacji&nbsp;<strong>Po\u015bwi\u0119tne<\/strong><strong>&nbsp;\u2013 Grabiszynek &#8211; Po\u015bwi\u0119tne<\/strong>.<\/p>\n\n\n\n<p>7.&nbsp;&nbsp; Linie:&nbsp;<strong>1<\/strong>,&nbsp;<strong>3<\/strong>,&nbsp;<strong>4<\/strong>,&nbsp;<strong>6<\/strong>,&nbsp;<strong>16<\/strong>,<strong>&nbsp;17<\/strong>,&nbsp;<strong>23<\/strong>,&nbsp;<strong>33<\/strong>&nbsp;i&nbsp;<strong>74&nbsp;<\/strong>b\u0119d\u0105 kursowa\u0142y&nbsp;<strong>tylko<\/strong>&nbsp;do oko\u0142o godziny&nbsp;<strong>15:00<\/strong>.<\/p>\n\n\n\n<p><strong>25-26 GRUDNIA 2022&nbsp;ROKU (NIEDZIELA-PONIEDZIA\u0141EK)<\/strong><\/p>\n\n\n\n<p><br>1.&nbsp;&nbsp; Wszystkie linie tramwajowe b\u0119d\u0105 kursowa\u0142y wg&nbsp;<strong>\u015bwi\u0105tecznych&nbsp;<\/strong>rozk\u0142ad\u00f3w jazdy z cz\u0119stotliwo\u015bci\u0105 co&nbsp;<strong>30<\/strong>&nbsp;minut&nbsp;(linie 1, 16, 23 i 33 rozpoczynaj\u0105 kursy od godziny 9:00).<\/p>\n\n\n\n<p><strong>27-30&nbsp;GRUDNIA 2022&nbsp;ROKU (WTOREK-PI\u0104TEK)<\/strong><\/p>\n\n\n\n<p>1.&nbsp;&nbsp; Wszystkie linie tramwajowe b\u0119d\u0105 kursowa\u0142y wg&nbsp;<strong>roboczych&nbsp;<\/strong>rozk\u0142ad\u00f3w jazdy.<\/p>\n\n\n\n<p><strong>31 GRUDNIA 2022 ROKU (SOBOTA)<\/strong><\/p>\n\n\n\n<p>1.&nbsp; Wszystkie linie tramwajowe b\u0119d\u0105 kursowa\u0142y wg&nbsp;<strong>sobotnich&nbsp;<\/strong>rozk\u0142ad\u00f3w jazdy.<\/p>\n\n\n\n<p><strong>1 STYCZNIA 2023&nbsp;ROKU (NIEDZIELA)<\/strong><\/p>\n\n\n\n<p>1.&nbsp; Wszystkie linie tramwajowe b\u0119d\u0105 kursowa\u0142y wg&nbsp;<strong>\u015bwi\u0105tecznych&nbsp;<\/strong>rozk\u0142ad\u00f3w jazdy z cz\u0119stotliwo\u015bci\u0105 co&nbsp;<strong>30<\/strong>&nbsp;minut&nbsp;(linie 1, 16, 23 i 33 rozpoczynaj\u0105 kursy od godziny 9:00).<\/p>\n\n\n\n<p><strong>2-4 STYCZNIA 2023&nbsp;ROKU (PONIEDZIA\u0141EK-\u015aRODA)<\/strong><\/p>\n\n\n\n<p>1.&nbsp;&nbsp; Wszystkie linie tramwajowe b\u0119d\u0105 kursowa\u0142y wg&nbsp;<strong>roboczych<\/strong>rozk\u0142ad\u00f3w jazdy.<\/p>\n\n\n\n<p><strong>5 STYCZNIA 2023&nbsp;ROKU (CZWARTEK)<\/strong><\/p>\n\n\n\n<p>1.&nbsp;&nbsp; Wszystkie linie tramwajowe b\u0119d\u0105 kursowa\u0142y wg&nbsp;<strong>roboczych<\/strong>&nbsp;rozk\u0142ad\u00f3w jazdy.&nbsp;<\/p>\n\n\n\n<p><strong>6 STYCZNIA 2023&nbsp;ROKU (PI\u0104TEK)<\/strong><\/p>\n\n\n\n<p>1.&nbsp; Wszystkie linie tramwajowe b\u0119d\u0105 kursowa\u0142y wg&nbsp;<strong>\u015bwi\u0105tecznych&nbsp;<\/strong>rozk\u0142ad\u00f3w jazdy z cz\u0119stotliwo\u015bci\u0105 co&nbsp;<strong>30<\/strong>&nbsp;minut&nbsp;(linie 1, 16, 23 i 33 rozpoczynaj\u0105 kursy od godziny 9:00).<\/p>\n\n\n\n<p><strong><u>KOMUNIKACJA AUTOBUSOWA<\/u><\/strong><\/p>\n\n\n\n<p><strong>23 GRUDNIA 2022&nbsp;ROKU (PI\u0104TEK)<\/strong><\/p>\n\n\n\n<p>1.&nbsp;&nbsp;&nbsp; Wszystkie linie autobusowe b\u0119d\u0105 kursowa\u0142y wg&nbsp;<strong>roboczych&nbsp;<\/strong>rozk\u0142ad\u00f3w jazdy.<\/p>\n\n\n\n<p>2. &nbsp; &nbsp;<strong><u>Zawieszone<\/u><\/strong>&nbsp;zostan\u0105 kursy szkolne linii&nbsp;<strong>133&nbsp;<\/strong>realizowane do Iwin.<\/p>\n\n\n\n<p><strong>24 GRUDNIA 2022&nbsp;ROKU (SOBOTA)<\/strong><\/p>\n\n\n\n<p>1.&nbsp;&nbsp; Linie autobusowe: A, D, K, N, 102, 103, 105, 106, 107, 109, 111, 112, 114, 115, 118, 119, 121, 122,<br>127, 128, 132, 133, 134, 144, 145, 148, 151, 206, 240, 241, 242, 243, 244, 245, 246, 247, 248, 249,<br>250, 251, 253, 255, 257, 259, 602 b\u0119d\u0105 kursowa\u0142y wg&nbsp;<strong>sobotnich<\/strong>&nbsp;rozk\u0142ad\u00f3w jazdy.<br>2.&nbsp; &nbsp;Linie: 101, 108, 116, 124, 126, 130, 131, 142, 143 i 146 b\u0119d\u0105 kursowa\u0142y wg sobotnich rozk\u0142ad\u00f3w<br>jazdy tylko do oko\u0142o godziny 15:00.<br>3.&nbsp; &nbsp;Linie: 100, 104, 110, 113, 120, 125, 129, 136, 140, 147&nbsp;i 149 b\u0119d\u0105 kursowa\u0142y wg sobotnich<br>rozk\u0142ad\u00f3w jazdy tylko do oko\u0142o godziny 18:30.<\/p>\n\n\n\n<p>4.&nbsp; Linia 714 po godzinie 15:00 b\u0119dzie kursowa\u0142a co 15 minut.<\/p>\n\n\n\n<p>5.&nbsp;&nbsp;&nbsp;<strong><u>Zawieszone<\/u><\/strong>&nbsp;zostanie kursowanie linii&nbsp;<strong>C<\/strong>.<\/p>\n\n\n\n<p>6.&nbsp; &nbsp;<strong><u>Zawieszony<\/u><\/strong>&nbsp;zostanie kurs linii&nbsp;<strong>602<\/strong>&nbsp;o godzinie&nbsp;<strong>21:50<\/strong>&nbsp;z Dworca G\u0142\u00f3wnego do koncernu LG oraz kurs o godzinie&nbsp;<strong>23:20<\/strong>&nbsp;z koncernu LG do Petrusewicza.<\/p>\n\n\n\n<p><strong>25-26 GRUDNIA 2022&nbsp;ROKU (NIEDZIELA-PONIEDZIA\u0141EK)<\/strong><\/p>\n\n\n\n<p>1.&nbsp; Linie autobusowe: A, K, 100, 101, 103, 107, 109, 110, 111, 112, 113, 115, 118, 119, 120, 125, 128,<br>129, 132, 133, 136, 140, 145, 147, 148, 149 i 151 b\u0119d\u0105 kursowa\u0142y wg&nbsp;<strong>niedzielnych&nbsp;<\/strong>rozk\u0142ad\u00f3w jazdy.<\/p>\n\n\n\n<p><br>2.&nbsp; Linie nocne: 206, 240, 241, 242, 243, 244, 245, 246, 247, 248, 249, 250, 251, 253, 255, 257 i 259<br>b\u0119d\u0105 kursowa\u0142y wg&nbsp;<strong>sobotnio-niedzielnych<\/strong>&nbsp;rozk\u0142ad\u00f3w jazdy.<\/p>\n\n\n\n<p><br>3.&nbsp;<strong>&nbsp;Zawieszone<\/strong>&nbsp;zostanie kursowanie linii: C, 108, 124, 130, 131, 142, 143, 146 i 602 .<\/p>\n\n\n\n<p><br>4.&nbsp; &nbsp;Linie: D, N, 102, 104, 105, 106, 114, 116, 121, 122, 126, 127, 134, 144 i 714 b\u0119d\u0105 kursowa\u0142y wg<br><strong>\u015bwi\u0105tecznych<\/strong>&nbsp;rozk\u0142ad\u00f3w jazdy.<\/p>\n\n\n\n<p><br>5.&nbsp; Linie autobusowe: A, D, 110, 112, 113, 116, 119, 128, 136 i 149 b\u0119d\u0105 obs\u0142ugiwane przez autobusy<br>typu solo.<\/p>\n\n\n\n<p><br>6.&nbsp; Wszystkie nocne linie autobusowe b\u0119d\u0105 obs\u0142ugiwane przez autobusy typu solo.<\/p>\n\n\n\n<p><strong>27-30 GRUDNIA 2022&nbsp;ROKU (WTOREK-PI\u0104TEK)<\/strong><\/p>\n\n\n\n<p>1.&nbsp;&nbsp;&nbsp; Wszystkie linie autobusowe b\u0119d\u0105 kursowa\u0142y wg&nbsp;<strong>roboczych&nbsp;<\/strong>rozk\u0142ad\u00f3w jazdy.<\/p>\n\n\n\n<p>2. &nbsp; &nbsp;Zawieszone zostan\u0105 kursy szkolne linii&nbsp;<strong>133&nbsp;<\/strong>realizowane&nbsp; do Iwin.<\/p>\n\n\n\n<p><strong>31 GRUDNIA 2022&nbsp;ROKU (SOBOTA)<\/strong><\/p>\n\n\n\n<p>1.&nbsp;&nbsp;&nbsp; Wszystkie linie autobusowe b\u0119d\u0105 kursowa\u0142y wg&nbsp;<strong>sobotnich<\/strong>rozk\u0142ad\u00f3w jazdy.<\/p>\n\n\n\n<p><br>2.&nbsp; &nbsp;<strong><u>Zawieszony<\/u><\/strong>&nbsp;zostanie kurs linii&nbsp;<strong>602<\/strong>&nbsp;o godzinie&nbsp;<strong>21:50<\/strong>&nbsp;z Dworca G\u0142\u00f3wnego do koncernu LG oraz kurs o godzinie&nbsp;<strong>23:20<\/strong>&nbsp;z koncernu LG do Petrusewicza.<\/p>\n\n\n\n<p>3. &nbsp; &nbsp;Komunikacja&nbsp;<strong>nocna<\/strong>&nbsp;b\u0119dzie kursowa\u0142a wg&nbsp;<strong>sobotnio-niedzielnych&nbsp;<\/strong>rozk\u0142ad\u00f3w jazdy.<\/p>\n\n\n\n<p><strong>1 STYCZNIA 2023&nbsp;ROKU (NIEDZIELA)<\/strong><\/p>\n\n\n\n<p><br>1. Linie autobusowe: A, K, 100, 101, 103, 107, 109, 110, 111, 112, 113, 115, 118, 119, 120, 125, 128,<br>129, 132, 133, 136, 140, 145, 147, 148, 149 i 151 b\u0119d\u0105 kursowa\u0142y wg&nbsp;<strong>niedzielnych<\/strong>&nbsp;rozk\u0142ad\u00f3w jazdy.&nbsp;<\/p>\n\n\n\n<p><br>2. Linie nocne: 206, 240, 241, 242, 243, 244, 245, 246, 247, 248, 249, 250, 251, 253, 255, 257 i 259 b\u0119d\u0105<br>kursowa\u0142y wg&nbsp;<strong>sobotnio-niedzielnych<\/strong>&nbsp;rozk\u0142ad\u00f3w jazdy.<\/p>\n\n\n\n<p><br>3.&nbsp;<strong>Zawieszone<\/strong>&nbsp;zostanie kursowanie linii: C, 108, 124, 130, 131, 142, 143, 146 i 602.<\/p>\n\n\n\n<p><br>4. Linie: D, N, 102, 104, 105, 106, 114, 116, 121, 122, 126, 127, 134, 144 i 714 b\u0119d\u0105 kursowa\u0142y wg<br><strong>\u015bwi\u0105tecznych<\/strong>&nbsp;rozk\u0142ad\u00f3w jazdy.<\/p>\n\n\n\n<p><strong>2-4 STYCZNIA 2023&nbsp;ROKU (PONIEDZIA\u0141EK-\u015aRODA)<\/strong><\/p>\n\n\n\n<p>1.&nbsp;&nbsp; Wszystkie linie autobusowe b\u0119d\u0105 kursowa\u0142y wg&nbsp;<strong>roboczych<\/strong>rozk\u0142ad\u00f3w jazdy.<\/p>\n\n\n\n<p><strong>5 STYCZNIA 2023&nbsp;ROKU (CZWARTEK)<\/strong><\/p>\n\n\n\n<p>1.&nbsp;&nbsp;&nbsp; Wszystkie linie autobusowe b\u0119d\u0105 kursowa\u0142y wg&nbsp;<strong>pi\u0105tkowych<\/strong>rozk\u0142ad\u00f3w jazdy.<\/p>\n\n\n\n<p><strong>6 STYCZNIA 2023&nbsp;ROKU (PI\u0104TEK)<\/strong><\/p>\n\n\n\n<p>1.&nbsp; &nbsp;Linie autobusowe: A, K, 100, 101, 103, 107, 109, 110, 111, 112, 113, 115, 118, 119, 120, 125, 128,<br>129, 132, 133, 136, 140, 145, 147, 148, 149 i 151 b\u0119d\u0105 kursowa\u0142y wg&nbsp;<strong>niedzielnych<\/strong>&nbsp;rozk\u0142ad\u00f3w jazdy.<\/p>\n\n\n\n<p><br>2.&nbsp; Linie nocne: 206, 240, 241, 242, 243, 244, 245, 246, 247, 248, 249, 250, 251, 253, 255, 257 i 259 b\u0119d\u0105<br>kursowa\u0142y wg&nbsp;<strong>sobotnio-niedzielnych<\/strong>&nbsp;rozk\u0142ad\u00f3w jazdy.<\/p>\n\n\n\n<p><br>3.&nbsp;&nbsp;<strong>Zawieszone<\/strong>&nbsp;zostanie kursowanie linii: C, 108, 124, 130, 131, 142, 143, 146 i 602.<\/p>\n\n\n\n<p><br>4.&nbsp; Linie: D, N, 102, 104, 105, 106, 114, 116, 121, 122, 126, 127, 134, 144 i 714 b\u0119d\u0105 kursowa\u0142y wg&nbsp;<strong>\u015bwi\u0105tecznych<\/strong>&nbsp;rozk\u0142ad\u00f3w jazdy.<\/p>\n\n\n\n<p><\/p>\n\n\n\n<p><\/p>\n\n\n\n<p><\/p>\n\n\n\n<p><\/p>\n\n\n\n<p>Wi\u0119cej informacji dost\u0119pne <a href=\"https:\/\/mpk.wroc.pl\/komunikat\/370\/2023-01-06-23122022-r-06012023-r-komunikacja-w-okresie-swiateczno-noworocznym\" target=\"_blank\" rel=\"noreferrer noopener\">na stronie MPK Wroc\u0142aw<\/a>.<\/p>\n\n\n\n<p><\/p>\n\n\n\n<p><\/p>\n\n\n\n<p><\/p>\n\n\n\n<p><\/p>\n\n\n\n<p><\/p>\n","protected":false},"excerpt":{"rendered":"","protected":false},"author":3,"featured_media":14180,"comment_status":"open","ping_status":"open","sticky":false,"template":"","format":"standard","meta":{"footnotes":""},"categories":[14],"tags":[1702,1469,413],"class_list":["post-14179","post","type-post","status-publish","format-standard","has-post-thumbnail","hentry","category-aktualnosci","tag-komunikacja-miejska-na-gaju","tag-mpk-gaj","tag-mpk-wroclaw"],"_links":{"self":[{"href":"https:\/\/online.tvk-gaj.pl\/index.php?rest_route=\/wp\/v2\/posts\/14179","targetHints":{"allow":["GET"]}}],"collection":[{"href":"https:\/\/online.tvk-gaj.pl\/index.php?rest_route=\/wp\/v2\/posts"}],"about":[{"href":"https:\/\/online.tvk-gaj.pl\/index.php?rest_route=\/wp\/v2\/types\/post"}],"author":[{"embeddable":true,"href":"https:\/\/online.tvk-gaj.pl\/index.php?rest_route=\/wp\/v2\/users\/3"}],"replies":[{"embeddable":true,"href":"https:\/\/online.tvk-gaj.pl\/index.php?rest_route=%2Fwp%2Fv2%2Fcomments&post=14179"}],"version-history":[{"count":1,"href":"https:\/\/online.tvk-gaj.pl\/index.php?rest_route=\/wp\/v2\/posts\/14179\/revisions"}],"predecessor-version":[{"id":14181,"href":"https:\/\/online.tvk-gaj.pl\/index.php?rest_route=\/wp\/v2\/posts\/14179\/revisions\/14181"}],"wp:featuredmedia":[{"embeddable":true,"href":"https:\/\/online.tvk-gaj.pl\/index.php?rest_route=\/wp\/v2\/media\/14180"}],"wp:attachment":[{"href":"https:\/\/online.tvk-gaj.pl\/index.php?rest_route=%2Fwp%2Fv2%2Fmedia&parent=14179"}],"wp:term":[{"taxonomy":"category","embeddable":true,"href":"https:\/\/online.tvk-gaj.pl\/index.php?rest_route=%2Fwp%2Fv2%2Fcategories&post=14179"},{"taxonomy":"post_tag","embeddable":true,"href":"https:\/\/online.tvk-gaj.pl\/index.php?rest_route=%2Fwp%2Fv2%2Ftags&post=14179"}],"curies":[{"name":"wp","href":"https:\/\/api.w.org\/{rel}","templated":true}]}}