{"id":14182,"date":"2022-12-22T17:55:07","date_gmt":"2022-12-22T16:55:07","guid":{"rendered":"http:\/\/www.tvk-gaj.pl\/~gajonline\/?p=14182"},"modified":"2023-01-09T22:39:58","modified_gmt":"2023-01-09T21:39:58","slug":"swiateczne-paczki-oraz-zyczenia-od-rady-osiedla-gaj","status":"publish","type":"post","link":"https:\/\/online.tvk-gaj.pl\/?p=14182","title":{"rendered":"\u015awi\u0105teczne paczki oraz \u017cyczenia od Rady Osiedla Gaj"},"content":{"rendered":"\n<p>Z okazji nadchodz\u0105cych \u015awi\u0105t Bo\u017cego Narodzenia osiedlowi radni przekazali \u015bwi\u0105teczne paczki dla  potrzebuj\u0105cych wsparcia mieszka\u0144c\u00f3w Gaju. <\/p>\n\n\n\n<!--more-->\n\n\n\n<p><\/p>\n\n\n\n<p><\/p>\n\n\n\n<p><\/p>\n\n\n\n<figure class=\"wp-block-image size-large\"><img loading=\"lazy\" decoding=\"async\" width=\"768\" height=\"1024\" src=\"http:\/\/www.tvk-gaj.pl\/~gajonline\/wp-content\/uploads\/2022\/12\/4b20fd96-f120-4352-8d49-ce69f0ba717f-768x1024.jpg\" alt=\"\" class=\"wp-image-14184\" srcset=\"https:\/\/online.tvk-gaj.pl\/wp-content\/uploads\/2022\/12\/4b20fd96-f120-4352-8d49-ce69f0ba717f-768x1024.jpg 768w, https:\/\/online.tvk-gaj.pl\/wp-content\/uploads\/2022\/12\/4b20fd96-f120-4352-8d49-ce69f0ba717f-225x300.jpg 225w, https:\/\/online.tvk-gaj.pl\/wp-content\/uploads\/2022\/12\/4b20fd96-f120-4352-8d49-ce69f0ba717f-1152x1536.jpg 1152w, https:\/\/online.tvk-gaj.pl\/wp-content\/uploads\/2022\/12\/4b20fd96-f120-4352-8d49-ce69f0ba717f.jpg 1200w\" sizes=\"auto, (max-width: 768px) 100vw, 768px\" \/><\/figure>\n\n\n\n<p><\/p>\n\n\n\n<p><\/p>\n\n\n\n<p>Radni Osiedla Gaj przekazali 24 paczki (ufundowane przez Prezydenta Wroc\u0142awia, Pana Jacka Sutryka) potrzebuj\u0105cym wsparcia mieszka\u0144com osiedla. <\/p>\n\n\n\n<p>Koordynatorem akcji pomocowej by\u0142 radny Adam Chodaczy\u0144ski.<\/p>\n\n\n\n<p><\/p>\n\n\n\n<p><\/p>\n\n\n\n<figure class=\"wp-block-image size-large\"><img loading=\"lazy\" decoding=\"async\" width=\"683\" height=\"1024\" src=\"http:\/\/www.tvk-gaj.pl\/~gajonline\/wp-content\/uploads\/2022\/12\/zyczenia-swiateczne-683x1024.jpeg\" alt=\"\" class=\"wp-image-14183\" srcset=\"https:\/\/online.tvk-gaj.pl\/wp-content\/uploads\/2022\/12\/zyczenia-swiateczne-683x1024.jpeg 683w, https:\/\/online.tvk-gaj.pl\/wp-content\/uploads\/2022\/12\/zyczenia-swiateczne-200x300.jpeg 200w, https:\/\/online.tvk-gaj.pl\/wp-content\/uploads\/2022\/12\/zyczenia-swiateczne-768x1152.jpeg 768w, https:\/\/online.tvk-gaj.pl\/wp-content\/uploads\/2022\/12\/zyczenia-swiateczne.jpeg 960w\" sizes=\"auto, (max-width: 683px) 100vw, 683px\" \/><\/figure>\n\n\n\n<p><\/p>\n\n\n\n<p><\/p>\n\n\n\n<p>Korzystaj\u0105c z okazji, wszystkim naszym Czytelnikom oraz mieszka\u0144com Gaju, pragniemy \u017cyczy\u0107 zdrowych, pe\u0142nych rado\u015bci i mi\u0142o\u015bci \u015awi\u0105t Bo\u017cego Narodzenia oraz samych pomy\u015blno\u015bci i sukces\u00f3w w Nowym Roku.<\/p>\n\n\n\n<p><\/p>\n\n\n\n<p>\u017byczenia sk\u0142adaj\u0105 Radni Osiedla Gaj oraz Redakcja GajOnline!<\/p>\n\n\n\n<p><\/p>\n\n\n\n<p><\/p>\n\n\n\n<p><\/p>\n\n\n\n<p><\/p>\n","protected":false},"excerpt":{"rendered":"<p>Z okazji nadchodz\u0105cych \u015awi\u0105t Bo\u017cego Narodzenia osiedlowi radni przekazali \u015bwi\u0105teczne paczki dla potrzebuj\u0105cych wsparcia mieszka\u0144c\u00f3w Gaju.<\/p>\n","protected":false},"author":3,"featured_media":14183,"comment_status":"open","ping_status":"open","sticky":false,"template":"","format":"standard","meta":{"footnotes":""},"categories":[14,12],"tags":[1704,178,135,257,1703],"class_list":["post-14182","post","type-post","status-publish","format-standard","has-post-thumbnail","hentry","category-aktualnosci","category-artykuly","tag-boze-narodzenie-na-gaju","tag-paczki","tag-rada-osiedla-gaj","tag-zyczenia","tag-zyczenia-od-rady-osiedla-gaj"],"_links":{"self":[{"href":"https:\/\/online.tvk-gaj.pl\/index.php?rest_route=\/wp\/v2\/posts\/14182","targetHints":{"allow":["GET"]}}],"collection":[{"href":"https:\/\/online.tvk-gaj.pl\/index.php?rest_route=\/wp\/v2\/posts"}],"about":[{"href":"https:\/\/online.tvk-gaj.pl\/index.php?rest_route=\/wp\/v2\/types\/post"}],"author":[{"embeddable":true,"href":"https:\/\/online.tvk-gaj.pl\/index.php?rest_route=\/wp\/v2\/users\/3"}],"replies":[{"embeddable":true,"href":"https:\/\/online.tvk-gaj.pl\/index.php?rest_route=%2Fwp%2Fv2%2Fcomments&post=14182"}],"version-history":[{"count":2,"href":"https:\/\/online.tvk-gaj.pl\/index.php?rest_route=\/wp\/v2\/posts\/14182\/revisions"}],"predecessor-version":[{"id":14629,"href":"https:\/\/online.tvk-gaj.pl\/index.php?rest_route=\/wp\/v2\/posts\/14182\/revisions\/14629"}],"wp:featuredmedia":[{"embeddable":true,"href":"https:\/\/online.tvk-gaj.pl\/index.php?rest_route=\/wp\/v2\/media\/14183"}],"wp:attachment":[{"href":"https:\/\/online.tvk-gaj.pl\/index.php?rest_route=%2Fwp%2Fv2%2Fmedia&parent=14182"}],"wp:term":[{"taxonomy":"category","embeddable":true,"href":"https:\/\/online.tvk-gaj.pl\/index.php?rest_route=%2Fwp%2Fv2%2Fcategories&post=14182"},{"taxonomy":"post_tag","embeddable":true,"href":"https:\/\/online.tvk-gaj.pl\/index.php?rest_route=%2Fwp%2Fv2%2Ftags&post=14182"}],"curies":[{"name":"wp","href":"https:\/\/api.w.org\/{rel}","templated":true}]}}