{"id":14189,"date":"2023-01-09T22:35:50","date_gmt":"2023-01-09T21:35:50","guid":{"rendered":"http:\/\/www.tvk-gaj.pl\/~gajonline\/?p=14189"},"modified":"2023-01-09T22:38:16","modified_gmt":"2023-01-09T21:38:16","slug":"dyzury-radnych-osiedla","status":"publish","type":"post","link":"https:\/\/online.tvk-gaj.pl\/?p=14189","title":{"rendered":"Dy\u017cury radnych osiedla"},"content":{"rendered":"\n<p>Wszystkich mieszka\u0144c\u00f3w Gaju, kt\u00f3rzy chcieliby porozmawia\u0107 o sprawach osiedla, zapraszamy na cotygodniowe dy\u017cury radnych RO Gaj do siedziby Rady przy ul. Krynickiej 80.  <\/p>\n\n\n\n<!--more-->\n\n\n\n<p><\/p>\n\n\n\n<p><\/p>\n\n\n\n<p><strong>Dy\u017cury w RO Gaj:<\/strong><\/p>\n\n\n\n<p><\/p>\n\n\n\n<figure class=\"wp-block-image size-large\"><img loading=\"lazy\" decoding=\"async\" width=\"1024\" height=\"640\" src=\"http:\/\/www.tvk-gaj.pl\/~gajonline\/wp-content\/uploads\/2023\/01\/324347388_1300840660758626_1613428594694218562_n-1024x640.jpeg\" alt=\"\" class=\"wp-image-14192\" srcset=\"https:\/\/online.tvk-gaj.pl\/wp-content\/uploads\/2023\/01\/324347388_1300840660758626_1613428594694218562_n-1024x640.jpeg 1024w, https:\/\/online.tvk-gaj.pl\/wp-content\/uploads\/2023\/01\/324347388_1300840660758626_1613428594694218562_n-300x188.jpeg 300w, https:\/\/online.tvk-gaj.pl\/wp-content\/uploads\/2023\/01\/324347388_1300840660758626_1613428594694218562_n-768x480.jpeg 768w, https:\/\/online.tvk-gaj.pl\/wp-content\/uploads\/2023\/01\/324347388_1300840660758626_1613428594694218562_n.jpeg 1440w\" sizes=\"auto, (max-width: 1024px) 100vw, 1024px\" \/><\/figure>\n\n\n\n<p><\/p>\n\n\n\n<p><\/p>\n\n\n\n<p><\/p>\n\n\n\n<p><strong>Siedziba RO Gaj:<\/strong><\/p>\n\n\n\n<p><\/p>\n\n\n\n<figure class=\"wp-block-image size-large\"><img loading=\"lazy\" decoding=\"async\" width=\"768\" height=\"1024\" src=\"http:\/\/www.tvk-gaj.pl\/~gajonline\/wp-content\/uploads\/2023\/01\/PB200002-768x1024.jpg\" alt=\"\" class=\"wp-image-14193\" srcset=\"https:\/\/online.tvk-gaj.pl\/wp-content\/uploads\/2023\/01\/PB200002-768x1024.jpg 768w, https:\/\/online.tvk-gaj.pl\/wp-content\/uploads\/2023\/01\/PB200002-225x300.jpg 225w, https:\/\/online.tvk-gaj.pl\/wp-content\/uploads\/2023\/01\/PB200002-1152x1536.jpg 1152w, https:\/\/online.tvk-gaj.pl\/wp-content\/uploads\/2023\/01\/PB200002-1536x2048.jpg 1536w, https:\/\/online.tvk-gaj.pl\/wp-content\/uploads\/2023\/01\/PB200002-scaled.jpg 1920w\" sizes=\"auto, (max-width: 768px) 100vw, 768px\" \/><\/figure>\n\n\n\n<p><\/p>\n\n\n\n<p>Siedziba Rady Osiedla Gaj znajduje si\u0119&nbsp;w bloku przy ul. Krynickiej 80 (wej\u015bcie od tunelu). <\/p>\n\n\n\n<p><\/p>\n\n\n\n<p><\/p>\n\n\n\n<p>Serdecznie zapraszamy!<\/p>\n\n\n\n<p><\/p>\n\n\n\n<p><\/p>\n\n\n\n<p><\/p>\n","protected":false},"excerpt":{"rendered":"<p>Wszystkich mieszka\u0144c\u00f3w Gaju, kt\u00f3rzy chcieliby porozmawia\u0107 o sprawach osiedla, zapraszamy na cotygodniowe dy\u017cury radnych RO Gaj do siedziby Rady przy ul. Krynickiej 80.<\/p>\n","protected":false},"author":1,"featured_media":14191,"comment_status":"open","ping_status":"open","sticky":false,"template":"","format":"standard","meta":{"footnotes":""},"categories":[14,12],"tags":[473,135],"class_list":["post-14189","post","type-post","status-publish","format-standard","has-post-thumbnail","hentry","category-aktualnosci","category-artykuly","tag-dyzury","tag-rada-osiedla-gaj"],"_links":{"self":[{"href":"https:\/\/online.tvk-gaj.pl\/index.php?rest_route=\/wp\/v2\/posts\/14189","targetHints":{"allow":["GET"]}}],"collection":[{"href":"https:\/\/online.tvk-gaj.pl\/index.php?rest_route=\/wp\/v2\/posts"}],"about":[{"href":"https:\/\/online.tvk-gaj.pl\/index.php?rest_route=\/wp\/v2\/types\/post"}],"author":[{"embeddable":true,"href":"https:\/\/online.tvk-gaj.pl\/index.php?rest_route=\/wp\/v2\/users\/1"}],"replies":[{"embeddable":true,"href":"https:\/\/online.tvk-gaj.pl\/index.php?rest_route=%2Fwp%2Fv2%2Fcomments&post=14189"}],"version-history":[{"count":2,"href":"https:\/\/online.tvk-gaj.pl\/index.php?rest_route=\/wp\/v2\/posts\/14189\/revisions"}],"predecessor-version":[{"id":14195,"href":"https:\/\/online.tvk-gaj.pl\/index.php?rest_route=\/wp\/v2\/posts\/14189\/revisions\/14195"}],"wp:featuredmedia":[{"embeddable":true,"href":"https:\/\/online.tvk-gaj.pl\/index.php?rest_route=\/wp\/v2\/media\/14191"}],"wp:attachment":[{"href":"https:\/\/online.tvk-gaj.pl\/index.php?rest_route=%2Fwp%2Fv2%2Fmedia&parent=14189"}],"wp:term":[{"taxonomy":"category","embeddable":true,"href":"https:\/\/online.tvk-gaj.pl\/index.php?rest_route=%2Fwp%2Fv2%2Fcategories&post=14189"},{"taxonomy":"post_tag","embeddable":true,"href":"https:\/\/online.tvk-gaj.pl\/index.php?rest_route=%2Fwp%2Fv2%2Ftags&post=14189"}],"curies":[{"name":"wp","href":"https:\/\/api.w.org\/{rel}","templated":true}]}}