{"id":14206,"date":"2023-02-07T00:59:31","date_gmt":"2023-02-06T23:59:31","guid":{"rendered":"http:\/\/www.tvk-gaj.pl\/~gajonline\/?p=14206"},"modified":"2023-04-20T22:34:05","modified_gmt":"2023-04-20T20:34:05","slug":"powstanie-buspas-na-jagodno","status":"publish","type":"post","link":"https:\/\/online.tvk-gaj.pl\/?p=14206","title":{"rendered":"Powstanie buspas na Jagodno"},"content":{"rendered":"\n<p>Sp\u00f3\u0142ka Wroc\u0142awskie Inwestycje\u00a0poinformowa\u0142a o rozstrzygni\u0119ciu przetargu na budow\u0119 wydzielonego buspasa na trasie z Gaju na Jagodno. <\/p>\n\n\n\n<!--more-->\n\n\n\n<p><\/p>\n\n\n\n<p><\/p>\n\n\n\n<figure class=\"wp-block-image size-large\"><img loading=\"lazy\" decoding=\"async\" width=\"1024\" height=\"546\" src=\"http:\/\/www.tvk-gaj.pl\/~gajonline\/wp-content\/uploads\/2023\/02\/Zrzut-ekranu-2023-02-6-o-21.02.42-1024x546.png\" alt=\"\" class=\"wp-image-14207\" srcset=\"https:\/\/online.tvk-gaj.pl\/wp-content\/uploads\/2023\/02\/Zrzut-ekranu-2023-02-6-o-21.02.42-1024x546.png 1024w, https:\/\/online.tvk-gaj.pl\/wp-content\/uploads\/2023\/02\/Zrzut-ekranu-2023-02-6-o-21.02.42-300x160.png 300w, https:\/\/online.tvk-gaj.pl\/wp-content\/uploads\/2023\/02\/Zrzut-ekranu-2023-02-6-o-21.02.42-768x409.png 768w, https:\/\/online.tvk-gaj.pl\/wp-content\/uploads\/2023\/02\/Zrzut-ekranu-2023-02-6-o-21.02.42-1536x819.png 1536w, https:\/\/online.tvk-gaj.pl\/wp-content\/uploads\/2023\/02\/Zrzut-ekranu-2023-02-6-o-21.02.42.png 1854w\" sizes=\"auto, (max-width: 1024px) 100vw, 1024px\" \/><figcaption class=\"wp-element-caption\"><em>Kadr z filmu Wroclaw.tv: https:\/\/www.youtube.com\/watch?v=tELUC6H95Lo&amp;t=1s<\/em><\/figcaption><\/figure>\n\n\n\n<p><\/p>\n\n\n\n<p><\/p>\n\n\n\n<p><\/p>\n\n\n\n<p>31 stycznia b.r., miejska sp\u00f3\u0142ka Wroc\u0142awskie Inwestycje, poinformowa\u0142a o wyborze wykonawcy wydzielonego pasa jezdni dla autobus\u00f3w (popularnie nazywanego buspasem) na trasie Gaj-Jagodno.<\/p>\n\n\n\n<p>Now\u0105 tras\u0119 wybuduje firma Pro-Tra Building, kt\u00f3ra niedawno sko\u0144czy\u0142a renowacje most\u00f3w Pomorskich.<\/p>\n\n\n\n<p>Firmy kt\u00f3re nie wygra\u0142y przetargu maj\u0105 obecnie czas na z\u0142o\u017cenie odwo\u0142ania, w zwi\u0105zku z czym przetarg nie zosta\u0142 jeszcze oficjalnie zako\u0144czony. <\/p>\n\n\n\n<p><\/p>\n\n\n\n<p><\/p>\n\n\n\n<figure class=\"wp-block-embed is-type-video is-provider-youtube wp-block-embed-youtube wp-embed-aspect-16-9 wp-has-aspect-ratio\"><div class=\"wp-block-embed__wrapper\">\n<iframe loading=\"lazy\" title=\"Buspas na Jagodno - powstanie te\u017c p\u0119tla autobusowa | Wroc\u0142aw TV\" width=\"838\" height=\"471\" src=\"https:\/\/www.youtube.com\/embed\/tELUC6H95Lo?start=1&#038;feature=oembed\" frameborder=\"0\" allow=\"accelerometer; autoplay; clipboard-write; encrypted-media; gyroscope; picture-in-picture; web-share\" referrerpolicy=\"strict-origin-when-cross-origin\" allowfullscreen><\/iframe>\n<\/div><figcaption class=\"wp-element-caption\"><em>\u0179r\u00f3d\u0142o: Wroc\u0142aw.TV<\/em><\/figcaption><\/figure>\n\n\n\n<p><\/p>\n\n\n\n<p><\/p>\n\n\n\n<p>Buspas na Jagodno ma mie\u0107 blisko 3km d\u0142ugo\u015bci, a jego trasa poprowadzi od skrzy\u017cowania ulic Bardzkiej i \u015awieradowskiej (na granicy Gaju oraz Tarnogaju) do planowanej p\u0119tli przy ulicy Kajdasza na Jagodnie. <\/p>\n\n\n\n<p><\/p>\n\n\n\n<blockquote class=\"wp-block-quote is-layout-flow wp-block-quote-is-layout-flow\">\n<p>Prezydent Wroc\u0142awia, Pan Jacek Sutryk:<\/p>\n<cite><em>Wybudujemy korytarz komunikacyjny, kt\u00f3rym b\u0119d\u0105 mog\u0142y porusza\u0107 si\u0119 autobusy, a docelowo chcemy, aby m\u00f3g\u0142 tamt\u0119dy pojecha\u0107 r\u00f3wnie\u017c tramwaj. Dlatego geometria trasy i rozwi\u0105zania wysoko\u015bciowe peron\u00f3w przystankowych dostosowano do uk\u0142adu docelowego, czyli trasy autobusowo-tramwajowej.<\/em><\/cite><\/blockquote>\n\n\n\n<p><\/p>\n\n\n\n<p>Projekt b\u0119dzie wi\u0119c obejmowa\u0142 ruch drogowy w obr\u0119bie trzech osiedli: Jagodna, Gaju i Tarnogaju.<\/p>\n\n\n\n<p><\/p>\n\n\n\n<p><\/p>\n\n\n\n<figure class=\"wp-block-image size-full\"><img loading=\"lazy\" decoding=\"async\" width=\"800\" height=\"245\" src=\"http:\/\/www.tvk-gaj.pl\/~gajonline\/wp-content\/uploads\/2023\/02\/image.png\" alt=\"\" class=\"wp-image-14208\" srcset=\"https:\/\/online.tvk-gaj.pl\/wp-content\/uploads\/2023\/02\/image.png 800w, https:\/\/online.tvk-gaj.pl\/wp-content\/uploads\/2023\/02\/image-300x92.png 300w, https:\/\/online.tvk-gaj.pl\/wp-content\/uploads\/2023\/02\/image-768x235.png 768w\" sizes=\"auto, (max-width: 800px) 100vw, 800px\" \/><figcaption class=\"wp-element-caption\"><em>\u0179r\u00f3d\u0142o: Urz\u0105d Miejski we Wroc\u0142awiu<\/em><\/figcaption><\/figure>\n\n\n\n<p><\/p>\n\n\n\n<p><\/p>\n\n\n\n<p>Zaprojektowanie i wybudowanie wydzielonego pasa dla komunikacji miejskiej wpisane zosta\u0142o do &#8222;Wroc\u0142awskiego Programu Tramwajowego 2.0&#8221;.  Ma stanowi\u0107 tymczasow\u0105 alternatyw\u0119 dla zapowiadanej od wielu lat linii tramwajowej na Jagodno. Buspas ma funkcjonowa\u0107 do momentu rozwi\u0105zania problemu z zaprojektowaniem krzy\u017cowania si\u0119 potencjalnej linii tramwajowej z lini\u0105 kolejow\u0105 biegn\u0105c\u0105 pomi\u0119dzy Gajem a Wojszycami. W przypadku rozwi\u0105zaniu tego wyzwania buspas przebudowany zostanie w Tras\u0119 Autobusowo Tramwajow\u0105 (TAT).<\/p>\n\n\n\n<p><\/p>\n\n\n\n<p><\/p>\n\n\n\n<figure class=\"wp-block-image size-large\"><img loading=\"lazy\" decoding=\"async\" width=\"1024\" height=\"545\" src=\"http:\/\/www.tvk-gaj.pl\/~gajonline\/wp-content\/uploads\/2023\/02\/Zrzut-ekranu-2023-02-6-o-21.03.13-1024x545.png\" alt=\"\" class=\"wp-image-14209\" srcset=\"https:\/\/online.tvk-gaj.pl\/wp-content\/uploads\/2023\/02\/Zrzut-ekranu-2023-02-6-o-21.03.13-1024x545.png 1024w, https:\/\/online.tvk-gaj.pl\/wp-content\/uploads\/2023\/02\/Zrzut-ekranu-2023-02-6-o-21.03.13-300x160.png 300w, https:\/\/online.tvk-gaj.pl\/wp-content\/uploads\/2023\/02\/Zrzut-ekranu-2023-02-6-o-21.03.13-768x409.png 768w, https:\/\/online.tvk-gaj.pl\/wp-content\/uploads\/2023\/02\/Zrzut-ekranu-2023-02-6-o-21.03.13-1536x817.png 1536w, https:\/\/online.tvk-gaj.pl\/wp-content\/uploads\/2023\/02\/Zrzut-ekranu-2023-02-6-o-21.03.13.png 1859w\" sizes=\"auto, (max-width: 1024px) 100vw, 1024px\" \/><figcaption class=\"wp-element-caption\"><em>Kadr z filmu Wroclaw.tv: https:\/\/www.youtube.com\/watch?v=tELUC6H95Lo&amp;t=1s<\/em><\/figcaption><\/figure>\n\n\n\n<p><\/p>\n\n\n\n<p><\/p>\n\n\n\n<p>Co ponadto obejmie budowa buspasa na Jagodno:<\/p>\n\n\n\n<ul class=\"wp-block-list\">\n<li>nowe przystanki autobusowe (5 par przy ul. Bardziej i Buforowej \u2013 na wysoko\u015bci cmentarza oraz ul. Terenowej, Konduktorskiej, Malinowskiego i Kopyci\u0144skiego oraz jeden przy ul. \u015awieradowskiej w kierunku Jagodna).<\/li>\n\n\n\n<li>parking typu Park&amp;Ride na wysoko\u015bci planowanej p\u0119tli tramwajowej przy ul. Kajdasza<\/li>\n\n\n\n<li>poszerzenie dw\u00f3ch skrzy\u017cowa\u0144 oraz wyznaczenie nowych przej\u015b\u0107 dla pieszych<\/li>\n\n\n\n<li>nasadzenia zieleni<\/li>\n<\/ul>\n\n\n\n<p><\/p>\n\n\n\n<p><\/p>\n\n\n\n<p>Zwyci\u0119ska oferta firmy Pro Tra Building wyceniona zosta\u0142a na 42,68 mln z\u0142, a termin jej realizacji przewidziano na koniec 2025r. <\/p>\n\n\n\n<p><\/p>\n\n\n\n<p><\/p>\n\n\n\n<p><\/p>\n\n\n\n<p><\/p>\n","protected":false},"excerpt":{"rendered":"<p>Sp\u00f3\u0142ka Wroc\u0142awskie Inwestycje\u00a0poinformowa\u0142a o rozstrzygni\u0119ciu przetargu na budow\u0119 wydzielonego buspasa na trasie z Gaju na Jagodno.<\/p>\n","protected":false},"author":3,"featured_media":14207,"comment_status":"open","ping_status":"open","sticky":false,"template":"","format":"standard","meta":{"footnotes":""},"categories":[14],"tags":[553,1709,1710,1712,1711,112,554],"class_list":["post-14206","post","type-post","status-publish","format-standard","has-post-thumbnail","hentry","category-aktualnosci","tag-buforowa","tag-buspas","tag-buspas-na-bardzkiej","tag-buspas-na-gaju","tag-buspas-na-jagodno","tag-gaj","tag-jagodno"],"_links":{"self":[{"href":"https:\/\/online.tvk-gaj.pl\/index.php?rest_route=\/wp\/v2\/posts\/14206","targetHints":{"allow":["GET"]}}],"collection":[{"href":"https:\/\/online.tvk-gaj.pl\/index.php?rest_route=\/wp\/v2\/posts"}],"about":[{"href":"https:\/\/online.tvk-gaj.pl\/index.php?rest_route=\/wp\/v2\/types\/post"}],"author":[{"embeddable":true,"href":"https:\/\/online.tvk-gaj.pl\/index.php?rest_route=\/wp\/v2\/users\/3"}],"replies":[{"embeddable":true,"href":"https:\/\/online.tvk-gaj.pl\/index.php?rest_route=%2Fwp%2Fv2%2Fcomments&post=14206"}],"version-history":[{"count":2,"href":"https:\/\/online.tvk-gaj.pl\/index.php?rest_route=\/wp\/v2\/posts\/14206\/revisions"}],"predecessor-version":[{"id":14211,"href":"https:\/\/online.tvk-gaj.pl\/index.php?rest_route=\/wp\/v2\/posts\/14206\/revisions\/14211"}],"wp:featuredmedia":[{"embeddable":true,"href":"https:\/\/online.tvk-gaj.pl\/index.php?rest_route=\/wp\/v2\/media\/14207"}],"wp:attachment":[{"href":"https:\/\/online.tvk-gaj.pl\/index.php?rest_route=%2Fwp%2Fv2%2Fmedia&parent=14206"}],"wp:term":[{"taxonomy":"category","embeddable":true,"href":"https:\/\/online.tvk-gaj.pl\/index.php?rest_route=%2Fwp%2Fv2%2Fcategories&post=14206"},{"taxonomy":"post_tag","embeddable":true,"href":"https:\/\/online.tvk-gaj.pl\/index.php?rest_route=%2Fwp%2Fv2%2Ftags&post=14206"}],"curies":[{"name":"wp","href":"https:\/\/api.w.org\/{rel}","templated":true}]}}