{"id":14213,"date":"2023-02-22T15:32:00","date_gmt":"2023-02-22T14:32:00","guid":{"rendered":"http:\/\/www.tvk-gaj.pl\/~gajonline\/?p=14213"},"modified":"2023-02-22T07:50:25","modified_gmt":"2023-02-22T06:50:25","slug":"fundusz-osiedlowy-parking-przy-ul-krynickiej","status":"publish","type":"post","link":"https:\/\/online.tvk-gaj.pl\/?p=14213","title":{"rendered":"Fundusz Osiedlowy: parking przy ul. Krynickiej"},"content":{"rendered":"\n<p>Wracamy do sprawy budowy parkingu przy ul. Krynickiej 34-42, realizowanej w ramach tzw. funduszu osiedlowego Wroc\u0142awia. <\/p>\n\n\n\n<!--more-->\n\n\n\n<p><\/p>\n\n\n\n<p><\/p>\n\n\n\n<p>22 lutego ko\u0144czy si\u0119 termin sk\u0142adania ofert w przetargu na budow\u0119 parkingu przy ul. Krynickiej 34-42. <\/p>\n\n\n\n<p>Przetarg jej nast\u0119pstwem zako\u0144czenia wcze\u015bniejszych prac projektowych i architektonicznych. W zesz\u0142ym roku opracowano plan parkingu oraz przeprojektowano w\u0119ze\u0142 ciep\u0142owniczy biegn\u0105cy pod terenem przysz\u0142ej budowy.\u00a0<\/p>\n\n\n\n<p><\/p>\n\n\n\n<p><\/p>\n\n\n\n<figure class=\"wp-block-image size-large\"><img loading=\"lazy\" decoding=\"async\" width=\"1024\" height=\"768\" src=\"http:\/\/www.tvk-gaj.pl\/~gajonline\/wp-content\/uploads\/2023\/02\/parking-krynicka-1024x768.jpeg\" alt=\"\" class=\"wp-image-14214\" srcset=\"https:\/\/online.tvk-gaj.pl\/wp-content\/uploads\/2023\/02\/parking-krynicka-1024x768.jpeg 1024w, https:\/\/online.tvk-gaj.pl\/wp-content\/uploads\/2023\/02\/parking-krynicka-300x225.jpeg 300w, https:\/\/online.tvk-gaj.pl\/wp-content\/uploads\/2023\/02\/parking-krynicka-768x576.jpeg 768w, https:\/\/online.tvk-gaj.pl\/wp-content\/uploads\/2023\/02\/parking-krynicka-1536x1152.jpeg 1536w, https:\/\/online.tvk-gaj.pl\/wp-content\/uploads\/2023\/02\/parking-krynicka.jpeg 2048w\" sizes=\"auto, (max-width: 1024px) 100vw, 1024px\" \/><figcaption class=\"wp-element-caption\"><em>\u0179r\u00f3d\u0142o: ZDiUM Wroc\u0142aw<\/em><\/figcaption><\/figure>\n\n\n\n<p><\/p>\n\n\n\n<p><\/p>\n\n\n\n<p><\/p>\n\n\n\n<p>W ramach inwestycji powsta\u0107 ma oko\u0142o 40 miejsc postojowych, uwzgl\u0119dniaj\u0105c trzy koperty dla os\u00f3b z niepe\u0142nosprawno\u015bciami oraz chodnik, odwodnienie i o\u015bwietlenie parkingu. Ca\u0142o\u015b\u0107 uzupe\u0142ni\u0107 maj\u0105 nowe nasadzenia zieleni obejmuj\u0105ce 5 ar\u00f3w terenu.<\/p>\n\n\n\n<p><\/p>\n\n\n\n<p><\/p>\n\n\n\n<figure class=\"wp-block-image size-full\"><img loading=\"lazy\" decoding=\"async\" width=\"1024\" height=\"739\" src=\"http:\/\/www.tvk-gaj.pl\/~gajonline\/wp-content\/uploads\/2023\/02\/parking-krynicka-plan.png\" alt=\"\" class=\"wp-image-14216\" srcset=\"https:\/\/online.tvk-gaj.pl\/wp-content\/uploads\/2023\/02\/parking-krynicka-plan.png 1024w, https:\/\/online.tvk-gaj.pl\/wp-content\/uploads\/2023\/02\/parking-krynicka-plan-300x217.png 300w, https:\/\/online.tvk-gaj.pl\/wp-content\/uploads\/2023\/02\/parking-krynicka-plan-768x554.png 768w, https:\/\/online.tvk-gaj.pl\/wp-content\/uploads\/2023\/02\/parking-krynicka-plan-287x208.png 287w\" sizes=\"auto, (max-width: 1024px) 100vw, 1024px\" \/><\/figure>\n\n\n\n<p><\/p>\n\n\n\n<p><\/p>\n\n\n\n<p><strong>Czym jest Fundusz Osiedlowy?<\/strong><\/p>\n\n\n\n<p><\/p>\n\n\n\n<blockquote class=\"wp-block-quote is-layout-flow wp-block-quote-is-layout-flow\">\n<p>BIULETYN INFORMACJI PUBLICZNEJ Urz\u0119du Miejskiego Wroc\u0142awia:<\/p>\n<cite>Fundusz Osiedlowy powsta\u0142 z inicjatywy Prezydenta Wroc\u0142awia, jako\u00a0<strong>narz\u0119dzie umo\u017cliwiaj\u0105ce skuteczne dzia\u0142anie osiedli poprzez inwestycje s\u0142u\u017c\u0105ce mieszka\u0144com w podnoszeniu jako\u015bci \u017cycia w miejscu ich zamieszkiwania<\/strong>.<\/cite><\/blockquote>\n\n\n\n<p><\/p>\n\n\n\n<p><\/p>\n\n\n\n<p><\/p>\n\n\n\n<figure class=\"wp-block-image size-large\"><img loading=\"lazy\" decoding=\"async\" width=\"1024\" height=\"768\" src=\"http:\/\/www.tvk-gaj.pl\/~gajonline\/wp-content\/uploads\/2023\/02\/parking-krynicka-2-1024x768.jpeg\" alt=\"\" class=\"wp-image-14215\" srcset=\"https:\/\/online.tvk-gaj.pl\/wp-content\/uploads\/2023\/02\/parking-krynicka-2-1024x768.jpeg 1024w, https:\/\/online.tvk-gaj.pl\/wp-content\/uploads\/2023\/02\/parking-krynicka-2-300x225.jpeg 300w, https:\/\/online.tvk-gaj.pl\/wp-content\/uploads\/2023\/02\/parking-krynicka-2-768x576.jpeg 768w, https:\/\/online.tvk-gaj.pl\/wp-content\/uploads\/2023\/02\/parking-krynicka-2-1536x1152.jpeg 1536w, https:\/\/online.tvk-gaj.pl\/wp-content\/uploads\/2023\/02\/parking-krynicka-2.jpeg 2048w\" sizes=\"auto, (max-width: 1024px) 100vw, 1024px\" \/><figcaption class=\"wp-element-caption\"><em>\u0179r\u00f3d\u0142o: ZDiUM Wroc\u0142aw<\/em><\/figcaption><\/figure>\n\n\n\n<p><\/p>\n\n\n\n<p><\/p>\n\n\n\n<p>Potrzeba uporz\u0105dkowania terenu wok\u00f3\u0142 blok\u00f3w przy ul. Krynickiej i nowej organizacji parkowania pomi\u0119dzy numerami 42 &#8211; 34 by\u0142a wielokrotnie zg\u0142aszana przez mieszka\u0144c\u00f3w tej cz\u0119\u015bci osiedla. Jej rezultatem jest realizacja zadania w ramach wspomnianego Funduszu Osiedlowego. <\/p>\n\n\n\n<p><\/p>\n\n\n\n<p><\/p>\n\n\n\n<p>Wed\u0142ug zapewnie\u0144 magistratu parking ma zosta\u0107 wybudowany w terminie 6 miesi\u0119cy od dnia rozstrzygni\u0119cia przetargu.<\/p>\n\n\n\n<p><\/p>\n\n\n\n<p><\/p>\n\n\n\n<p><\/p>\n\n\n\n<p><\/p>\n\n\n\n<p><\/p>\n","protected":false},"excerpt":{"rendered":"<p>Wracamy do sprawy budowy parkingu przy ul. Krynickiej 34-42, realizowanej w ramach tzw. funduszu osiedlowego Wroc\u0142awia.<\/p>\n","protected":false},"author":3,"featured_media":14219,"comment_status":"open","ping_status":"open","sticky":false,"template":"","format":"standard","meta":{"footnotes":""},"categories":[14,12],"tags":[1228,112,209,1714,1713,292],"class_list":["post-14213","post","type-post","status-publish","format-standard","has-post-thumbnail","hentry","category-aktualnosci","category-artykuly","tag-fundusz-osiedlowy","tag-gaj","tag-krynicka","tag-parking-gaj","tag-parking-krynicka","tag-rada-osiedla-2"],"_links":{"self":[{"href":"https:\/\/online.tvk-gaj.pl\/index.php?rest_route=\/wp\/v2\/posts\/14213","targetHints":{"allow":["GET"]}}],"collection":[{"href":"https:\/\/online.tvk-gaj.pl\/index.php?rest_route=\/wp\/v2\/posts"}],"about":[{"href":"https:\/\/online.tvk-gaj.pl\/index.php?rest_route=\/wp\/v2\/types\/post"}],"author":[{"embeddable":true,"href":"https:\/\/online.tvk-gaj.pl\/index.php?rest_route=\/wp\/v2\/users\/3"}],"replies":[{"embeddable":true,"href":"https:\/\/online.tvk-gaj.pl\/index.php?rest_route=%2Fwp%2Fv2%2Fcomments&post=14213"}],"version-history":[{"count":1,"href":"https:\/\/online.tvk-gaj.pl\/index.php?rest_route=\/wp\/v2\/posts\/14213\/revisions"}],"predecessor-version":[{"id":14218,"href":"https:\/\/online.tvk-gaj.pl\/index.php?rest_route=\/wp\/v2\/posts\/14213\/revisions\/14218"}],"wp:featuredmedia":[{"embeddable":true,"href":"https:\/\/online.tvk-gaj.pl\/index.php?rest_route=\/wp\/v2\/media\/14219"}],"wp:attachment":[{"href":"https:\/\/online.tvk-gaj.pl\/index.php?rest_route=%2Fwp%2Fv2%2Fmedia&parent=14213"}],"wp:term":[{"taxonomy":"category","embeddable":true,"href":"https:\/\/online.tvk-gaj.pl\/index.php?rest_route=%2Fwp%2Fv2%2Fcategories&post=14213"},{"taxonomy":"post_tag","embeddable":true,"href":"https:\/\/online.tvk-gaj.pl\/index.php?rest_route=%2Fwp%2Fv2%2Ftags&post=14213"}],"curies":[{"name":"wp","href":"https:\/\/api.w.org\/{rel}","templated":true}]}}