{"id":14221,"date":"2023-03-02T20:33:26","date_gmt":"2023-03-02T19:33:26","guid":{"rendered":"http:\/\/www.tvk-gaj.pl\/~gajonline\/?p=14221"},"modified":"2023-03-02T20:33:27","modified_gmt":"2023-03-02T19:33:27","slug":"zapraszamy-do-wspolpracy-przy-organizacji-festynu-osiedlowego-na-gaju","status":"publish","type":"post","link":"https:\/\/online.tvk-gaj.pl\/?p=14221","title":{"rendered":"Zapraszamy do wsp\u00f3\u0142pracy przy organizacji Festynu Osiedlowego na Gaju"},"content":{"rendered":"\n<p>Rada Osiedla Gaj zaprasza do wsparcia i wsp\u00f3\u0142pracy przy Festynie Osiedla Gaj, kt\u00f3ry odb\u0119dzie si\u0119 17 czerwca 2023r. w Parku S\u0142onecznym na Gaju. <\/p>\n\n\n\n<!--more-->\n\n\n\n<p><\/p>\n\n\n\n<p><\/p>\n\n\n\n<figure class=\"wp-block-image size-large\"><img loading=\"lazy\" decoding=\"async\" width=\"1024\" height=\"768\" src=\"http:\/\/www.tvk-gaj.pl\/~gajonline\/wp-content\/uploads\/2022\/09\/batch_IMG_9426-1024x768.jpg\" alt=\"\" class=\"wp-image-13890\" srcset=\"https:\/\/online.tvk-gaj.pl\/wp-content\/uploads\/2022\/09\/batch_IMG_9426-1024x768.jpg 1024w, https:\/\/online.tvk-gaj.pl\/wp-content\/uploads\/2022\/09\/batch_IMG_9426-300x225.jpg 300w, https:\/\/online.tvk-gaj.pl\/wp-content\/uploads\/2022\/09\/batch_IMG_9426-768x576.jpg 768w, https:\/\/online.tvk-gaj.pl\/wp-content\/uploads\/2022\/09\/batch_IMG_9426-1536x1152.jpg 1536w, https:\/\/online.tvk-gaj.pl\/wp-content\/uploads\/2022\/09\/batch_IMG_9426.jpg 2016w\" sizes=\"auto, (max-width: 1024px) 100vw, 1024px\" \/><\/figure>\n\n\n\n<p><\/p>\n\n\n\n<p><br>Zainteresowane firmy i organizacje prosimy o kontakt poczt\u0105 elektroniczn\u0105 gaj@osiedla.wroclaw.pl b\u0105d\u017a zapraszamy do siedziby RO Gaj przy ul. Krynickiej 80 we Wroc\u0142awiu w ka\u017cdy poniedzia\u0142ek i czwartek w godzinach 18-20.<\/p>\n\n\n\n<p><\/p>\n\n\n\n<p><\/p>\n\n\n\n<p><\/p>\n","protected":false},"excerpt":{"rendered":"<p>Rada Osiedla Gaj zaprasza do wsparcia i wsp\u00f3\u0142pracy przy Festynie Osiedla Gaj, kt\u00f3ry odb\u0119dzie si\u0119 17 czerwca 2023r. w Parku S\u0142onecznym na Gaju.<\/p>\n","protected":false},"author":3,"featured_media":13086,"comment_status":"open","ping_status":"open","sticky":false,"template":"","format":"standard","meta":{"footnotes":""},"categories":[14],"tags":[282,279,756,1663,135,1715],"class_list":["post-14221","post","type-post","status-publish","format-standard","has-post-thumbnail","hentry","category-aktualnosci","tag-festyn-na-gaju","tag-festyn-osiedla-gaj","tag-park-sloneczny-na-gaju","tag-piknik-gaj","tag-rada-osiedla-gaj","tag-wspolpraca-festyn-gaj-wroclaw"],"_links":{"self":[{"href":"https:\/\/online.tvk-gaj.pl\/index.php?rest_route=\/wp\/v2\/posts\/14221","targetHints":{"allow":["GET"]}}],"collection":[{"href":"https:\/\/online.tvk-gaj.pl\/index.php?rest_route=\/wp\/v2\/posts"}],"about":[{"href":"https:\/\/online.tvk-gaj.pl\/index.php?rest_route=\/wp\/v2\/types\/post"}],"author":[{"embeddable":true,"href":"https:\/\/online.tvk-gaj.pl\/index.php?rest_route=\/wp\/v2\/users\/3"}],"replies":[{"embeddable":true,"href":"https:\/\/online.tvk-gaj.pl\/index.php?rest_route=%2Fwp%2Fv2%2Fcomments&post=14221"}],"version-history":[{"count":1,"href":"https:\/\/online.tvk-gaj.pl\/index.php?rest_route=\/wp\/v2\/posts\/14221\/revisions"}],"predecessor-version":[{"id":14222,"href":"https:\/\/online.tvk-gaj.pl\/index.php?rest_route=\/wp\/v2\/posts\/14221\/revisions\/14222"}],"wp:featuredmedia":[{"embeddable":true,"href":"https:\/\/online.tvk-gaj.pl\/index.php?rest_route=\/wp\/v2\/media\/13086"}],"wp:attachment":[{"href":"https:\/\/online.tvk-gaj.pl\/index.php?rest_route=%2Fwp%2Fv2%2Fmedia&parent=14221"}],"wp:term":[{"taxonomy":"category","embeddable":true,"href":"https:\/\/online.tvk-gaj.pl\/index.php?rest_route=%2Fwp%2Fv2%2Fcategories&post=14221"},{"taxonomy":"post_tag","embeddable":true,"href":"https:\/\/online.tvk-gaj.pl\/index.php?rest_route=%2Fwp%2Fv2%2Ftags&post=14221"}],"curies":[{"name":"wp","href":"https:\/\/api.w.org\/{rel}","templated":true}]}}