{"id":14232,"date":"2023-04-07T09:15:20","date_gmt":"2023-04-07T07:15:20","guid":{"rendered":"http:\/\/www.tvk-gaj.pl\/~gajonline\/?p=14232"},"modified":"2023-04-13T19:34:48","modified_gmt":"2023-04-13T17:34:48","slug":"wielkanocne-zyczenia","status":"publish","type":"post","link":"https:\/\/online.tvk-gaj.pl\/?p=14232","title":{"rendered":"Wielkanocne \u017cyczenia"},"content":{"rendered":"\n<p>Z okazji zbli\u017caj\u0105cych si\u0119 \u015awi\u0105t Wielkanocnych, w imieniu ca\u0142ej Rady Osiedla Gaj, pragniemy z\u0142o\u017cy\u0107 wszystkim mieszka\u0144com naszego osiedla najserdeczniejsze \u017cyczenia. Publikujemy r\u00f3wnie\u017c plan obchod\u00f3w Triduum Paschalnego w dw\u00f3ch rzymskokatolickich parafiach, dzia\u0142aj\u0105cych na terenie osiedla. <\/p>\n\n\n\n<!--more-->\n\n\n\n<p><\/p>\n\n\n\n<p><\/p>\n\n\n\n<p><\/p>\n\n\n\n<figure class=\"wp-block-image size-large\"><img loading=\"lazy\" decoding=\"async\" width=\"1024\" height=\"640\" src=\"http:\/\/www.tvk-gaj.pl\/~gajonline\/wp-content\/uploads\/2023\/04\/wielkanoc-1024x640.jpeg\" alt=\"\" class=\"wp-image-14233\" srcset=\"https:\/\/online.tvk-gaj.pl\/wp-content\/uploads\/2023\/04\/wielkanoc-1024x640.jpeg 1024w, https:\/\/online.tvk-gaj.pl\/wp-content\/uploads\/2023\/04\/wielkanoc-300x188.jpeg 300w, https:\/\/online.tvk-gaj.pl\/wp-content\/uploads\/2023\/04\/wielkanoc-768x480.jpeg 768w, https:\/\/online.tvk-gaj.pl\/wp-content\/uploads\/2023\/04\/wielkanoc.jpeg 1280w\" sizes=\"auto, (max-width: 1024px) 100vw, 1024px\" \/><\/figure>\n\n\n\n<p><\/p>\n\n\n\n<p><\/p>\n\n\n\n<p>Z okazji zbli\u017caj\u0105cych si\u0119 \u015awi\u0105t Wielkanocnych, w imieniu ca\u0142ej Rady Osiedla Gaj, pragniemy z\u0142o\u017cy\u0107 wszystkim mieszka\u0144com naszego osiedla najserdeczniejsze \u017cyczenia spokoju, rado\u015bci, zdrowia oraz wytchnienia od codziennych obowi\u0105zk\u00f3w. Niech ta Wielkanoc b\u0119dzie czasem, kt\u00f3ry pozwoli wszystkim nam nabra\u0107 si\u0142 do dalszej pracy i zmieniania Gaju na lepsze.<\/p>\n\n\n\n<p><\/p>\n\n\n\n<p><\/p>\n\n\n\n<p><em>Adam Wojtaszewski,<\/em><\/p>\n\n\n\n<p><em>Przewodnicz\u0105cy Rady Osiedla Gaj<\/em><\/p>\n\n\n\n<p><\/p>\n\n\n\n<p><\/p>\n\n\n\n<p><\/p>\n\n\n\n<p><strong>PLAN TRIDUUM PASCHALNEGO 2023<\/strong><\/p>\n\n\n\n<p><\/p>\n\n\n\n<p><\/p>\n\n\n\n<p><strong>Parafia pw. Ducha \u015awi\u0119tego z ul. Bardzkiej<\/strong><\/p>\n\n\n\n<p><\/p>\n\n\n\n<figure class=\"wp-block-image size-full\"><img loading=\"lazy\" decoding=\"async\" width=\"660\" height=\"265\" src=\"http:\/\/www.tvk-gaj.pl\/~gajonline\/wp-content\/uploads\/2017\/12\/swduchpanorama.png\" alt=\"\" class=\"wp-image-9840\" srcset=\"https:\/\/online.tvk-gaj.pl\/wp-content\/uploads\/2017\/12\/swduchpanorama.png 660w, https:\/\/online.tvk-gaj.pl\/wp-content\/uploads\/2017\/12\/swduchpanorama-300x120.png 300w\" sizes=\"auto, (max-width: 660px) 100vw, 660px\" \/><\/figure>\n\n\n\n<p><\/p>\n\n\n\n<p><\/p>\n\n\n\n<p><strong>06 kwietnia \u2013 WIELKI CZWARTEK<\/strong><\/p>\n\n\n\n<p><strong>godz. 19.00<\/strong>&nbsp;\u2013 Msza Wieczerzy Pa\u0144skiej<\/p>\n\n\n\n<p><strong>do godz. 22.00<\/strong>&nbsp;\u2013 adoracja Naj\u015bwi\u0119tszego Sakramentu w kaplicy adoracji przy o\u0142tarzu MB Fatimskiej (g\u00f3rny ko\u015bci\u00f3\u0142)<\/p>\n\n\n\n<p><strong>07 kwietnia \u2013 WIELKI PI\u0104TEK<\/strong><\/p>\n\n\n\n<p><strong>od godz. 9.00<\/strong>&nbsp;&#8211; adoracja Naj\u015bwi\u0119tszego Sakramentu w kaplicy adoracji przy o\u0142tarzu MB Fatimskiej (g\u00f3rny ko\u015bci\u00f3\u0142)<\/p>\n\n\n\n<p><strong>godz. 15.00<\/strong>&nbsp;\u2013 nabo\u017ce\u0144stwo Drogi Krzy\u017cowej<br>i rozpocz\u0119cie Nowenny do Mi\u0142osierdzia Bo\u017cego<\/p>\n\n\n\n<p><strong>godz. 19.00<\/strong>&nbsp;\u2013 Liturgia M\u0119ki Pa\u0144skiej<\/p>\n\n\n\n<p><strong>do godz. 22.00<\/strong>&nbsp;&#8211; adoracja Naj\u015bwi\u0119tszego Sakramentu w grobie Pa\u0144skim (g\u00f3rny ko\u015bci\u00f3\u0142)<\/p>\n\n\n\n<p><strong>08 kwietnia \u2013 WIELKA SOBOTA<\/strong><\/p>\n\n\n\n<p><strong>od godz. 9.00 &#8211;&nbsp;<\/strong>adoracja Naj\u015bwi\u0119tszego Sakramentu w grobie Pa\u0144skim (g\u00f3rny ko\u015bci\u00f3\u0142)<\/p>\n\n\n\n<p><strong>od godz. 9.00 do godz. 13.00<\/strong>&nbsp;&#8211; b\u0142ogos\u0142awie\u0144stwo pokarm\u00f3w<br>(co p\u00f3\u0142 godziny)<\/p>\n\n\n\n<p><strong>godz. 15.00<\/strong>&nbsp;&#8211; Nowenna do Mi\u0142osierdzia&nbsp;Bo\u017cego<\/p>\n\n\n\n<p><strong>od godz. 16.00 do godz. 18.00<\/strong>&nbsp;&#8211; przerwa w adoracji<\/p>\n\n\n\n<p><strong>godz. 19.00<\/strong>&nbsp;\u2013 Liturgia Wigilii Paschalnej<\/p>\n\n\n\n<p><strong>09 kwietnia \u2013 UROCZYSTO\u015a\u0106 ZMARTWYCHWSTANIA PA\u0143SKIEGO<\/strong><\/p>\n\n\n\n<p><strong>godz. 6.00 \u2013&nbsp;<\/strong>Msza \u015aw. odpustowa w ko\u015bciele na cmentarzu<\/p>\n\n\n\n<p><strong>godz. 9.00; 10.30; 12.00; 13.30; 18.00; 19.30<\/strong>&nbsp;\u2013 Msze \u015aw. w ko\u015bciele parafialnym<\/p>\n\n\n\n<p><strong>godz. 15.00 &#8211;&nbsp;<\/strong>Nowenna do Mi\u0142osierdzia Bo\u017cego<\/p>\n\n\n\n<p><strong>10 kwietnia \u2013 PONIEDZIA\u0141EK W OKTAWIE ZMARTWYCHWSTANIA PA\u0143SKIEGO<\/strong><\/p>\n\n\n\n<p><strong>godz. 7.30; 9.00; 10.30; 12.00; 13.30; 18.00; 19.30<\/strong>&nbsp;\u2013 Msze \u015aw. w ko\u015bciele parafialnym<\/p>\n\n\n\n<p><strong>godz. 15.00<\/strong>&nbsp;&#8211; Nowenna do Mi\u0142osierdzia&nbsp;Bo\u017cego<\/p>\n\n\n\n<p><\/p>\n\n\n\n<p><\/p>\n\n\n\n<p><\/p>\n\n\n\n<p><\/p>\n\n\n\n<p><\/p>\n\n\n\n<p><strong>Parafia pw. \u015aw. Franciszka z Asy\u017cu z ul. Borowskiej <\/strong><\/p>\n\n\n\n<p><\/p>\n\n\n\n<p><\/p>\n\n\n\n<figure class=\"wp-block-image size-full\"><img loading=\"lazy\" decoding=\"async\" width=\"823\" height=\"280\" src=\"http:\/\/www.tvk-gaj.pl\/~gajonline\/wp-content\/uploads\/2021\/12\/swfranciszek.png\" alt=\"\" class=\"wp-image-13429\" srcset=\"https:\/\/online.tvk-gaj.pl\/wp-content\/uploads\/2021\/12\/swfranciszek.png 823w, https:\/\/online.tvk-gaj.pl\/wp-content\/uploads\/2021\/12\/swfranciszek-300x102.png 300w, https:\/\/online.tvk-gaj.pl\/wp-content\/uploads\/2021\/12\/swfranciszek-768x261.png 768w\" sizes=\"auto, (max-width: 823px) 100vw, 823px\" \/><\/figure>\n\n\n\n<p><\/p>\n\n\n\n<p><\/p>\n\n\n\n<p><\/p>\n\n\n\n<ul class=\"wp-block-list\">\n<li><strong>Wielki Czwartek<em>:&nbsp;<\/em><\/strong><em>(w godzinach porannych Liturgia wszystkich kap\u0142an\u00f3w jest sprawowana tylko w Katedrze pod przewodnictwem ks. Biskupa)<\/em><\/li>\n\n\n\n<li>w naszym ko\u015bciele parafialnym&nbsp;<strong>Msza \u015awi\u0119ta Wieczerzy Pa\u0144skiej o godz. 18.30<\/strong>,<br>-Po Wieczerzy Pa\u0144skiej &nbsp;procesjonalne przeniesienie Naj\u015bwi\u0119tszego Sakramentu \u2013 Pana<br>Jezusa do Kaplicy Adoracji tzw. \u201eCiemnicy\u201d do ko\u015bcia\u0142a Matki Bo\u017cej Kr\u00f3lowej Anio\u0142\u00f3w<br>-Adoracja do p\u00f3\u0142nocy.<br>-Spowiedzi &nbsp;od 22.00<\/li>\n\n\n\n<li><strong>Wielki Pi\u0105tek:<\/strong><\/li>\n<\/ul>\n\n\n\n<p><strong>&nbsp;&nbsp;&nbsp;&nbsp;&nbsp; &nbsp;&nbsp;&nbsp;Adoracja- Jutrznia&nbsp;<\/strong>poranna modlitwa Ko\u015bcio\u0142a&nbsp;<strong>o &nbsp;7.00&nbsp;<\/strong>&nbsp;(<em>w ko\u015bciele M.B. Kr\u00f3lowej Anio\u0142\u00f3w<\/em>)<br>W godzinach porannych duszpasterze odwiedz\u0105 chorych. Nowe adresy chorych prosimy zg\u0142osi\u0107<br>Droga Krzy\u017c\u00f3wa&nbsp;<em>w ko\u015bciele parafialnym&nbsp;<\/em>o 15.00 i Nowenn do Mi\u0142osierdzia Bo\u017cego&nbsp;<strong>Liturgia Wielkiego Pi\u0105tku<\/strong>&nbsp;o godz. 18.30.&nbsp;<em>( w ko\u015bciele parafialnym)<\/em><br>Po Liturgii przeniesienie Naj\u015bwi\u0119tszego Sakramentu do \u201eGrobu Pa\u0144skiego\u201d i Adoracja do p\u00f3\u0142nocy,<br>Spowied\u017a w czasie Drogi Krzy\u017cowej oraz od 22.00 do p\u00f3\u0142nocy<br><em>W pi\u0105tek obowi\u0105zuje post \u015bcis\u0142y. Ofiary tym dniu sk\u0142adane s\u0105 przeznaczone s\u0105 na utrzymanie<br>i renowacje Bazyliki Grobu Pa\u0144skiego w Jerozolimie.<\/em><br>Bazylika G. Pa\u0144skiego jest &nbsp;w w\u0142asno\u015bci\u0105 rodziny muzu\u0142ma\u0144skiej i jest od nich dzier\u017cawiona.<\/p>\n\n\n\n<ul class=\"wp-block-list\">\n<li><strong>Wielka Sobota<em>:&nbsp;<\/em><\/strong><em>( w ko\u015bciele parafialnym)<\/em><\/li>\n\n\n\n<li>Adoracja . Poranna Modlitwa Ko\u015bcio\u0142a \u2013 Jutrznia o godz. 7.00<br>-po\u015bwiecenie pokarm\u00f3w na st\u00f3\u0142 wielkanocny od godz. 9.00 do 14.30 co p\u00f3\u0142 godziny.<br>(W tym czasie okazja do spowiedzi)<br>-Adoracja&nbsp; przy \u201eGrobie Pa\u0144skim\u201d od godz. 7.00 do Wigilii Paschalnej.<br>Mi\u0119dzy 16.00 a 19.00 sprz\u0105tanie ko\u015bcio\u0142a.&nbsp;<em>(Prosimy o pomoc przy sprz\u0105taniu)<\/em><\/li>\n\n\n\n<li><strong>Niedziela Wielkanocna:<\/strong><\/li>\n<\/ul>\n\n\n\n<p><strong>Wigilia Paschalna o godz. 21.30 z procesj\u0105 rezurekcyjn\u0105.<\/strong><br><strong>W Poranek Wielkanocny u pustego grobu Eucharystia &nbsp;&nbsp;o godz. 6.00<\/strong><br>nast\u0119pne wed\u0142ug porz\u0105dku niedzielnego o&nbsp; 7.00, 8.30, 10.00, 11.30, 13.00, 18.30 i 20.30.<br>Nieszpory ko\u0144cz\u0105ce Triduum Paschalne o godz. 17:30.<\/p>\n\n\n\n<p><\/p>\n\n\n\n<p><\/p>\n\n\n\n<p><\/p>\n\n\n\n<p><\/p>\n","protected":false},"excerpt":{"rendered":"<p>Z okazji zbli\u017caj\u0105cych si\u0119 \u015awi\u0105t Wielkanocnych, w imieniu ca\u0142ej Rady Osiedla Gaj, pragniemy z\u0142o\u017cy\u0107 wszystkim mieszka\u0144com naszego osiedla najserdeczniejsze \u017cyczenia. Publikujemy r\u00f3wnie\u017c plan obchod\u00f3w Triduum Paschalnego w dw\u00f3ch rzymskokatolickich parafiach, dzia\u0142aj\u0105cych na terenie osiedla.<\/p>\n","protected":false},"author":3,"featured_media":14233,"comment_status":"open","ping_status":"open","sticky":false,"template":"","format":"standard","meta":{"footnotes":""},"categories":[14],"tags":[256,1722,1721],"class_list":["post-14232","post","type-post","status-publish","format-standard","has-post-thumbnail","hentry","category-aktualnosci","tag-wielkanoc","tag-wielkanoc-gaj","tag-zyczenia-rada-osiedla-gaj"],"_links":{"self":[{"href":"https:\/\/online.tvk-gaj.pl\/index.php?rest_route=\/wp\/v2\/posts\/14232","targetHints":{"allow":["GET"]}}],"collection":[{"href":"https:\/\/online.tvk-gaj.pl\/index.php?rest_route=\/wp\/v2\/posts"}],"about":[{"href":"https:\/\/online.tvk-gaj.pl\/index.php?rest_route=\/wp\/v2\/types\/post"}],"author":[{"embeddable":true,"href":"https:\/\/online.tvk-gaj.pl\/index.php?rest_route=\/wp\/v2\/users\/3"}],"replies":[{"embeddable":true,"href":"https:\/\/online.tvk-gaj.pl\/index.php?rest_route=%2Fwp%2Fv2%2Fcomments&post=14232"}],"version-history":[{"count":4,"href":"https:\/\/online.tvk-gaj.pl\/index.php?rest_route=\/wp\/v2\/posts\/14232\/revisions"}],"predecessor-version":[{"id":14237,"href":"https:\/\/online.tvk-gaj.pl\/index.php?rest_route=\/wp\/v2\/posts\/14232\/revisions\/14237"}],"wp:featuredmedia":[{"embeddable":true,"href":"https:\/\/online.tvk-gaj.pl\/index.php?rest_route=\/wp\/v2\/media\/14233"}],"wp:attachment":[{"href":"https:\/\/online.tvk-gaj.pl\/index.php?rest_route=%2Fwp%2Fv2%2Fmedia&parent=14232"}],"wp:term":[{"taxonomy":"category","embeddable":true,"href":"https:\/\/online.tvk-gaj.pl\/index.php?rest_route=%2Fwp%2Fv2%2Fcategories&post=14232"},{"taxonomy":"post_tag","embeddable":true,"href":"https:\/\/online.tvk-gaj.pl\/index.php?rest_route=%2Fwp%2Fv2%2Ftags&post=14232"}],"curies":[{"name":"wp","href":"https:\/\/api.w.org\/{rel}","templated":true}]}}