{"id":14239,"date":"2023-04-20T22:26:27","date_gmt":"2023-04-20T20:26:27","guid":{"rendered":"http:\/\/www.tvk-gaj.pl\/~gajonline\/?p=14239"},"modified":"2023-04-20T22:32:17","modified_gmt":"2023-04-20T20:32:17","slug":"jest-umowa-rusza-budowa-buspasa-na-jagodno","status":"publish","type":"post","link":"https:\/\/online.tvk-gaj.pl\/?p=14239","title":{"rendered":"Jest umowa, rusza budowa buspasa na Jagodno"},"content":{"rendered":"\n<p>17 kwietnia miasto podpisa\u0142o umow\u0119 na budow\u0119 trasy komunikacji zbiorowej na Jagodnie &#8211; inwestycji, kt\u00f3ra mo\u017ce pozytywnie wp\u0142yn\u0105\u0107 r\u00f3wnie\u017c na jako\u015b\u0107 komunikacji na Gaju.<\/p>\n\n\n\n<p><\/p>\n\n\n\n<!--more-->\n\n\n\n<p><\/p>\n\n\n\n<p><\/p>\n\n\n\n<p>Buspas o d\u0142ugo\u015bci 2,7km powsta\u0107 ma na odcinku Armii Krajowej &#8211; Bardzka &#8211; Buforowa &#8211; Kajdasza.<br>Na ul. Kajdasza ko\u0144czy\u0142 si\u0119 b\u0119dzie p\u0119tl\u0105 autobusow\u0105.<\/p>\n\n\n\n<p><\/p>\n\n\n\n<p><\/p>\n\n\n\n<blockquote class=\"wp-block-quote is-layout-flow wp-block-quote-is-layout-flow\">\n<p>Jacek Sutryk, prezydent Wroc\u0142awia:<\/p>\n<cite>Dzi\u015b podpisujemy umow\u0119 na budow\u0119 drogi autobusowej. W przysz\u0142o\u015bci mo\u017ce tu powsta\u0107 droga autobusowo-tramwajowa. Najwa\u017cniejsze jest, aby mieszka\u0144cy komunikacj\u0105 miejsk\u0105 mogli szybko dotrze\u0107 do centrum miasta. Czy zrobi\u0105 to tramwajem, czy autobusem, ma drugorz\u0119dne znaczenie. Ta trasa jest tak zaprojektowana, \u017ce w przysz\u0142o\u015bci szybko mo\u017cna po\u0142o\u017cy\u0107 na niej torowisko.<br><\/cite><\/blockquote>\n\n\n\n<p><\/p>\n\n\n\n<p><\/p>\n\n\n\n<p><\/p>\n\n\n\n<figure class=\"wp-block-image size-large\"><img loading=\"lazy\" decoding=\"async\" width=\"1024\" height=\"580\" src=\"http:\/\/www.tvk-gaj.pl\/~gajonline\/wp-content\/uploads\/2023\/04\/buspasjagodno3-1024x580.jpeg\" alt=\"\" class=\"wp-image-14242\" srcset=\"https:\/\/online.tvk-gaj.pl\/wp-content\/uploads\/2023\/04\/buspasjagodno3-1024x580.jpeg 1024w, https:\/\/online.tvk-gaj.pl\/wp-content\/uploads\/2023\/04\/buspasjagodno3-300x170.jpeg 300w, https:\/\/online.tvk-gaj.pl\/wp-content\/uploads\/2023\/04\/buspasjagodno3-768x435.jpeg 768w, https:\/\/online.tvk-gaj.pl\/wp-content\/uploads\/2023\/04\/buspasjagodno3.jpeg 1102w\" sizes=\"auto, (max-width: 1024px) 100vw, 1024px\" \/><\/figure>\n\n\n\n<p><\/p>\n\n\n\n<p><\/p>\n\n\n\n<p><\/p>\n\n\n\n<p>Pocz\u0105tkowo porusza\u0107 si\u0119 po nim b\u0119d\u0105 autobusy, ale pozostawiona ma by\u0107 r\u00f3wnie\u017c mo\u017cliwo\u015b\u0107 \u0142atwej rozbudowy o torowisko tramwajowe. <\/p>\n\n\n\n<p><\/p>\n\n\n\n<blockquote class=\"wp-block-quote is-layout-flow wp-block-quote-is-layout-flow\">\n<p>Marek Suchy, projektant trasy z BBKS-Projekt:<\/p>\n<cite>Projektowali\u015bmy t\u0119 tras\u0119 jako tramwajow\u0105. Gdy zapad\u0142a decyzja, aby powsta\u0142 tu buspas, nowy projekt realizowali\u015bmy na bazie tramwajowego. Teren jest odpowiednio zniwelowany pod pojazdy szynowe, p\u0119tla ma odpowiedni\u0105 geometri\u0119, a parametry przystank\u00f3w takie, aby odpowiada\u0142y zar\u00f3wno autobusom, jak i tramwajom.<br><\/cite><\/blockquote>\n\n\n\n<p><\/p>\n\n\n\n<p><\/p>\n\n\n\n<p><\/p>\n\n\n\n<figure class=\"wp-block-embed is-type-video is-provider-youtube wp-block-embed-youtube wp-embed-aspect-16-9 wp-has-aspect-ratio\"><div class=\"wp-block-embed__wrapper\">\n<iframe loading=\"lazy\" title=\"Jest umowa na buspas na Jagodno!  Wroc\u0142aw TV\" width=\"838\" height=\"471\" src=\"https:\/\/www.youtube.com\/embed\/dNWMBoI-glE?feature=oembed\" frameborder=\"0\" allow=\"accelerometer; autoplay; clipboard-write; encrypted-media; gyroscope; picture-in-picture; web-share\" referrerpolicy=\"strict-origin-when-cross-origin\" allowfullscreen><\/iframe>\n<\/div><\/figure>\n\n\n\n<p><\/p>\n\n\n\n<p><\/p>\n\n\n\n<p><\/p>\n\n\n\n<p>To inwestycja wa\u017cna nie tylko dla samego Jagodna, ale r\u00f3wnie\u017c dla Gaju i Tarnogaju. Miasto argumentuje budow\u0119 wydzielonej trasy autobusowej dynamiczn\u0105 rozbudowywan\u0105 tego rejonu miasta, przybywaniem nowych mieszka\u0144c\u00f3w, a tak\u017ce brakiem tramwaju na samo Jagodno. Dzi\u015b linia tramwajowa ko\u0144czy si\u0119 na Gaju.<\/p>\n\n\n\n<p>Trasa, wed\u0142ug zapewnie\u0144 magistratu, ma zosta\u0107 oddana do u\u017cytku za dwa lata.<\/p>\n\n\n\n<p><\/p>\n\n\n\n<p><\/p>\n\n\n\n<p><\/p>\n\n\n\n<figure class=\"wp-block-image size-full\"><img loading=\"lazy\" decoding=\"async\" width=\"840\" height=\"480\" src=\"http:\/\/www.tvk-gaj.pl\/~gajonline\/wp-content\/uploads\/2023\/04\/buspasjagodno.webp\" alt=\"\" class=\"wp-image-14244\"\/><\/figure>\n\n\n\n<p><\/p>\n\n\n\n<p><\/p>\n\n\n\n<p><\/p>\n\n\n\n<p>Obecnie w fazie projektowania znajduje si\u0119 dodatkowy odcinek od al. Armii Krajowej do ul. Hubskiej. Po wybudowaniu r\u00f3wnie\u017c tego odcinka (w planach) pomi\u0119dzy Hubami, Gajem a Jagodnem powsta\u0142by blisko 5 km odcinek tzw. wyseparowanego korytarza komunikacyjnego (buspasa).<\/p>\n\n\n\n<p><\/p>\n\n\n\n<p><\/p>\n\n\n\n<p><\/p>\n\n\n\n<p><\/p>\n\n\n\n<p><\/p>\n\n\n\n<p><\/p>\n\n\n\n<p><\/p>\n","protected":false},"excerpt":{"rendered":"<p>17 kwietnia miasto podpisa\u0142o umow\u0119 na budow\u0119 trasy komunikacji zbiorowej na Jagodnie &#8211; inwestycji, kt\u00f3ra mo\u017ce pozytywnie wp\u0142yn\u0105\u0107 r\u00f3wnie\u017c na jako\u015b\u0107 komunikacji na Gaju.<\/p>\n","protected":false},"author":3,"featured_media":14247,"comment_status":"open","ping_status":"open","sticky":false,"template":"","format":"standard","meta":{"footnotes":""},"categories":[14,12],"tags":[197,553,1709,112,554],"class_list":["post-14239","post","type-post","status-publish","format-standard","has-post-thumbnail","hentry","category-aktualnosci","category-artykuly","tag-bardzka","tag-buforowa","tag-buspas","tag-gaj","tag-jagodno"],"_links":{"self":[{"href":"https:\/\/online.tvk-gaj.pl\/index.php?rest_route=\/wp\/v2\/posts\/14239","targetHints":{"allow":["GET"]}}],"collection":[{"href":"https:\/\/online.tvk-gaj.pl\/index.php?rest_route=\/wp\/v2\/posts"}],"about":[{"href":"https:\/\/online.tvk-gaj.pl\/index.php?rest_route=\/wp\/v2\/types\/post"}],"author":[{"embeddable":true,"href":"https:\/\/online.tvk-gaj.pl\/index.php?rest_route=\/wp\/v2\/users\/3"}],"replies":[{"embeddable":true,"href":"https:\/\/online.tvk-gaj.pl\/index.php?rest_route=%2Fwp%2Fv2%2Fcomments&post=14239"}],"version-history":[{"count":4,"href":"https:\/\/online.tvk-gaj.pl\/index.php?rest_route=\/wp\/v2\/posts\/14239\/revisions"}],"predecessor-version":[{"id":14250,"href":"https:\/\/online.tvk-gaj.pl\/index.php?rest_route=\/wp\/v2\/posts\/14239\/revisions\/14250"}],"wp:featuredmedia":[{"embeddable":true,"href":"https:\/\/online.tvk-gaj.pl\/index.php?rest_route=\/wp\/v2\/media\/14247"}],"wp:attachment":[{"href":"https:\/\/online.tvk-gaj.pl\/index.php?rest_route=%2Fwp%2Fv2%2Fmedia&parent=14239"}],"wp:term":[{"taxonomy":"category","embeddable":true,"href":"https:\/\/online.tvk-gaj.pl\/index.php?rest_route=%2Fwp%2Fv2%2Fcategories&post=14239"},{"taxonomy":"post_tag","embeddable":true,"href":"https:\/\/online.tvk-gaj.pl\/index.php?rest_route=%2Fwp%2Fv2%2Ftags&post=14239"}],"curies":[{"name":"wp","href":"https:\/\/api.w.org\/{rel}","templated":true}]}}