{"id":14252,"date":"2023-04-22T08:35:00","date_gmt":"2023-04-22T06:35:00","guid":{"rendered":"http:\/\/www.tvk-gaj.pl\/~gajonline\/?p=14252"},"modified":"2023-04-20T22:43:27","modified_gmt":"2023-04-20T20:43:27","slug":"ruszyla-budowa-parkingu-przy-ul-krynickiej","status":"publish","type":"post","link":"https:\/\/online.tvk-gaj.pl\/?p=14252","title":{"rendered":"Ruszy\u0142a budowa parkingu przy ul. Krynickiej"},"content":{"rendered":"\n<p>W czwartek, 20 kwietnia, rozpocz\u0119\u0142y si\u0119 pierwsze prace przy budowie parkingu na ulicy Krynickiej. <\/p>\n\n\n\n<!--more-->\n\n\n\n<p><\/p>\n\n\n\n<p>Wykonawc\u0105 prac zwi\u0105zanych z budow\u0105 parkingu przy ul. Krynickiej 34-42 jest firma PW-SERVICE Zak\u0142ad Us\u0142ug Specjalistycznych. <\/p>\n\n\n\n<p><\/p>\n\n\n\n<p><\/p>\n\n\n\n<p><\/p>\n\n\n\n<figure class=\"wp-block-image size-large\"><img loading=\"lazy\" decoding=\"async\" width=\"1024\" height=\"768\" src=\"http:\/\/www.tvk-gaj.pl\/~gajonline\/wp-content\/uploads\/2023\/02\/parking-krynicka-1024x768.jpeg\" alt=\"\" class=\"wp-image-14214\" srcset=\"https:\/\/online.tvk-gaj.pl\/wp-content\/uploads\/2023\/02\/parking-krynicka-1024x768.jpeg 1024w, https:\/\/online.tvk-gaj.pl\/wp-content\/uploads\/2023\/02\/parking-krynicka-300x225.jpeg 300w, https:\/\/online.tvk-gaj.pl\/wp-content\/uploads\/2023\/02\/parking-krynicka-768x576.jpeg 768w, https:\/\/online.tvk-gaj.pl\/wp-content\/uploads\/2023\/02\/parking-krynicka-1536x1152.jpeg 1536w, https:\/\/online.tvk-gaj.pl\/wp-content\/uploads\/2023\/02\/parking-krynicka.jpeg 2048w\" sizes=\"auto, (max-width: 1024px) 100vw, 1024px\" \/><\/figure>\n\n\n\n<p><\/p>\n\n\n\n<p><\/p>\n\n\n\n<p><\/p>\n\n\n\n<p>Przypomnijmy, \u017ce w lutym miasto og\u0142osi\u0142o przetarg na inwestycj\u0119, kt\u00f3ra wed\u0142ug specyfikacji obejmuje  uporz\u0105dkowanie parkowania na w\/w podw\u00f3rzu. Ponadto ZDiUM chce, by na parkingu wytyczonych zosta\u0142o 40 miejsc parkingowych oraz 3 koperty dla os\u00f3b niepe\u0142nosprawnych. Poza tym projekt zak\u0142ada wykonanie dr\u00f3g manewrowych, instalacj\u0119 odwodnienia i o\u015bwietlenia, a tak\u017ce ustawienie s\u0142upk\u00f3w wzd\u0142u\u017c chodnika, nasadzenie drzew i organizacj\u0119 podw\u00f3rkowych ziele\u0144c\u00f3w.<\/p>\n\n\n\n<p><\/p>\n\n\n\n<p><\/p>\n\n\n\n<p>Zadanie realizowane jest w\u00a0ramach tzw. Funduszu Osiedlowego, a sam projekt zosta\u0142 zg\u0142oszony w\u00a02020 roku przez\u00a0Rad\u0119 Osiedla Gaj.\u00a0<\/p>\n\n\n\n<p><\/p>\n\n\n\n<p><\/p>\n","protected":false},"excerpt":{"rendered":"<p>W czwartek, 20 kwietnia, rozpocz\u0119\u0142y si\u0119 pierwsze prace przy budowie parkingu na ulicy Krynickiej.<\/p>\n","protected":false},"author":3,"featured_media":14215,"comment_status":"open","ping_status":"open","sticky":false,"template":"","format":"standard","meta":{"footnotes":""},"categories":[14],"tags":[1724,1714,1723],"class_list":["post-14252","post","type-post","status-publish","format-standard","has-post-thumbnail","hentry","category-aktualnosci","tag-krynicka-gaj-parking","tag-parking-gaj","tag-parking-krynicka-36-42"],"_links":{"self":[{"href":"https:\/\/online.tvk-gaj.pl\/index.php?rest_route=\/wp\/v2\/posts\/14252","targetHints":{"allow":["GET"]}}],"collection":[{"href":"https:\/\/online.tvk-gaj.pl\/index.php?rest_route=\/wp\/v2\/posts"}],"about":[{"href":"https:\/\/online.tvk-gaj.pl\/index.php?rest_route=\/wp\/v2\/types\/post"}],"author":[{"embeddable":true,"href":"https:\/\/online.tvk-gaj.pl\/index.php?rest_route=\/wp\/v2\/users\/3"}],"replies":[{"embeddable":true,"href":"https:\/\/online.tvk-gaj.pl\/index.php?rest_route=%2Fwp%2Fv2%2Fcomments&post=14252"}],"version-history":[{"count":2,"href":"https:\/\/online.tvk-gaj.pl\/index.php?rest_route=\/wp\/v2\/posts\/14252\/revisions"}],"predecessor-version":[{"id":14254,"href":"https:\/\/online.tvk-gaj.pl\/index.php?rest_route=\/wp\/v2\/posts\/14252\/revisions\/14254"}],"wp:featuredmedia":[{"embeddable":true,"href":"https:\/\/online.tvk-gaj.pl\/index.php?rest_route=\/wp\/v2\/media\/14215"}],"wp:attachment":[{"href":"https:\/\/online.tvk-gaj.pl\/index.php?rest_route=%2Fwp%2Fv2%2Fmedia&parent=14252"}],"wp:term":[{"taxonomy":"category","embeddable":true,"href":"https:\/\/online.tvk-gaj.pl\/index.php?rest_route=%2Fwp%2Fv2%2Fcategories&post=14252"},{"taxonomy":"post_tag","embeddable":true,"href":"https:\/\/online.tvk-gaj.pl\/index.php?rest_route=%2Fwp%2Fv2%2Ftags&post=14252"}],"curies":[{"name":"wp","href":"https:\/\/api.w.org\/{rel}","templated":true}]}}