{"id":14256,"date":"2023-05-14T13:31:25","date_gmt":"2023-05-14T11:31:25","guid":{"rendered":"http:\/\/www.tvk-gaj.pl\/~gajonline\/?p=14256"},"modified":"2023-05-14T13:35:58","modified_gmt":"2023-05-14T11:35:58","slug":"nowa-linia-tramwajowa-nr-18-na-gaju","status":"publish","type":"post","link":"https:\/\/online.tvk-gaj.pl\/?p=14256","title":{"rendered":"Nowa linia tramwajowa nr 18 na Gaju"},"content":{"rendered":"\n<p>Wraz z otwarciem nowego torowiska na Popowice, 15 maja w \u017cycie wchodzi nowy rozk\u0142ad jazdy MPK. Obecn\u0105 lini\u0119 nr 32 zast\u0105pi nowa nr 18. Wi\u0119cej o zmianach w dalszej cz\u0119\u015bci artyku\u0142u.<\/p>\n\n\n\n<!--more-->\n\n\n\n<p><\/p>\n\n\n\n<p><\/p>\n\n\n\n<p>Budowa nowej trasy tramwajowej na Popowice to jedna z najwi\u0119kszych inwestycji tramwajowych w ostatnich latach. <\/p>\n\n\n\n<p>Miasto poinformowa\u0142o ju\u017c o zako\u0144czeniu prac i pozytywnych odbiorach inwestycji:<\/p>\n\n\n\n<p><\/p>\n\n\n\n<p><\/p>\n\n\n\n<figure class=\"wp-block-embed is-type-video is-provider-youtube wp-block-embed-youtube wp-embed-aspect-16-9 wp-has-aspect-ratio\"><div class=\"wp-block-embed__wrapper\">\n<iframe loading=\"lazy\" title=\"Jechali\u015bmy tramwajem przez Popowice! | Wroc\u0142aw TV\" width=\"838\" height=\"471\" src=\"https:\/\/www.youtube.com\/embed\/NpN7ywD3i0s?start=18&#038;feature=oembed\" frameborder=\"0\" allow=\"accelerometer; autoplay; clipboard-write; encrypted-media; gyroscope; picture-in-picture; web-share\" referrerpolicy=\"strict-origin-when-cross-origin\" allowfullscreen><\/iframe>\n<\/div><\/figure>\n\n\n\n<p><\/p>\n\n\n\n<p><\/p>\n\n\n\n<p><\/p>\n\n\n\n<p>W zwi\u0105zku z tym MPK we Wroc\u0142awiu wyda\u0142o r\u00f3wnie\u017c oficjalny komunikat o zmianach w rozk\u0142adach kursowania tramwaj\u00f3w. Jedna ze zmian obejmie r\u00f3wnie\u017c Gaj:<\/p>\n\n\n\n<p><\/p>\n\n\n\n<p><\/p>\n\n\n\n<p><\/p>\n\n\n\n<figure class=\"wp-block-image size-large\"><img loading=\"lazy\" decoding=\"async\" width=\"1024\" height=\"559\" src=\"http:\/\/www.tvk-gaj.pl\/~gajonline\/wp-content\/uploads\/2023\/05\/Zrzut-ekranu-2023-05-14-o-13.28.12-1024x559.png\" alt=\"\" class=\"wp-image-14257\" srcset=\"https:\/\/online.tvk-gaj.pl\/wp-content\/uploads\/2023\/05\/Zrzut-ekranu-2023-05-14-o-13.28.12-1024x559.png 1024w, https:\/\/online.tvk-gaj.pl\/wp-content\/uploads\/2023\/05\/Zrzut-ekranu-2023-05-14-o-13.28.12-300x164.png 300w, https:\/\/online.tvk-gaj.pl\/wp-content\/uploads\/2023\/05\/Zrzut-ekranu-2023-05-14-o-13.28.12-768x420.png 768w, https:\/\/online.tvk-gaj.pl\/wp-content\/uploads\/2023\/05\/Zrzut-ekranu-2023-05-14-o-13.28.12-1536x839.png 1536w, https:\/\/online.tvk-gaj.pl\/wp-content\/uploads\/2023\/05\/Zrzut-ekranu-2023-05-14-o-13.28.12-2048x1119.png 2048w\" sizes=\"auto, (max-width: 1024px) 100vw, 1024px\" \/><\/figure>\n\n\n\n<p><\/p>\n\n\n\n<p><\/p>\n\n\n\n<p><\/p>\n\n\n\n<p><\/p>\n\n\n\n<p>Zwi\u0105zane jest to z likwidacj\u0105 obecnej linii tramwajowej nr 32, kt\u00f3ra kursowa\u0142a od p\u0119tli przy ul. \u015awieradowskiej na Gaju do p\u0119tli przy ul. Dokerskiej na Kozanowie. <\/p>\n\n\n\n<p><\/p>\n\n\n\n<p><strong>Linie 32 zast\u0105pi nowa &#8211; numer 18.<\/strong> <\/p>\n\n\n\n<p><\/p>\n\n\n\n<p><\/p>\n\n\n\n<blockquote class=\"wp-block-quote is-layout-flow wp-block-quote-is-layout-flow\">\n<p>Oficjalna strona internetowa Wroc\u0142awia:<\/p>\n<cite>Druga linia w cz\u0119\u015bci przebiegu pokrywa si\u0119 z istniej\u0105c\u0105 na razie lini\u0105 32, kt\u00f3ra z Kozanowa zamiast jecha\u0107 ulic\u0105 Legnick\u0105, pojedzie ulic\u0105 Popowick\u0105 i dalej przez przebudowane mosty Pomorskie do centrum miasta, przez Dworzec G\u0142\u00f3wny i dalej na Gaj. Przy okazji &#8211; dla uporz\u0105dkowania numeracji naszych wroc\u0142awskich linii, wraz ze zmian\u0105 trasy 32, zmieni jej numer na 18. To d\u0142u\u017csza trasa, o d\u0142ugo\u015bci 13,5 km, zatrzymuj\u0105ca si\u0119 na 34 parach przystank\u00f3w.<\/cite><\/blockquote>\n\n\n\n<p><\/p>\n\n\n\n<p><\/p>\n\n\n\n<p>Nowe torowisko tramwajowe biegnie od skrzy\u017cowania ulic Dmowskiego i Jagie\u0142\u0142y przez ulice D\u0142ug\u0105, Starogroblow\u0105 i Popowick\u0105 a\u017c do skrzy\u017cowania przy mo\u015bcie Milenijnym. Dalej tramwaje pojad\u0105 ju\u017c istniej\u0105c\u0105 tras\u0105 na osiedle Kozan\u00f3w. Na powy\u017cszej trasie kursowa\u0107 b\u0119d\u0105 dwie linie, 18 i 19. Linia 18 obs\u0142uguje m.in. osiedle Gaj:<\/p>\n\n\n\n<p><\/p>\n\n\n\n<ul class=\"wp-block-list\">\n<li><strong>Linia 18<\/strong>, kt\u00f3ra od przysz\u0142ego tygodnia zast\u0105pi lini\u0119 32. Tramwaje tej linii pojad\u0105 tras\u0105: GAJ \u2013 \u015awieradowska \u2013 Bardzka \u2013 Hubska \u2013 Gliniana \u2013 Borowska \u2013 Peronowa \u2013 Ko\u0142\u0142\u0105taja \u2013 Skargi \u2013 Teatralna \u2013 Widok \u2013 Kazimierza Wielkiego \u2013 Nowy \u015awiat \u2013 most Pomorski \u2013 Pomorska \u2013 Dubois \u2013 most Mieszcza\u0144ski \u2013\u00a0<strong>Dmowskiego \u2013 D\u0142uga \u2013 Starogroblowa \u2013 Popowicka \u2013 Pilczycka<\/strong>\u00a0\u2013 G\u00d3RNICZA | KOZAN\u00d3W (DOKERSKA) \u2013 Dokerska \u2013\u00a0<strong>Pilczycka \u2013 Popowicka \u2013 Starogroblowa \u2013 D\u0142uga \u2013 Dmowskiego<\/strong>\u00a0\u2013 most Mieszcza\u0144ski \u2013 Dubois \u2013 Pomorska \u2013 most Pomorski \u2013 Nowy \u015awiat \u2013 Kazimierza Wielkiego \u2013 Widok \u2013 Teatralna \u2013 Skargi \u2013 Ko\u0142\u0142\u0105taja \u2013 Peronowa \u2013 Borowska \u2013 Gliniana \u2013 Hubska \u2013 Bardzka \u015awieradowska \u2013 GAJ<\/li>\n<\/ul>\n\n\n\n<p><\/p>\n\n\n\n<p><\/p>\n\n\n\n<p>Linie 18 i 19 kursowa\u0107 b\u0119d\u0105 z cz\u0119stotliwo\u015bci\u0105 co 12 minut podczas szczytu komunikacyjnego. <\/p>\n\n\n\n<p><\/p>\n\n\n\n<p>Jak podaje MPK: &#8222;pasa\u017cerowie, kt\u00f3rzy posiadaj\u0105 zakupiony\u00a0<strong><u>przed 15 maja 2023 roku<\/u><\/strong>\u00a0<strong>bilet okresowy na lini\u0119 32\u00a0<\/strong>b\u0119d\u0105 mogli kontynuowa\u0107 podr\u00f3\u017c do czasu zako\u0144czenia wa\u017cno\u015bci biletu na poni\u017cszych warunkach:&#8221;<\/p>\n\n\n\n<p>\u00b7\u00a0tramwajami linii\u00a0<strong>18\u00a0<\/strong>na ca\u0142ej d\u0142ugo\u015bci trasy;<br>\u00b7\u00a0tramwajami linii\u00a0<strong>31<\/strong>\u00a0na odcinku\u00a0<strong>Gaj \u2013 Modra &#8211; Gaj<\/strong><br>\u00b7\u00a0tramwajami linii\u00a0<strong>19<\/strong>\u00a0na odcinku\u00a0<strong>G\u00f3rnicza \u2013 Pomorska \u2013 Kozan\u00f3w (Dokerska)<\/strong><br>\u00b7\u00a0tramwajami linii\u00a0<strong>15<\/strong>\u00a0na odcinku\u00a0<strong>Pomorska \u2013 Dworzec Autobusowy \u2013 Pomorska<\/strong><br>\u00b7\u00a0tramwajami linii\u00a0<strong>74<\/strong>\u00a0na odcinku\u00a0<strong>Pomorska \u2013 pl. Legion\u00f3w \u2013 Pomorska<\/strong><\/p>\n\n\n\n<p><\/p>\n\n\n\n<p><\/p>\n\n\n\n<p><\/p>\n\n\n\n<p><\/p>\n\n\n\n<p><\/p>\n\n\n\n<p><\/p>\n\n\n\n<p><\/p>\n\n\n\n<p><\/p>\n\n\n\n<p><\/p>\n","protected":false},"excerpt":{"rendered":"<p>Wraz z otwarciem nowego torowiska na Popowice, 15 maja w \u017cycie wchodzi nowy rozk\u0142ad jazdy MPK. Obecn\u0105 lini\u0119 nr 32 zast\u0105pi nowa nr 18. Wi\u0119cej o zmianach w dalszej cz\u0119\u015bci artyku\u0142u.<\/p>\n","protected":false},"author":3,"featured_media":10330,"comment_status":"open","ping_status":"open","sticky":false,"template":"","format":"standard","meta":{"footnotes":""},"categories":[14,12],"tags":[112,1728,413,703],"class_list":["post-14256","post","type-post","status-publish","format-standard","has-post-thumbnail","hentry","category-aktualnosci","category-artykuly","tag-gaj","tag-linia-18-gaj","tag-mpk-wroclaw","tag-tramwaj-na-gaj"],"_links":{"self":[{"href":"https:\/\/online.tvk-gaj.pl\/index.php?rest_route=\/wp\/v2\/posts\/14256","targetHints":{"allow":["GET"]}}],"collection":[{"href":"https:\/\/online.tvk-gaj.pl\/index.php?rest_route=\/wp\/v2\/posts"}],"about":[{"href":"https:\/\/online.tvk-gaj.pl\/index.php?rest_route=\/wp\/v2\/types\/post"}],"author":[{"embeddable":true,"href":"https:\/\/online.tvk-gaj.pl\/index.php?rest_route=\/wp\/v2\/users\/3"}],"replies":[{"embeddable":true,"href":"https:\/\/online.tvk-gaj.pl\/index.php?rest_route=%2Fwp%2Fv2%2Fcomments&post=14256"}],"version-history":[{"count":2,"href":"https:\/\/online.tvk-gaj.pl\/index.php?rest_route=\/wp\/v2\/posts\/14256\/revisions"}],"predecessor-version":[{"id":14260,"href":"https:\/\/online.tvk-gaj.pl\/index.php?rest_route=\/wp\/v2\/posts\/14256\/revisions\/14260"}],"wp:featuredmedia":[{"embeddable":true,"href":"https:\/\/online.tvk-gaj.pl\/index.php?rest_route=\/wp\/v2\/media\/10330"}],"wp:attachment":[{"href":"https:\/\/online.tvk-gaj.pl\/index.php?rest_route=%2Fwp%2Fv2%2Fmedia&parent=14256"}],"wp:term":[{"taxonomy":"category","embeddable":true,"href":"https:\/\/online.tvk-gaj.pl\/index.php?rest_route=%2Fwp%2Fv2%2Fcategories&post=14256"},{"taxonomy":"post_tag","embeddable":true,"href":"https:\/\/online.tvk-gaj.pl\/index.php?rest_route=%2Fwp%2Fv2%2Ftags&post=14256"}],"curies":[{"name":"wp","href":"https:\/\/api.w.org\/{rel}","templated":true}]}}