{"id":14262,"date":"2023-06-01T20:21:28","date_gmt":"2023-06-01T18:21:28","guid":{"rendered":"http:\/\/www.tvk-gaj.pl\/~gajonline\/?p=14262"},"modified":"2023-06-09T20:24:16","modified_gmt":"2023-06-09T18:24:16","slug":"wroclawski-dzien-dziecka-na-gaju","status":"publish","type":"post","link":"https:\/\/online.tvk-gaj.pl\/?p=14262","title":{"rendered":"Wroc\u0142awski Dzie\u0144 Dziecka na Gaju"},"content":{"rendered":"\n<p>Zapraszamy na obchody Dnia Dziecka na Gaju!<\/p>\n\n\n\n<p><\/p>\n\n\n\n<!--more-->\n\n\n\n<p><\/p>\n\n\n\n<p><\/p>\n\n\n\n<p>W imieniu Rady Osiedla Gaj, Sp\u00f3\u0142dzielni Mieszkaniowej Wroc\u0142aw Po\u0142udnie oraz M\u0142odzie\u017cowego Centrum Sportu we Wroc\u0142awiu pragniemy serdecznie zaprosi\u0107 wszystkich mieszka\u0144c\u00f3w Wroc\u0142awia, a w szczeg\u00f3lno\u015bci Gaju oraz s\u0105siednich osiedli (w tym I Anna, II Barbara-Dorota, III Huby, IV-Gaj) na Wroc\u0142awski Dzie\u0144 Dziecka, kt\u00f3ry ob\u0119dzie si\u0119 4 czerwca (niedziela) w godz. 10:00-17:00, na boisku sportowym w Parku S\u0142onecznym na Gaju (ul. Orzechowa).<\/p>\n\n\n\n<p><\/p>\n\n\n\n<p><\/p>\n\n\n\n<figure class=\"wp-block-image size-large\"><img loading=\"lazy\" decoding=\"async\" width=\"724\" height=\"1024\" src=\"http:\/\/www.tvk-gaj.pl\/~gajonline\/wp-content\/uploads\/2023\/06\/wroclawski-dzien-dziecka-2023-724x1024.jpeg\" alt=\"\" class=\"wp-image-14263\" srcset=\"https:\/\/online.tvk-gaj.pl\/wp-content\/uploads\/2023\/06\/wroclawski-dzien-dziecka-2023-724x1024.jpeg 724w, https:\/\/online.tvk-gaj.pl\/wp-content\/uploads\/2023\/06\/wroclawski-dzien-dziecka-2023-212x300.jpeg 212w, https:\/\/online.tvk-gaj.pl\/wp-content\/uploads\/2023\/06\/wroclawski-dzien-dziecka-2023-768x1086.jpeg 768w, https:\/\/online.tvk-gaj.pl\/wp-content\/uploads\/2023\/06\/wroclawski-dzien-dziecka-2023.jpeg 1018w\" sizes=\"auto, (max-width: 724px) 100vw, 724px\" \/><\/figure>\n\n\n\n<p><\/p>\n\n\n\n<p><\/p>\n\n\n\n<p>Przewidziano liczne atrakcje sportowe, w tym trening pi\u0142karski, zawody w przeci\u0105ganiu liny, biegi w workach, tor przeszk\u00f3d, strzelanie z \u0142uku, wielob\u00f3j rodzinny i wiele innych.<\/p>\n\n\n\n<p><\/p>\n\n\n\n<p><\/p>\n\n\n\n<p>Zapraszamy nie tylko dzieci, ale ca\u0142e rodziny! Do zobaczenia 4 czerwca na boisku:)<\/p>\n\n\n\n<p><\/p>\n\n\n\n<p><\/p>\n\n\n\n<p><\/p>\n","protected":false},"excerpt":{"rendered":"<p>Zapraszamy na obchody Dnia Dziecka na Gaju!<\/p>\n","protected":false},"author":3,"featured_media":14263,"comment_status":"open","ping_status":"open","sticky":false,"template":"","format":"standard","meta":{"footnotes":""},"categories":[14],"tags":[1638,135,1729],"class_list":["post-14262","post","type-post","status-publish","format-standard","has-post-thumbnail","hentry","category-aktualnosci","tag-dzien-dziecka-na-gaju","tag-rada-osiedla-gaj","tag-wroclawski-dzien-dziecka"],"_links":{"self":[{"href":"https:\/\/online.tvk-gaj.pl\/index.php?rest_route=\/wp\/v2\/posts\/14262","targetHints":{"allow":["GET"]}}],"collection":[{"href":"https:\/\/online.tvk-gaj.pl\/index.php?rest_route=\/wp\/v2\/posts"}],"about":[{"href":"https:\/\/online.tvk-gaj.pl\/index.php?rest_route=\/wp\/v2\/types\/post"}],"author":[{"embeddable":true,"href":"https:\/\/online.tvk-gaj.pl\/index.php?rest_route=\/wp\/v2\/users\/3"}],"replies":[{"embeddable":true,"href":"https:\/\/online.tvk-gaj.pl\/index.php?rest_route=%2Fwp%2Fv2%2Fcomments&post=14262"}],"version-history":[{"count":1,"href":"https:\/\/online.tvk-gaj.pl\/index.php?rest_route=\/wp\/v2\/posts\/14262\/revisions"}],"predecessor-version":[{"id":14264,"href":"https:\/\/online.tvk-gaj.pl\/index.php?rest_route=\/wp\/v2\/posts\/14262\/revisions\/14264"}],"wp:featuredmedia":[{"embeddable":true,"href":"https:\/\/online.tvk-gaj.pl\/index.php?rest_route=\/wp\/v2\/media\/14263"}],"wp:attachment":[{"href":"https:\/\/online.tvk-gaj.pl\/index.php?rest_route=%2Fwp%2Fv2%2Fmedia&parent=14262"}],"wp:term":[{"taxonomy":"category","embeddable":true,"href":"https:\/\/online.tvk-gaj.pl\/index.php?rest_route=%2Fwp%2Fv2%2Fcategories&post=14262"},{"taxonomy":"post_tag","embeddable":true,"href":"https:\/\/online.tvk-gaj.pl\/index.php?rest_route=%2Fwp%2Fv2%2Ftags&post=14262"}],"curies":[{"name":"wp","href":"https:\/\/api.w.org\/{rel}","templated":true}]}}