{"id":14265,"date":"2023-06-05T20:24:39","date_gmt":"2023-06-05T18:24:39","guid":{"rendered":"http:\/\/www.tvk-gaj.pl\/~gajonline\/?p=14265"},"modified":"2023-06-09T20:34:12","modified_gmt":"2023-06-09T18:34:12","slug":"wroclawski-dzien-dziecka-na-gaju-fotorelacja","status":"publish","type":"post","link":"https:\/\/online.tvk-gaj.pl\/?p=14265","title":{"rendered":"Wroc\u0142awski Dzie\u0144 Dziecka na Gaju &#8211; fotorelacja"},"content":{"rendered":"\n<p>Nasza fotorelacja z obchod\u00f3w Dnia Dziecka na Gaju.<\/p>\n\n\n\n<!--more-->\n\n\n\n<p><\/p>\n\n\n\n<p><\/p>\n\n\n\n<p><\/p>\n\n\n\n<figure class=\"wp-block-image size-large\"><img loading=\"lazy\" decoding=\"async\" width=\"724\" height=\"1024\" src=\"http:\/\/www.tvk-gaj.pl\/~gajonline\/wp-content\/uploads\/2023\/06\/wroclawski-dzien-dziecka-2023-724x1024.jpeg\" alt=\"\" class=\"wp-image-14263\" srcset=\"https:\/\/online.tvk-gaj.pl\/wp-content\/uploads\/2023\/06\/wroclawski-dzien-dziecka-2023-724x1024.jpeg 724w, https:\/\/online.tvk-gaj.pl\/wp-content\/uploads\/2023\/06\/wroclawski-dzien-dziecka-2023-212x300.jpeg 212w, https:\/\/online.tvk-gaj.pl\/wp-content\/uploads\/2023\/06\/wroclawski-dzien-dziecka-2023-768x1086.jpeg 768w, https:\/\/online.tvk-gaj.pl\/wp-content\/uploads\/2023\/06\/wroclawski-dzien-dziecka-2023.jpeg 1018w\" sizes=\"auto, (max-width: 724px) 100vw, 724px\" \/><\/figure>\n\n\n\n<p><\/p>\n\n\n\n<p><\/p>\n\n\n\n<p>W niedziel\u0119, 4 czerwca, w Parku S\u0142onecznym na Gaju, odby\u0142 si\u0119 obchody Wroc\u0142awskiego Dnia Dziecka. Impreza zorganizowana zosta\u0142a razem z Sp\u00f3\u0142dzielni\u0105 Mieszkaniow\u0105 Wroc\u0142aw Po\u0142udnie &#8211; <a href=\"https:\/\/www.facebook.com\/NaszePoludnie?__cft__[0]=AZWydJ12PPTU6ABH63Y5mCQ-900JtMfZ3_20ZtCyzPwfzRKzRXquJ-fR5_FmFQ_TKYXAtRs4gfvGkvVFf_ZdOJpNZsGloUUSo_oEHLp6-7nQxo2JHqpLLNFQQQvZjGA1rRLnD5gAEY4HOOZ6HBPcXJGUtVCuz-qMWcMlWylzYdwjhr5xX1zll7EEdxwK9UWA5h4&amp;__tn__=-]K-R\">Nasze Po\u0142udnie<\/a>. <\/p>\n\n\n\n<p>Pogoda, frekwencja i dobra zabawa zdecydowanie dopisa\u0142y! Przez ca\u0142y dzie\u0144 na boisku trwa\u0142y gry, zabawy i rozgrywki sportowe dla dzieci i rodzic\u00f3w. Opr\u00f3cz tego na najm\u0142odszych czeka\u0142y profesjonalne animacje, dmuchane zamki, lody oraz wiele, wiele innych atrakcji:)<\/p>\n\n\n\n<p><\/p>\n\n\n\n<p>Dzi\u0119kujemy wszystkich zaanga\u017cowanym w organizacj\u0119 imprezy, a tak\u017ce wszystkim sponsorom i wolontariuszom! <\/p>\n\n\n\n<p><\/p>\n\n\n\n<p><\/p>\n\n\n\n<p><\/p>\n\n\n\n<p><strong>FOTORELACJA:<\/strong><\/p>\n\n\n\n<p><\/p>\n\n\n\n[ngg src=&#8221;galleries&#8221; ids=&#8221;132&#8243; display=&#8221;basic_thumbnail&#8221; thumbnail_crop=&#8221;0&#8243;]\n\n\n\n<p><\/p>\n\n\n\n<p><\/p>\n\n\n\n<p><\/p>\n\n\n\n<p><\/p>\n\n\n\n<p><\/p>\n","protected":false},"excerpt":{"rendered":"<p>Nasza fotorelacja z obchod\u00f3w Dnia Dziecka na Gaju.<\/p>\n","protected":false},"author":3,"featured_media":14345,"comment_status":"open","ping_status":"open","sticky":false,"template":"","format":"standard","meta":{"footnotes":""},"categories":[14,12],"tags":[1638,270,293,1510,1729,1731],"class_list":["post-14265","post","type-post","status-publish","format-standard","has-post-thumbnail","hentry","category-aktualnosci","category-artykuly","tag-dzien-dziecka-na-gaju","tag-festyn","tag-fotorelacja","tag-gaj-festyn","tag-wroclawski-dzien-dziecka","tag-wroclawski-dzien-dziecka-na-gaju"],"_links":{"self":[{"href":"https:\/\/online.tvk-gaj.pl\/index.php?rest_route=\/wp\/v2\/posts\/14265","targetHints":{"allow":["GET"]}}],"collection":[{"href":"https:\/\/online.tvk-gaj.pl\/index.php?rest_route=\/wp\/v2\/posts"}],"about":[{"href":"https:\/\/online.tvk-gaj.pl\/index.php?rest_route=\/wp\/v2\/types\/post"}],"author":[{"embeddable":true,"href":"https:\/\/online.tvk-gaj.pl\/index.php?rest_route=\/wp\/v2\/users\/3"}],"replies":[{"embeddable":true,"href":"https:\/\/online.tvk-gaj.pl\/index.php?rest_route=%2Fwp%2Fv2%2Fcomments&post=14265"}],"version-history":[{"count":1,"href":"https:\/\/online.tvk-gaj.pl\/index.php?rest_route=\/wp\/v2\/posts\/14265\/revisions"}],"predecessor-version":[{"id":14346,"href":"https:\/\/online.tvk-gaj.pl\/index.php?rest_route=\/wp\/v2\/posts\/14265\/revisions\/14346"}],"wp:featuredmedia":[{"embeddable":true,"href":"https:\/\/online.tvk-gaj.pl\/index.php?rest_route=\/wp\/v2\/media\/14345"}],"wp:attachment":[{"href":"https:\/\/online.tvk-gaj.pl\/index.php?rest_route=%2Fwp%2Fv2%2Fmedia&parent=14265"}],"wp:term":[{"taxonomy":"category","embeddable":true,"href":"https:\/\/online.tvk-gaj.pl\/index.php?rest_route=%2Fwp%2Fv2%2Fcategories&post=14265"},{"taxonomy":"post_tag","embeddable":true,"href":"https:\/\/online.tvk-gaj.pl\/index.php?rest_route=%2Fwp%2Fv2%2Ftags&post=14265"}],"curies":[{"name":"wp","href":"https:\/\/api.w.org\/{rel}","templated":true}]}}