{"id":14347,"date":"2023-06-09T20:45:15","date_gmt":"2023-06-09T18:45:15","guid":{"rendered":"http:\/\/www.tvk-gaj.pl\/~gajonline\/?p=14347"},"modified":"2023-06-09T20:46:58","modified_gmt":"2023-06-09T18:46:58","slug":"powitanie-lata-na-gaju","status":"publish","type":"post","link":"https:\/\/online.tvk-gaj.pl\/?p=14347","title":{"rendered":"Powitanie Lata na Gaju"},"content":{"rendered":"\n<p>Zapraszamy na Festyn Osiedlowy na Gaju!<\/p>\n\n\n\n<!--more-->\n\n\n\n<p><\/p>\n\n\n\n<p><\/p>\n\n\n\n<figure class=\"wp-block-image size-large\"><img loading=\"lazy\" decoding=\"async\" width=\"724\" height=\"1024\" src=\"http:\/\/www.tvk-gaj.pl\/~gajonline\/wp-content\/uploads\/2023\/06\/Powitanie-lata-na-Gaju-2023-724x1024.png\" alt=\"\" class=\"wp-image-14348\" srcset=\"https:\/\/online.tvk-gaj.pl\/wp-content\/uploads\/2023\/06\/Powitanie-lata-na-Gaju-2023-724x1024.png 724w, https:\/\/online.tvk-gaj.pl\/wp-content\/uploads\/2023\/06\/Powitanie-lata-na-Gaju-2023-212x300.png 212w, https:\/\/online.tvk-gaj.pl\/wp-content\/uploads\/2023\/06\/Powitanie-lata-na-Gaju-2023-768x1086.png 768w, https:\/\/online.tvk-gaj.pl\/wp-content\/uploads\/2023\/06\/Powitanie-lata-na-Gaju-2023-1086x1536.png 1086w, https:\/\/online.tvk-gaj.pl\/wp-content\/uploads\/2023\/06\/Powitanie-lata-na-Gaju-2023.png 1414w\" sizes=\"auto, (max-width: 724px) 100vw, 724px\" \/><\/figure>\n\n\n\n<p><\/p>\n\n\n\n<p><\/p>\n\n\n\n<p><\/p>\n\n\n\n<p><\/p>\n\n\n\n<p><strong>FESTYN\u00a0 OSIEDLOWY<\/strong> &#8211; <strong>szczeg\u00f3\u0142y:<\/strong><\/p>\n\n\n\n<p><\/p>\n\n\n\n<p><strong>1.Termin:<\/strong><\/p>\n\n\n\n<p>17 czerwca 2023 r.\u00a0\u00a0 w godz.\u00a0 13.00 \u2013 22.00;<\/p>\n\n\n\n<p><\/p>\n\n\n\n<p><strong>2. Miejsce:<\/strong><\/p>\n\n\n\n<p>Teren &#8222;Parku \u201eS\u0142onecznego\u201d &#8211; pomi\u0119dzy ulicami Krynick\u0105, Orzechow\u0105, Armii Krajowej;<\/p>\n\n\n\n<p><\/p>\n\n\n\n<p><strong>3. Cel:<\/strong><\/p>\n\n\n\n<p>&nbsp;&nbsp;&nbsp;&nbsp;&nbsp;&nbsp;&nbsp;&nbsp;&nbsp; &#8211; Integracja mieszka\u0144c\u00f3w osiedla;<\/p>\n\n\n\n<p>&nbsp;&nbsp;&nbsp;&nbsp;&nbsp;&nbsp;&nbsp;&nbsp;&nbsp; &#8211; Propagowanie zdrowego stylu \u017cycia;<\/p>\n\n\n\n<p>&nbsp;&nbsp;&nbsp;&nbsp;&nbsp;&nbsp;&nbsp;&nbsp;&nbsp; &#8211; Propagowanie idei samopomocy i rozbudzania wra\u017cliwo\u015bci spo\u0142ecznej;<\/p>\n\n\n\n<p>\u00a0\u00a0\u00a0\u00a0\u00a0\u00a0\u00a0\u00a0\u00a0 &#8211; Propagowanie zasad bezpiecznego poruszania si\u0119 po drogach;<\/p>\n\n\n\n<p><\/p>\n\n\n\n<p><strong>4. Informacje dodatkowe<\/strong> &#8211; impreza przewidziana wielotorowo sk\u0142adaj\u0105ca si\u0119 z cz\u0119\u015bci:<\/p>\n\n\n\n<p>\u00a0\u00a0\u00a0\u00a0\u00a0\u00a0\u00a0\u00a0 &#8211; sportowej \u2013 obiekty sportowe \u201eParku S\u0142onecznego\u201d oraz boisko &#8222;Orzechowa&#8221;;<\/p>\n\n\n\n<p>\u00a0\u00a0\u00a0\u00a0\u00a0\u00a0\u00a0\u00a0 &#8211; rozrywkowej \u2013 scena na terenie \u201eParku S\u0142onecznego\u201d;<\/p>\n\n\n\n<p><\/p>\n\n\n\n<p><strong>5. SCENARIUSZ SZCZEG\u00d3\u0141OWY<\/strong>:<\/p>\n\n\n\n<figure class=\"wp-block-table\"><table><tbody><tr><td>Lp<\/td><td>Godzina<\/td><td>Tre\u015b\u0107 zagadnienia<\/td><td>Ilo\u015b\u0107 minut<\/td><td>Miejsce<\/td><td>Odpowiedzialny<\/td><\/tr><tr><td>1<\/td><td>13.00<\/td><td>Otwarcie festynu &#8211; przedstawienie scenariusza &nbsp;&nbsp;&nbsp;&nbsp; &nbsp; przebiegu &nbsp;festynu<\/td><td>10<\/td><td>scena<\/td><td>Prowadz\u0105cy Miros\u0142aw Majcherek<\/td><\/tr><tr><td>2<\/td><td>13.10 \u2013 17.00<\/td><td>Animacje dla dzieci \u201e Figliki\u201d \u2013firma ASOBI<\/td><td>240<\/td><td>Scena + teren parku<\/td><td>Prowadz\u0105cy Miros\u0142aw Majcherek<\/td><\/tr><tr><td>3<\/td><td>15.00-15.50<\/td><td>Wyst\u0119p &nbsp;ch\u00f3ru <strong>\u201eMimoza\u201d<\/strong> &nbsp;<\/td><td>1 x50 &nbsp;<\/td><td>scena<\/td><td>Prowadz\u0105cy Miros\u0142aw Majcherek<\/td><\/tr><tr><td>4<\/td><td>15.50- 16.00 &nbsp;<\/td><td>Wywiad z wybitnymi osobami Gaju<\/td><td>1 x 10<\/td><td>scena<\/td><\/tr><tr><td>5<\/td><td>16.00 \u2013 16.15<\/td><td>Wyst\u0119p zespo\u0142u tanecznego <strong>\u201eGracje\u201d<\/strong> &nbsp;<\/td><td>1 x 15<\/td><td>scena<\/td><\/tr><tr><td>6<\/td><td>16.15 \u2013 16.35<\/td><td>Wyst\u0119p ch\u00f3ru osiedlowego \u201eKabaretem w Gaj\u201d<\/td><td>1 x 20<\/td><td>scena<\/td><td>Prowadz\u0105cy Miros\u0142aw Majcherek<\/td><\/tr><tr><td>7<\/td><td>16.35 -16.50<\/td><td>Wyst\u0119p zespo\u0142u tanecznego <strong>\u201eGracje\u201d<\/strong> &nbsp;<\/td><td>1 x 15<\/td><td>scena<\/td><td>Prowadz\u0105cy Miros\u0142aw Majcherek<\/td><\/tr><tr><td>8<\/td><td>16.50 -17.00<\/td><td>Wywiad z wybitnymi osobami Gaju<\/td><td>10<\/td><td>scena<\/td><td>Prowadz\u0105cy Miros\u0142aw Majcherek<\/td><\/tr><tr><td>9<\/td><td>17.00 \u2013 17.55<\/td><td>Wyst\u0119p zespo\u0142u muzycznego \u201eAmazonki Wroc\u0142awskie\u201d \u2013 muzyka lekka, \u0142atwa i przyjemna.<\/td><td>55<\/td><td>scena<\/td><td>Prowadz\u0105cy Miros\u0142aw Majcherek<\/td><\/tr><tr><td>10<\/td><td>17.55 \u2013 18.00<\/td><td>Wywiad z wybitnymi osobami Gaju<\/td><td>5<\/td><td>scena<\/td><td>Prowadz\u0105cy Miros\u0142aw Majcherek<\/td><\/tr><tr><td>11<\/td><td>18.00 \u2013 19.50<\/td><td>Wyst\u0119p zespo\u0142u muzycznego \u201eTEQULA\u201d \u2013 muzyka lekka, \u0142atwa i przyjemna cz\u0119\u015b\u0107 I<\/td><td>50<\/td><td>scena<\/td><td>Prowadz\u0105cy Miros\u0142aw Majcherek<\/td><\/tr><tr><td>12<\/td><td>19.45 \u2013 20.00<\/td><td>Wywiad z wybitnymi osobami Gaju<\/td><td>10<\/td><td>scena<\/td><td>Prowadz\u0105cy Miros\u0142aw Majcherek<\/td><\/tr><tr><td>13<\/td><td>20.00 \u2013 20.45<\/td><td>Wyst\u0119p zespo\u0142u muzycznego \u201eTEQULA\u201d \u2013 muzyka lekka, \u0142atwa i przyjemna cz\u0119\u015b\u0107 II<\/td><td>45<\/td><td>scena<\/td><td>Prowadz\u0105cy Miros\u0142aw Majcherek<\/td><\/tr><tr><td>14<\/td><td>20.45 \u2013 21.55<\/td><td>Dyskoteka na \u015bwie\u017cym powietrzu<\/td><td>70<\/td><td>scena<\/td><td>Prowadz\u0105cy Jerzy Tatarek<\/td><\/tr><tr><td>15<\/td><td>22.00<\/td><td>Zako\u0144czenie festynu<\/td><td>5<\/td><td>scena<\/td><td>Prowadz\u0105cy Miros\u0142aw Majcherek Przewodnicz\u0105cy Rady Osiedla i Zarz\u0105du Osiedla<\/td><\/tr><\/tbody><\/table><\/figure>\n\n\n\n<p><strong>&nbsp;&nbsp;&nbsp;&nbsp;&nbsp;&nbsp;&nbsp;&nbsp;&nbsp;&nbsp;&nbsp;&nbsp;&nbsp;&nbsp;&nbsp;&nbsp;&nbsp;&nbsp;&nbsp;&nbsp;&nbsp;&nbsp;&nbsp; &nbsp;&nbsp;&nbsp;&nbsp;&nbsp;&nbsp;&nbsp;&nbsp;&nbsp;&nbsp;&nbsp;&nbsp;&nbsp;&nbsp;&nbsp;&nbsp;&nbsp;&nbsp;&nbsp;&nbsp;&nbsp;&nbsp;&nbsp;Rozgrywki &nbsp;Sportowe<\/strong>&nbsp;&nbsp;&nbsp;&nbsp;&nbsp;&nbsp;&nbsp;&nbsp;&nbsp;&nbsp;&nbsp;&nbsp;&nbsp;&nbsp;&nbsp;&nbsp;&nbsp;&nbsp;&nbsp;&nbsp;&nbsp;&nbsp;&nbsp;&nbsp;&nbsp;&nbsp;&nbsp;&nbsp;&nbsp;&nbsp;&nbsp;&nbsp;&nbsp;&nbsp;&nbsp;&nbsp;&nbsp;&nbsp;&nbsp;&nbsp;&nbsp;&nbsp;&nbsp;&nbsp;&nbsp; <strong><\/strong><\/p>\n\n\n\n<figure class=\"wp-block-table\"><table><tbody><tr><td>Lp<\/td><td>Godzina<\/td><td>Tre\u015b\u0107 zagadnienia<\/td><td>Ilo\u015b\u0107 minut<\/td><td>Miejsce<\/td><td>Odpowiedzialny<\/td><\/tr><tr><td>1<\/td><td>11.00 \u2013 13.00<\/td><td>Silesia \u2013 FMS Strzelin Junior&nbsp;&nbsp;&nbsp;&nbsp;&nbsp;&nbsp;&nbsp;&nbsp;&nbsp;&nbsp;&nbsp;&nbsp;&nbsp;&nbsp;&nbsp;&nbsp;&nbsp;&nbsp;&nbsp;&nbsp;&nbsp;&nbsp;&nbsp;&nbsp;&nbsp; &nbsp;<\/td><td>2 x 45<\/td><td>Boisko pi\u0142karskie<\/td><td>Trener UKS \u201eSilesia\u201d Gaj Marek Kowal<\/td><\/tr><tr><td>2<\/td><td>14.00 \u2013 20.00<\/td><td>&nbsp;Rodzinne potyczki r\u00f3\u017cne zabawy sportowe<\/td><td>240<\/td><td>Boisko pi\u0142karskie<\/td><td>Rodzice i opiekunowie<\/td><\/tr><tr><td>3<\/td><td>14.00 \u2013 17.00<\/td><td>Malowanie banneru sportowego dla WKS \u201e\u015al\u0105sk\u201d<\/td><td>180<\/td><td>Aleja przy p\u0142ocie SP-90<\/td><td>Fundacja pi\u0142karskiego \u015al\u0105ska<\/td><\/tr><\/tbody><\/table><\/figure>\n\n\n\n<p><\/p>\n\n\n\n<p><strong>6. Atrakcje<\/strong>:<\/p>\n\n\n\n<p>&#8211; Zamki dmuchane dla dzieci;<\/p>\n\n\n\n<p>&#8211; Znakowanie rower\u00f3w przez Policj\u0119;<\/p>\n\n\n\n<p>&#8211; Kucyki;<\/p>\n\n\n\n<p>&#8211; Pa\u0144stwowa Stra\u017c Po\u017carna;<\/p>\n\n\n\n<p>&#8211; Maskotka z Hydropolis Wroc\u0142aw;<\/p>\n\n\n\n<p>&#8211; Fundacja pi\u0142karskiego \u201e\u015al\u0105ska\u201d;<\/p>\n\n\n\n<p>&#8211; Szko\u0142a P\u0142ywania \u201eSwin&amp;Fun;<\/p>\n\n\n\n<p>&#8211; Fundacja Dobrych Czas\u00f3w;<\/p>\n\n\n\n<p>&#8211; MPK Wroc\u0142aw;<\/p>\n\n\n\n<p><\/p>\n\n\n\n<p><strong>7. Stoiska konsultacyjne<\/strong>:<\/p>\n\n\n\n<p>1. Stoisko konsultacyjne WSM Wroc\u0142aw &#8211; Po\u0142udnie;<\/p>\n\n\n\n<p>2. Stoisko konsultacyjne WCRS;<\/p>\n\n\n\n<p><\/p>\n\n\n\n<p><strong>8. Stoiska patronackie:<\/strong><\/p>\n\n\n\n<p>1. Stoisko promocyjne Ferio Gaj Wroc\u0142aw ul. \u015awieradowska;<\/p>\n\n\n\n<p>2. Stoisko M\u2019Donald\u2019s;<\/p>\n\n\n\n<p>3. Stoisko AGA Wroc\u0142aw ul. Orzechowa;<\/p>\n\n\n\n<p>4. Stoisko handlowe Witold Mo\u017cd\u017ce\u0144 \u2013 balony, ba\u0144ki mydlane zabawki;<\/p>\n\n\n\n<p>5. Stoisko promocyjne \u2013 UNIQA ubezpieczenia;<\/p>\n\n\n\n<p><\/p>\n\n\n\n<p><strong>9. Sponsorzy:<\/strong><\/p>\n\n\n\n<p>&#8211; Centrum Handlowe \u201eFerio Gaj\u201d Wroc\u0142aw ul. \u015awieradowska 51-57;<\/p>\n\n\n\n<p>&#8211; Krzycka Sp\u00f3\u0142ka Handlowa \u201eCentrum Handlowe Gaj\u201d Wroc\u0142aw;<\/p>\n\n\n\n<p>&#8211; Sklep \u201eAga\u201d Wroc\u0142aw ul. Orzechowa 46;<\/p>\n\n\n\n<p>&#8211; Market \u201eCarrefour Wroc\u0142aw ul. Bardzka 3;<\/p>\n\n\n\n<p>&#8211; Zak\u0142ad Elektroniczny \u201eTATAREK\u201d Wroc\u0142aw ul. \u015awieradowska;\u00a0<\/p>\n\n\n\n<p>&#8211; Fabryka Idei Wroc\u0142aw ul. Hubska;<\/p>\n\n\n\n<p>&#8211; Sklepy \u201e\u017babka\u201d ul. Stro\u0144ska 9;<\/p>\n\n\n\n<p>&#8211; Centrum Handlowe \u201e Ferio Gaj\u201d;<\/p>\n\n\n\n<p>&#8211; Market Euroszpar;<\/p>\n\n\n\n<p><\/p>\n\n\n\n<p><strong>10. Catering:<\/strong><\/p>\n\n\n\n<p>&#8211; \u201eSmak Lata\u201d \u2013 Agata Ku\u017aniar;<\/p>\n\n\n\n<p>&#8211; \u201eMKM EVENTS\u201d &#8211; \u00a0Marcin Michlewicz;<\/p>\n\n\n\n<p>&#8211; Browar Odra Barrels;<\/p>\n\n\n\n<p><\/p>\n\n\n\n<p><strong>11. Scena wraz z nag\u0142o\u015bnieniem<\/strong>:<\/p>\n\n\n\n<p>Piotr Jacyk Wroc\u0142aw ul. Krynicka;<\/p>\n\n\n\n<p><\/p>\n\n\n\n<p><strong>12. Organizatorzy:<\/strong><\/p>\n\n\n\n<p>Rada Osiedla Gaj;<\/p>\n\n\n\n<p>Wroc\u0142awskie Centrum Rozwoju Spo\u0142ecznego;<\/p>\n\n\n\n<p>Wroc\u0142awska Sp\u00f3\u0142dzielnia Mieszkaniowa Wroc\u0142aw \u2013 Po\u0142udnie;<\/p>\n\n\n\n<p>M\u0142odzie\u017cowe Centrum Sportu Wroc\u0142aw.<\/p>\n\n\n\n<p><\/p>\n\n\n\n<p><\/p>\n\n\n\n<p><\/p>\n\n\n\n<p><\/p>\n\n\n\n<p><strong>Serdecznie zapraszamy!<\/strong><\/p>\n\n\n\n<p><\/p>\n\n\n\n<p><\/p>\n\n\n\n<p><\/p>\n\n\n\n<p><\/p>\n","protected":false},"excerpt":{"rendered":"<p>Zapraszamy na Festyn Osiedlowy na Gaju!<\/p>\n","protected":false},"author":3,"featured_media":14351,"comment_status":"open","ping_status":"open","sticky":false,"template":"","format":"standard","meta":{"footnotes":""},"categories":[14,12],"tags":[282,1000,128,1732,135],"class_list":["post-14347","post","type-post","status-publish","format-standard","has-post-thumbnail","hentry","category-aktualnosci","category-artykuly","tag-festyn-na-gaju","tag-festyn-osiedlowy-na-gaju","tag-park-sloneczny","tag-powitanie-lata-na-gaju","tag-rada-osiedla-gaj"],"_links":{"self":[{"href":"https:\/\/online.tvk-gaj.pl\/index.php?rest_route=\/wp\/v2\/posts\/14347","targetHints":{"allow":["GET"]}}],"collection":[{"href":"https:\/\/online.tvk-gaj.pl\/index.php?rest_route=\/wp\/v2\/posts"}],"about":[{"href":"https:\/\/online.tvk-gaj.pl\/index.php?rest_route=\/wp\/v2\/types\/post"}],"author":[{"embeddable":true,"href":"https:\/\/online.tvk-gaj.pl\/index.php?rest_route=\/wp\/v2\/users\/3"}],"replies":[{"embeddable":true,"href":"https:\/\/online.tvk-gaj.pl\/index.php?rest_route=%2Fwp%2Fv2%2Fcomments&post=14347"}],"version-history":[{"count":2,"href":"https:\/\/online.tvk-gaj.pl\/index.php?rest_route=\/wp\/v2\/posts\/14347\/revisions"}],"predecessor-version":[{"id":14352,"href":"https:\/\/online.tvk-gaj.pl\/index.php?rest_route=\/wp\/v2\/posts\/14347\/revisions\/14352"}],"wp:featuredmedia":[{"embeddable":true,"href":"https:\/\/online.tvk-gaj.pl\/index.php?rest_route=\/wp\/v2\/media\/14351"}],"wp:attachment":[{"href":"https:\/\/online.tvk-gaj.pl\/index.php?rest_route=%2Fwp%2Fv2%2Fmedia&parent=14347"}],"wp:term":[{"taxonomy":"category","embeddable":true,"href":"https:\/\/online.tvk-gaj.pl\/index.php?rest_route=%2Fwp%2Fv2%2Fcategories&post=14347"},{"taxonomy":"post_tag","embeddable":true,"href":"https:\/\/online.tvk-gaj.pl\/index.php?rest_route=%2Fwp%2Fv2%2Ftags&post=14347"}],"curies":[{"name":"wp","href":"https:\/\/api.w.org\/{rel}","templated":true}]}}