{"id":14419,"date":"2023-06-18T12:51:03","date_gmt":"2023-06-18T10:51:03","guid":{"rendered":"http:\/\/www.tvk-gaj.pl\/~gajonline\/?p=14419"},"modified":"2023-06-18T12:51:06","modified_gmt":"2023-06-18T10:51:06","slug":"powitanie-lata-na-gaju-fotorelacja-z-imprezy","status":"publish","type":"post","link":"https:\/\/online.tvk-gaj.pl\/?p=14419","title":{"rendered":"Powitanie lata na Gaju &#8211; fotorelacja z imprezy"},"content":{"rendered":"\n<p>Zapraszamy do fotorelacji z festynu osiedlowego na Gaju, kt\u00f3ry odby\u0142\u00a0si\u0119 17 czerwca 2023r., w Parku S\u0142onecznym na Gaju! <\/p>\n\n\n\n<!--more-->\n\n\n\n<p><\/p>\n\n\n\n<p><\/p>\n\n\n<div class=\"wp-block-image\">\n<figure class=\"aligncenter size-large\"><img loading=\"lazy\" decoding=\"async\" width=\"724\" height=\"1024\" src=\"http:\/\/www.tvk-gaj.pl\/~gajonline\/wp-content\/uploads\/2023\/06\/Powitanie-lata-na-Gaju-2023-724x1024.png\" alt=\"\" class=\"wp-image-14348\" srcset=\"https:\/\/online.tvk-gaj.pl\/wp-content\/uploads\/2023\/06\/Powitanie-lata-na-Gaju-2023-724x1024.png 724w, https:\/\/online.tvk-gaj.pl\/wp-content\/uploads\/2023\/06\/Powitanie-lata-na-Gaju-2023-212x300.png 212w, https:\/\/online.tvk-gaj.pl\/wp-content\/uploads\/2023\/06\/Powitanie-lata-na-Gaju-2023-768x1086.png 768w, https:\/\/online.tvk-gaj.pl\/wp-content\/uploads\/2023\/06\/Powitanie-lata-na-Gaju-2023-1086x1536.png 1086w, https:\/\/online.tvk-gaj.pl\/wp-content\/uploads\/2023\/06\/Powitanie-lata-na-Gaju-2023.png 1414w\" sizes=\"auto, (max-width: 724px) 100vw, 724px\" \/><\/figure>\n<\/div>\n\n\n<p><\/p>\n\n\n\n<p><\/p>\n\n\n\n<p>Festyn mo\u017cemy podsumowa\u0107 jako zdecydowanie udany:) Pogoda, atmosfera, atrakcje oraz frekwencja zdecydowanie dopisa\u0142y!<\/p>\n\n\n\n<p><\/p>\n\n\n\n<p><\/p>\n\n\n\n<figure class=\"wp-block-image size-large\"><img loading=\"lazy\" decoding=\"async\" width=\"1024\" height=\"768\" src=\"http:\/\/www.tvk-gaj.pl\/~gajonline\/wp-content\/uploads\/2023\/06\/batch_IMG_6229-1024x768.jpg\" alt=\"\" class=\"wp-image-14421\" srcset=\"https:\/\/online.tvk-gaj.pl\/wp-content\/uploads\/2023\/06\/batch_IMG_6229-1024x768.jpg 1024w, https:\/\/online.tvk-gaj.pl\/wp-content\/uploads\/2023\/06\/batch_IMG_6229-300x225.jpg 300w, https:\/\/online.tvk-gaj.pl\/wp-content\/uploads\/2023\/06\/batch_IMG_6229-768x576.jpg 768w, https:\/\/online.tvk-gaj.pl\/wp-content\/uploads\/2023\/06\/batch_IMG_6229-1536x1152.jpg 1536w, https:\/\/online.tvk-gaj.pl\/wp-content\/uploads\/2023\/06\/batch_IMG_6229.jpg 2016w\" sizes=\"auto, (max-width: 1024px) 100vw, 1024px\" \/><\/figure>\n\n\n\n<p><\/p>\n\n\n\n<p><\/p>\n\n\n\n<p>Festyn obfitowa\u0142 w atrakcje dla najm\u0142odszych. Zabaw\u0119 dzieciom zapewniali profesjonalni animatorzy. By\u0142y zabawy z chustami, ba\u0144kami mydlanymi, malowaniem oraz wiele innych atrakcji. Ponadto nie mog\u0142o zabrakn\u0105\u0107 dmuchanego zamku i zje\u017cd\u017calni, a tak\u017ce waty cukrowej oraz stoisk z zabawkami. <\/p>\n\n\n\n<p><\/p>\n\n\n\n<p><\/p>\n\n\n\n<figure class=\"wp-block-image size-large\"><img loading=\"lazy\" decoding=\"async\" width=\"1024\" height=\"768\" src=\"http:\/\/www.tvk-gaj.pl\/~gajonline\/wp-content\/uploads\/2023\/06\/batch_IMG_6255-1024x768.jpg\" alt=\"\" class=\"wp-image-14422\" srcset=\"https:\/\/online.tvk-gaj.pl\/wp-content\/uploads\/2023\/06\/batch_IMG_6255-1024x768.jpg 1024w, https:\/\/online.tvk-gaj.pl\/wp-content\/uploads\/2023\/06\/batch_IMG_6255-300x225.jpg 300w, https:\/\/online.tvk-gaj.pl\/wp-content\/uploads\/2023\/06\/batch_IMG_6255-768x576.jpg 768w, https:\/\/online.tvk-gaj.pl\/wp-content\/uploads\/2023\/06\/batch_IMG_6255-1536x1152.jpg 1536w, https:\/\/online.tvk-gaj.pl\/wp-content\/uploads\/2023\/06\/batch_IMG_6255.jpg 2016w\" sizes=\"auto, (max-width: 1024px) 100vw, 1024px\" \/><\/figure>\n\n\n\n<p><\/p>\n\n\n\n<p><\/p>\n\n\n\n<p>R\u00f3wnolegle do wydarze\u0144 na scenie, na boisku pi\u0142karskim odbywa\u0142y si\u0119 zabawy i rozgrywki sportowe, prowadzone przez Klub Pi\u0142karski &#8222;Respect&#8221;. <\/p>\n\n\n\n<p><\/p>\n\n\n\n<p><\/p>\n\n\n\n<figure class=\"wp-block-image size-large\"><img loading=\"lazy\" decoding=\"async\" width=\"1024\" height=\"768\" src=\"http:\/\/www.tvk-gaj.pl\/~gajonline\/wp-content\/uploads\/2023\/06\/batch_IMG_6239-1024x768.jpg\" alt=\"\" class=\"wp-image-14423\" srcset=\"https:\/\/online.tvk-gaj.pl\/wp-content\/uploads\/2023\/06\/batch_IMG_6239-1024x768.jpg 1024w, https:\/\/online.tvk-gaj.pl\/wp-content\/uploads\/2023\/06\/batch_IMG_6239-300x225.jpg 300w, https:\/\/online.tvk-gaj.pl\/wp-content\/uploads\/2023\/06\/batch_IMG_6239-768x576.jpg 768w, https:\/\/online.tvk-gaj.pl\/wp-content\/uploads\/2023\/06\/batch_IMG_6239-1536x1152.jpg 1536w, https:\/\/online.tvk-gaj.pl\/wp-content\/uploads\/2023\/06\/batch_IMG_6239.jpg 2016w\" sizes=\"auto, (max-width: 1024px) 100vw, 1024px\" \/><\/figure>\n\n\n\n<p><\/p>\n\n\n\n<p><\/p>\n\n\n\n<p>Podczas festynu na scenie wyst\u0105pi\u0142 ch\u00f3r &#8222;Mimoza&#8221; oraz Zesp\u00f3\u0142 Taneczny  &#8222;Gracja&#8221;.<\/p>\n\n\n\n<p><\/p>\n\n\n\n<p><\/p>\n\n\n\n<figure class=\"wp-block-image size-large\"><img loading=\"lazy\" decoding=\"async\" width=\"1024\" height=\"768\" src=\"http:\/\/www.tvk-gaj.pl\/~gajonline\/wp-content\/uploads\/2023\/06\/batch_IMG_6351-1024x768.jpg\" alt=\"\" class=\"wp-image-14424\" srcset=\"https:\/\/online.tvk-gaj.pl\/wp-content\/uploads\/2023\/06\/batch_IMG_6351-1024x768.jpg 1024w, https:\/\/online.tvk-gaj.pl\/wp-content\/uploads\/2023\/06\/batch_IMG_6351-300x225.jpg 300w, https:\/\/online.tvk-gaj.pl\/wp-content\/uploads\/2023\/06\/batch_IMG_6351-768x576.jpg 768w, https:\/\/online.tvk-gaj.pl\/wp-content\/uploads\/2023\/06\/batch_IMG_6351-1536x1152.jpg 1536w, https:\/\/online.tvk-gaj.pl\/wp-content\/uploads\/2023\/06\/batch_IMG_6351.jpg 2016w\" sizes=\"auto, (max-width: 1024px) 100vw, 1024px\" \/><\/figure>\n\n\n\n<p><\/p>\n\n\n\n<p><\/p>\n\n\n\n<p>Pojawili si\u0119 r\u00f3wnie\u017c go\u015bcie specjalni &#8211; m.in. przewodnicz\u0105cy Rady Osiedla Gaja Pan Adam Wojtaszewski oraz Prezydent Wroc\u0142awia, Pan Jacek Sutryk. <\/p>\n\n\n\n<p><\/p>\n\n\n\n<p><\/p>\n\n\n\n<figure class=\"wp-block-image size-large\"><img loading=\"lazy\" decoding=\"async\" width=\"1024\" height=\"1024\" src=\"http:\/\/www.tvk-gaj.pl\/~gajonline\/wp-content\/uploads\/2023\/06\/3ce42eca-5375-47d5-ad95-0869faea3032-1024x1024.jpg\" alt=\"\" class=\"wp-image-14425\" srcset=\"https:\/\/online.tvk-gaj.pl\/wp-content\/uploads\/2023\/06\/3ce42eca-5375-47d5-ad95-0869faea3032-1024x1024.jpg 1024w, https:\/\/online.tvk-gaj.pl\/wp-content\/uploads\/2023\/06\/3ce42eca-5375-47d5-ad95-0869faea3032-300x300.jpg 300w, https:\/\/online.tvk-gaj.pl\/wp-content\/uploads\/2023\/06\/3ce42eca-5375-47d5-ad95-0869faea3032-150x150.jpg 150w, https:\/\/online.tvk-gaj.pl\/wp-content\/uploads\/2023\/06\/3ce42eca-5375-47d5-ad95-0869faea3032-768x768.jpg 768w, https:\/\/online.tvk-gaj.pl\/wp-content\/uploads\/2023\/06\/3ce42eca-5375-47d5-ad95-0869faea3032-1536x1536.jpg 1536w, https:\/\/online.tvk-gaj.pl\/wp-content\/uploads\/2023\/06\/3ce42eca-5375-47d5-ad95-0869faea3032-160x160.jpg 160w, https:\/\/online.tvk-gaj.pl\/wp-content\/uploads\/2023\/06\/3ce42eca-5375-47d5-ad95-0869faea3032-240x240.jpg 240w, https:\/\/online.tvk-gaj.pl\/wp-content\/uploads\/2023\/06\/3ce42eca-5375-47d5-ad95-0869faea3032-60x60.jpg 60w, https:\/\/online.tvk-gaj.pl\/wp-content\/uploads\/2023\/06\/3ce42eca-5375-47d5-ad95-0869faea3032-184x184.jpg 184w, https:\/\/online.tvk-gaj.pl\/wp-content\/uploads\/2023\/06\/3ce42eca-5375-47d5-ad95-0869faea3032.jpg 2048w\" sizes=\"auto, (max-width: 1024px) 100vw, 1024px\" \/><\/figure>\n\n\n\n<p><\/p>\n\n\n\n<p><\/p>\n\n\n\n<p>W pobli\u017cu sceny pojawi\u0142y si\u0119 tak\u017ce punkty i stoiska patronackie sponsor\u00f3w imprezy, w tym Sklepu Eurospar, Restauracji McDonald&#8217;s.<\/p>\n\n\n\n<p><\/p>\n\n\n\n<p><\/p>\n\n\n\n<figure class=\"wp-block-image size-large\"><img loading=\"lazy\" decoding=\"async\" width=\"1024\" height=\"768\" src=\"http:\/\/www.tvk-gaj.pl\/~gajonline\/wp-content\/uploads\/2023\/06\/batch_IMG_6315-1024x768.jpg\" alt=\"\" class=\"wp-image-14426\" srcset=\"https:\/\/online.tvk-gaj.pl\/wp-content\/uploads\/2023\/06\/batch_IMG_6315-1024x768.jpg 1024w, https:\/\/online.tvk-gaj.pl\/wp-content\/uploads\/2023\/06\/batch_IMG_6315-300x225.jpg 300w, https:\/\/online.tvk-gaj.pl\/wp-content\/uploads\/2023\/06\/batch_IMG_6315-768x576.jpg 768w, https:\/\/online.tvk-gaj.pl\/wp-content\/uploads\/2023\/06\/batch_IMG_6315-1536x1152.jpg 1536w, https:\/\/online.tvk-gaj.pl\/wp-content\/uploads\/2023\/06\/batch_IMG_6315.jpg 2016w\" sizes=\"auto, (max-width: 1024px) 100vw, 1024px\" \/><\/figure>\n\n\n\n<p><\/p>\n\n\n\n<p><\/p>\n\n\n\n<p>Oczywi\u015bcie nie oby\u0142o si\u0119 bez grilla, waty cukrowej, dmuchanych zamk\u00f3w czy stoisk z zabawkami i s\u0142odyczami.\u00a0 <\/p>\n\n\n\n<p><\/p>\n\n\n\n<p><\/p>\n\n\n\n<figure class=\"wp-block-image size-large\"><img loading=\"lazy\" decoding=\"async\" width=\"1024\" height=\"768\" src=\"http:\/\/www.tvk-gaj.pl\/~gajonline\/wp-content\/uploads\/2023\/06\/batch_IMG_6224-1024x768.jpg\" alt=\"\" class=\"wp-image-14432\" srcset=\"https:\/\/online.tvk-gaj.pl\/wp-content\/uploads\/2023\/06\/batch_IMG_6224-1024x768.jpg 1024w, https:\/\/online.tvk-gaj.pl\/wp-content\/uploads\/2023\/06\/batch_IMG_6224-300x225.jpg 300w, https:\/\/online.tvk-gaj.pl\/wp-content\/uploads\/2023\/06\/batch_IMG_6224-768x576.jpg 768w, https:\/\/online.tvk-gaj.pl\/wp-content\/uploads\/2023\/06\/batch_IMG_6224-1536x1152.jpg 1536w, https:\/\/online.tvk-gaj.pl\/wp-content\/uploads\/2023\/06\/batch_IMG_6224.jpg 2016w\" sizes=\"auto, (max-width: 1024px) 100vw, 1024px\" \/><\/figure>\n\n\n\n<p><\/p>\n\n\n\n<p><\/p>\n\n\n\n<p>Na festynie pojawili si\u0119 r\u00f3wnie\u017c seniorzy z Klubu Seniora na Gaju.<\/p>\n\n\n\n<p><\/p>\n\n\n\n<p><\/p>\n\n\n\n<figure class=\"wp-block-image size-large\"><img loading=\"lazy\" decoding=\"async\" width=\"1024\" height=\"768\" src=\"http:\/\/www.tvk-gaj.pl\/~gajonline\/wp-content\/uploads\/2023\/06\/batch_IMG_6297-1024x768.jpg\" alt=\"\" class=\"wp-image-14427\" srcset=\"https:\/\/online.tvk-gaj.pl\/wp-content\/uploads\/2023\/06\/batch_IMG_6297-1024x768.jpg 1024w, https:\/\/online.tvk-gaj.pl\/wp-content\/uploads\/2023\/06\/batch_IMG_6297-300x225.jpg 300w, https:\/\/online.tvk-gaj.pl\/wp-content\/uploads\/2023\/06\/batch_IMG_6297-768x576.jpg 768w, https:\/\/online.tvk-gaj.pl\/wp-content\/uploads\/2023\/06\/batch_IMG_6297-1536x1152.jpg 1536w, https:\/\/online.tvk-gaj.pl\/wp-content\/uploads\/2023\/06\/batch_IMG_6297.jpg 2016w\" sizes=\"auto, (max-width: 1024px) 100vw, 1024px\" \/><\/figure>\n\n\n\n<p><\/p>\n\n\n\n<p><\/p>\n\n\n\n<p>Ca\u0142y dzie\u0144 na scenie pojawiali si\u0119 ciekawi go\u015bcie oraz wyst\u0119py artystyczne.<\/p>\n\n\n\n<p><\/p>\n\n\n\n<p><\/p>\n\n\n\n<figure class=\"wp-block-image size-large\"><img loading=\"lazy\" decoding=\"async\" width=\"1024\" height=\"768\" src=\"http:\/\/www.tvk-gaj.pl\/~gajonline\/wp-content\/uploads\/2023\/06\/batch_IMG_6275-1024x768.jpg\" alt=\"\" class=\"wp-image-14428\" srcset=\"https:\/\/online.tvk-gaj.pl\/wp-content\/uploads\/2023\/06\/batch_IMG_6275-1024x768.jpg 1024w, https:\/\/online.tvk-gaj.pl\/wp-content\/uploads\/2023\/06\/batch_IMG_6275-300x225.jpg 300w, https:\/\/online.tvk-gaj.pl\/wp-content\/uploads\/2023\/06\/batch_IMG_6275-768x576.jpg 768w, https:\/\/online.tvk-gaj.pl\/wp-content\/uploads\/2023\/06\/batch_IMG_6275-1536x1152.jpg 1536w, https:\/\/online.tvk-gaj.pl\/wp-content\/uploads\/2023\/06\/batch_IMG_6275.jpg 2016w\" sizes=\"auto, (max-width: 1024px) 100vw, 1024px\" \/><\/figure>\n\n\n\n<p><\/p>\n\n\n\n<p><\/p>\n\n\n\n<p>Szczeg\u00f3lnie seniorzy skradli du\u017c\u0105 sympati\u0119 publiczno\u015bci.<\/p>\n\n\n\n<p><\/p>\n\n\n\n<p><\/p>\n\n\n\n<figure class=\"wp-block-image size-large\"><img loading=\"lazy\" decoding=\"async\" width=\"1024\" height=\"768\" src=\"http:\/\/www.tvk-gaj.pl\/~gajonline\/wp-content\/uploads\/2023\/06\/batch_IMG_6242-1024x768.jpg\" alt=\"\" class=\"wp-image-14434\" srcset=\"https:\/\/online.tvk-gaj.pl\/wp-content\/uploads\/2023\/06\/batch_IMG_6242-1024x768.jpg 1024w, https:\/\/online.tvk-gaj.pl\/wp-content\/uploads\/2023\/06\/batch_IMG_6242-300x225.jpg 300w, https:\/\/online.tvk-gaj.pl\/wp-content\/uploads\/2023\/06\/batch_IMG_6242-768x576.jpg 768w, https:\/\/online.tvk-gaj.pl\/wp-content\/uploads\/2023\/06\/batch_IMG_6242-1536x1152.jpg 1536w, https:\/\/online.tvk-gaj.pl\/wp-content\/uploads\/2023\/06\/batch_IMG_6242.jpg 2016w\" sizes=\"auto, (max-width: 1024px) 100vw, 1024px\" \/><\/figure>\n\n\n\n<p><\/p>\n\n\n\n<p><\/p>\n\n\n\n<p>Kt\u00f3rej z godziny na godzin\u0119 by\u0142o coraz wi\u0119cej.<\/p>\n\n\n\n<p><\/p>\n\n\n\n<p><\/p>\n\n\n\n<figure class=\"wp-block-image size-large\"><img loading=\"lazy\" decoding=\"async\" width=\"1024\" height=\"768\" src=\"http:\/\/www.tvk-gaj.pl\/~gajonline\/wp-content\/uploads\/2023\/06\/batch_IMG_6250-1024x768.jpg\" alt=\"\" class=\"wp-image-14433\" srcset=\"https:\/\/online.tvk-gaj.pl\/wp-content\/uploads\/2023\/06\/batch_IMG_6250-1024x768.jpg 1024w, https:\/\/online.tvk-gaj.pl\/wp-content\/uploads\/2023\/06\/batch_IMG_6250-300x225.jpg 300w, https:\/\/online.tvk-gaj.pl\/wp-content\/uploads\/2023\/06\/batch_IMG_6250-768x576.jpg 768w, https:\/\/online.tvk-gaj.pl\/wp-content\/uploads\/2023\/06\/batch_IMG_6250-1536x1152.jpg 1536w, https:\/\/online.tvk-gaj.pl\/wp-content\/uploads\/2023\/06\/batch_IMG_6250.jpg 2016w\" sizes=\"auto, (max-width: 1024px) 100vw, 1024px\" \/><\/figure>\n\n\n\n<p><\/p>\n\n\n\n<p>Du\u017c\u0105 atrakcj\u0105, szczeg\u00f3lnie dla fan\u00f3w pi\u0142ki no\u017cnej, by\u0142o wsp\u00f3lne malowanie banera &#8222;WKS \u015al\u0105sk Wroc\u0142aw&#8221;.<\/p>\n\n\n\n<p><\/p>\n\n\n\n<figure class=\"wp-block-image size-large\"><img loading=\"lazy\" decoding=\"async\" width=\"1024\" height=\"768\" src=\"http:\/\/www.tvk-gaj.pl\/~gajonline\/wp-content\/uploads\/2023\/06\/batch_IMG_6322-1024x768.jpg\" alt=\"\" class=\"wp-image-14431\" srcset=\"https:\/\/online.tvk-gaj.pl\/wp-content\/uploads\/2023\/06\/batch_IMG_6322-1024x768.jpg 1024w, https:\/\/online.tvk-gaj.pl\/wp-content\/uploads\/2023\/06\/batch_IMG_6322-300x225.jpg 300w, https:\/\/online.tvk-gaj.pl\/wp-content\/uploads\/2023\/06\/batch_IMG_6322-768x576.jpg 768w, https:\/\/online.tvk-gaj.pl\/wp-content\/uploads\/2023\/06\/batch_IMG_6322-1536x1152.jpg 1536w, https:\/\/online.tvk-gaj.pl\/wp-content\/uploads\/2023\/06\/batch_IMG_6322.jpg 2016w\" sizes=\"auto, (max-width: 1024px) 100vw, 1024px\" \/><\/figure>\n\n\n\n<p><\/p>\n\n\n\n<p><\/p>\n\n\n\n<p>Fundacja &#8222;\u015al\u0105ska Wroc\u0142aw&#8221; mia\u0142a swoje stoisko na festynie.<\/p>\n\n\n\n<p><\/p>\n\n\n\n<figure class=\"wp-block-image size-large\"><img loading=\"lazy\" decoding=\"async\" width=\"1024\" height=\"1024\" src=\"http:\/\/www.tvk-gaj.pl\/~gajonline\/wp-content\/uploads\/2023\/06\/e86f2c72-171b-4cc7-823c-f4fab22600e3-1024x1024.jpg\" alt=\"\" class=\"wp-image-14430\" srcset=\"https:\/\/online.tvk-gaj.pl\/wp-content\/uploads\/2023\/06\/e86f2c72-171b-4cc7-823c-f4fab22600e3-1024x1024.jpg 1024w, https:\/\/online.tvk-gaj.pl\/wp-content\/uploads\/2023\/06\/e86f2c72-171b-4cc7-823c-f4fab22600e3-300x300.jpg 300w, https:\/\/online.tvk-gaj.pl\/wp-content\/uploads\/2023\/06\/e86f2c72-171b-4cc7-823c-f4fab22600e3-150x150.jpg 150w, https:\/\/online.tvk-gaj.pl\/wp-content\/uploads\/2023\/06\/e86f2c72-171b-4cc7-823c-f4fab22600e3-768x768.jpg 768w, https:\/\/online.tvk-gaj.pl\/wp-content\/uploads\/2023\/06\/e86f2c72-171b-4cc7-823c-f4fab22600e3-1536x1536.jpg 1536w, https:\/\/online.tvk-gaj.pl\/wp-content\/uploads\/2023\/06\/e86f2c72-171b-4cc7-823c-f4fab22600e3-160x160.jpg 160w, https:\/\/online.tvk-gaj.pl\/wp-content\/uploads\/2023\/06\/e86f2c72-171b-4cc7-823c-f4fab22600e3-240x240.jpg 240w, https:\/\/online.tvk-gaj.pl\/wp-content\/uploads\/2023\/06\/e86f2c72-171b-4cc7-823c-f4fab22600e3-60x60.jpg 60w, https:\/\/online.tvk-gaj.pl\/wp-content\/uploads\/2023\/06\/e86f2c72-171b-4cc7-823c-f4fab22600e3-184x184.jpg 184w, https:\/\/online.tvk-gaj.pl\/wp-content\/uploads\/2023\/06\/e86f2c72-171b-4cc7-823c-f4fab22600e3.jpg 2048w\" sizes=\"auto, (max-width: 1024px) 100vw, 1024px\" \/><\/figure>\n\n\n\n<p><\/p>\n\n\n\n<p>Kulminacyjnym punktem programu by\u0142 wyst\u0119p zespo\u0142u &#8222;Tequila&#8221; oraz wieczorna dyskoteka na \u015bwie\u017cym powietrzu poprowadzona przez Pana Jerzego Tatarka &#8211; mieszka\u0144ca Gaju, przedsi\u0119biorce, spo\u0142ecznika, a tak\u017ce oficera rozrywkowego statku &#8222;Stefan Batory&#8221;.<\/p>\n\n\n\n<p><\/p>\n\n\n\n<p>Imprez\u0119 poprowadzi\u0142 aktor, pszczelarz oraz przede wszystkim mieszkaniec Gaju &#8211; pan Miros\u0142aw Majcherek.<\/p>\n\n\n\n<p><\/p>\n\n\n\n<p><\/p>\n\n\n\n<figure class=\"wp-block-image size-large\"><img loading=\"lazy\" decoding=\"async\" width=\"1024\" height=\"768\" src=\"http:\/\/www.tvk-gaj.pl\/~gajonline\/wp-content\/uploads\/2023\/06\/batch_IMG_6331-1024x768.jpg\" alt=\"\" class=\"wp-image-14429\" srcset=\"https:\/\/online.tvk-gaj.pl\/wp-content\/uploads\/2023\/06\/batch_IMG_6331-1024x768.jpg 1024w, https:\/\/online.tvk-gaj.pl\/wp-content\/uploads\/2023\/06\/batch_IMG_6331-300x225.jpg 300w, https:\/\/online.tvk-gaj.pl\/wp-content\/uploads\/2023\/06\/batch_IMG_6331-768x576.jpg 768w, https:\/\/online.tvk-gaj.pl\/wp-content\/uploads\/2023\/06\/batch_IMG_6331-1536x1152.jpg 1536w, https:\/\/online.tvk-gaj.pl\/wp-content\/uploads\/2023\/06\/batch_IMG_6331.jpg 2016w\" sizes=\"auto, (max-width: 1024px) 100vw, 1024px\" \/><\/figure>\n\n\n\n<p><\/p>\n\n\n\n<p><br>Mieszka\u0144com, zaproszonym go\u015bciom, partnerom Rady Osiedla Gaj oraz sponsorom imprezy dzi\u0119kujemy za wsp\u00f3lnie sp\u0119dzony czas podczas tegorocznego Festynu Osiedla Gaj:) <\/p>\n\n\n\n<p><\/p>\n\n\n\n<p><\/p>\n\n\n\n<p><strong>NASZA FOTORELACJA<\/strong><\/p>\n\n\n\n[ngg src=&#8221;galleries&#8221; ids=&#8221;133&#8243; display=&#8221;basic_thumbnail&#8221; thumbnail_crop=&#8221;0&#8243;]\n\n\n\n<p><\/p>\n\n\n\n<p><\/p>\n\n\n\n<p><\/p>\n\n\n\n<p><strong>Serdeczne podzi\u0119kowania dla sponsor\u00f3w festynu: <\/strong><\/p>\n\n\n\n<p><\/p>\n\n\n\n<p>Centrum Handlowe Gaj<br>Centrum Handlowe Ferio Gaj<br>Sklep &#8222;AGA&#8221; z ul. Orzechowej<br>Sklep &#8222;Carrefour&#8221; z ul. Bardzkiej<br>Fabryka Idei<br>Sklep &#8222;Eurospar&#8221; z ul. \u015awieradowskiej<br>Restauracja McDonald&#8217;s z ul. Bardzkiej<br>Uniqa<br>Firma &#8222;Tatarek&#8221;  <br>Miasto Wroc\u0142aw<\/p>\n\n\n\n<p><\/p>\n\n\n\n<p><\/p>\n","protected":false},"excerpt":{"rendered":"<p>Zapraszamy do fotorelacji z festynu osiedlowego na Gaju, kt\u00f3ry odby\u0142\u00a0si\u0119 17 czerwca 2023r., w Parku S\u0142onecznym na Gaju!<\/p>\n","protected":false},"author":3,"featured_media":14420,"comment_status":"open","ping_status":"open","sticky":false,"template":"","format":"standard","meta":{"footnotes":""},"categories":[14,12],"tags":[282,1733,293],"class_list":["post-14419","post","type-post","status-publish","format-standard","has-post-thumbnail","hentry","category-aktualnosci","category-artykuly","tag-festyn-na-gaju","tag-festyn-osiedlowy-gaj","tag-fotorelacja"],"_links":{"self":[{"href":"https:\/\/online.tvk-gaj.pl\/index.php?rest_route=\/wp\/v2\/posts\/14419","targetHints":{"allow":["GET"]}}],"collection":[{"href":"https:\/\/online.tvk-gaj.pl\/index.php?rest_route=\/wp\/v2\/posts"}],"about":[{"href":"https:\/\/online.tvk-gaj.pl\/index.php?rest_route=\/wp\/v2\/types\/post"}],"author":[{"embeddable":true,"href":"https:\/\/online.tvk-gaj.pl\/index.php?rest_route=\/wp\/v2\/users\/3"}],"replies":[{"embeddable":true,"href":"https:\/\/online.tvk-gaj.pl\/index.php?rest_route=%2Fwp%2Fv2%2Fcomments&post=14419"}],"version-history":[{"count":2,"href":"https:\/\/online.tvk-gaj.pl\/index.php?rest_route=\/wp\/v2\/posts\/14419\/revisions"}],"predecessor-version":[{"id":14437,"href":"https:\/\/online.tvk-gaj.pl\/index.php?rest_route=\/wp\/v2\/posts\/14419\/revisions\/14437"}],"wp:featuredmedia":[{"embeddable":true,"href":"https:\/\/online.tvk-gaj.pl\/index.php?rest_route=\/wp\/v2\/media\/14420"}],"wp:attachment":[{"href":"https:\/\/online.tvk-gaj.pl\/index.php?rest_route=%2Fwp%2Fv2%2Fmedia&parent=14419"}],"wp:term":[{"taxonomy":"category","embeddable":true,"href":"https:\/\/online.tvk-gaj.pl\/index.php?rest_route=%2Fwp%2Fv2%2Fcategories&post=14419"},{"taxonomy":"post_tag","embeddable":true,"href":"https:\/\/online.tvk-gaj.pl\/index.php?rest_route=%2Fwp%2Fv2%2Ftags&post=14419"}],"curies":[{"name":"wp","href":"https:\/\/api.w.org\/{rel}","templated":true}]}}