{"id":14459,"date":"2023-08-25T22:48:00","date_gmt":"2023-08-25T20:48:00","guid":{"rendered":"http:\/\/www.tvk-gaj.pl\/~gajonline\/?p=14459"},"modified":"2023-09-23T22:59:07","modified_gmt":"2023-09-23T20:59:07","slug":"nowe-stojaki-rowerowe-na-gaju","status":"publish","type":"post","link":"https:\/\/online.tvk-gaj.pl\/?p=14459","title":{"rendered":"Nowe stojaki rowerowe na Gaju"},"content":{"rendered":"\n<p>Miasto planuje wybudowa\u0107 w tym roku nowe stojaki rowerowe, w tym r\u00f3wnie\u017c na Gaju.<\/p>\n\n\n\n<p><\/p>\n\n\n\n<!--more-->\n\n\n\n<p><\/p>\n\n\n\n<p><\/p>\n\n\n\n<figure class=\"wp-block-image size-large\"><img loading=\"lazy\" decoding=\"async\" width=\"1024\" height=\"272\" src=\"http:\/\/www.tvk-gaj.pl\/~gajonline\/wp-content\/uploads\/2023\/09\/stojaki-rowerowe-2023-1024x272.jpeg\" alt=\"\" class=\"wp-image-14460\" srcset=\"https:\/\/online.tvk-gaj.pl\/wp-content\/uploads\/2023\/09\/stojaki-rowerowe-2023-1024x272.jpeg 1024w, https:\/\/online.tvk-gaj.pl\/wp-content\/uploads\/2023\/09\/stojaki-rowerowe-2023-300x80.jpeg 300w, https:\/\/online.tvk-gaj.pl\/wp-content\/uploads\/2023\/09\/stojaki-rowerowe-2023-768x204.jpeg 768w, https:\/\/online.tvk-gaj.pl\/wp-content\/uploads\/2023\/09\/stojaki-rowerowe-2023.jpeg 1440w\" sizes=\"auto, (max-width: 1024px) 100vw, 1024px\" \/><\/figure>\n\n\n\n<p><\/p>\n\n\n\n<p><\/p>\n\n\n\n<p><a href=\"https:\/\/www.facebook.com\/zdium?__cft__[0]=AZUW7VyGYT68zglatPOM4lRnev2rFOfnZ_7EdXRQ2du8eNRQBqmZwD08Dk4oZdxcMmZPLvq8-6rPm8z0TBukWE19AY6yqamNpKD6WljFmSRVpO2A37ymdNvdS-4J6nX57-ASNIt-Cu7jgOeYjBXmfqdDryBdcaNxXEgnjlnGOeXCGDb1soNzWkhR6mYeEcjkZ5M&amp;__tn__=-]K-R\">Zarz\u0105d Dr\u00f3g i Utrzymania Miasta we Wroc\u0142awiu<\/a> planuje postawi\u0107 nowe stojaki rowerowe we Wroc\u0142awiu. Na Gaju takie stojaki pojawi\u0107 si\u0119 maj\u0105 w Parku Skowronim w okolicy placu zabaw oraz przy ul. Krynickiej 80 w okolicy siedziby Rady Osiedla Gaj.<\/p>\n\n\n\n<p><\/p>\n\n\n\n<p><\/p>\n\n\n<div class=\"wp-block-image\">\n<figure class=\"aligncenter size-large\"><img loading=\"lazy\" decoding=\"async\" width=\"576\" height=\"1024\" src=\"http:\/\/www.tvk-gaj.pl\/~gajonline\/wp-content\/uploads\/2015\/04\/2015-04-20-17.56.35-576x1024.jpg\" alt=\"\" class=\"wp-image-3990\" srcset=\"https:\/\/online.tvk-gaj.pl\/wp-content\/uploads\/2015\/04\/2015-04-20-17.56.35-576x1024.jpg 576w, https:\/\/online.tvk-gaj.pl\/wp-content\/uploads\/2015\/04\/2015-04-20-17.56.35-169x300.jpg 169w, https:\/\/online.tvk-gaj.pl\/wp-content\/uploads\/2015\/04\/2015-04-20-17.56.35.jpg 1080w\" sizes=\"auto, (max-width: 576px) 100vw, 576px\" \/><\/figure>\n<\/div>\n\n\n<p><\/p>\n\n\n\n<p><\/p>\n\n\n\n<p><\/p>\n\n\n\n<p><\/p>\n\n\n\n<p>Stojaki b\u0119d\u0105 w kszta\u0142cie odwr\u00f3conej litery U, a ich monta\u017c po\u0142\u0105czony b\u0119dzie z budow\u0105 wysp separuj\u0105cych, s\u0142upk\u00f3w blokuj\u0105cych, po\u0142o\u017ceniem kostki brukowej i obni\u017ceniem kraw\u0119\u017cnik\u00f3w.<\/p>\n\n\n\n<p>Prace projektowe, przygotowawcze i sam monta\u017c szacowane s\u0105 \u0142\u0105cznie na ok 8 miesi\u0119cy, co oznacza, \u017ce nowe miejsca postojowe dla rower\u00f3w pojawi\u0105 si\u0119 na Gaju najwcze\u015bniej na pocz\u0105tku 2024r.<\/p>\n\n\n\n<p><\/p>\n\n\n\n<p><\/p>\n\n\n\n<p><\/p>\n\n\n\n<p><\/p>\n\n\n\n<p><\/p>\n\n\n\n<p><\/p>\n","protected":false},"excerpt":{"rendered":"<p>Miasto planuje wybudowa\u0107 w tym roku nowe stojaki rowerowe, w tym r\u00f3wnie\u017c na Gaju.<\/p>\n","protected":false},"author":3,"featured_media":13058,"comment_status":"open","ping_status":"open","sticky":false,"template":"","format":"standard","meta":{"footnotes":""},"categories":[14,12],"tags":[1126,1743,1744,1745],"class_list":["post-14459","post","type-post","status-publish","format-standard","has-post-thumbnail","hentry","category-aktualnosci","category-artykuly","tag-rowery-gaj","tag-stojaki-rowerowe","tag-stojaki-rowerowe-na-gaju","tag-zdium-gaj"],"_links":{"self":[{"href":"https:\/\/online.tvk-gaj.pl\/index.php?rest_route=\/wp\/v2\/posts\/14459","targetHints":{"allow":["GET"]}}],"collection":[{"href":"https:\/\/online.tvk-gaj.pl\/index.php?rest_route=\/wp\/v2\/posts"}],"about":[{"href":"https:\/\/online.tvk-gaj.pl\/index.php?rest_route=\/wp\/v2\/types\/post"}],"author":[{"embeddable":true,"href":"https:\/\/online.tvk-gaj.pl\/index.php?rest_route=\/wp\/v2\/users\/3"}],"replies":[{"embeddable":true,"href":"https:\/\/online.tvk-gaj.pl\/index.php?rest_route=%2Fwp%2Fv2%2Fcomments&post=14459"}],"version-history":[{"count":2,"href":"https:\/\/online.tvk-gaj.pl\/index.php?rest_route=\/wp\/v2\/posts\/14459\/revisions"}],"predecessor-version":[{"id":14462,"href":"https:\/\/online.tvk-gaj.pl\/index.php?rest_route=\/wp\/v2\/posts\/14459\/revisions\/14462"}],"wp:featuredmedia":[{"embeddable":true,"href":"https:\/\/online.tvk-gaj.pl\/index.php?rest_route=\/wp\/v2\/media\/13058"}],"wp:attachment":[{"href":"https:\/\/online.tvk-gaj.pl\/index.php?rest_route=%2Fwp%2Fv2%2Fmedia&parent=14459"}],"wp:term":[{"taxonomy":"category","embeddable":true,"href":"https:\/\/online.tvk-gaj.pl\/index.php?rest_route=%2Fwp%2Fv2%2Fcategories&post=14459"},{"taxonomy":"post_tag","embeddable":true,"href":"https:\/\/online.tvk-gaj.pl\/index.php?rest_route=%2Fwp%2Fv2%2Ftags&post=14459"}],"curies":[{"name":"wp","href":"https:\/\/api.w.org\/{rel}","templated":true}]}}