{"id":14491,"date":"2023-10-07T22:34:12","date_gmt":"2023-10-07T20:34:12","guid":{"rendered":"http:\/\/www.tvk-gaj.pl\/~gajonline\/?p=14491"},"modified":"2023-10-25T22:48:49","modified_gmt":"2023-10-25T20:48:49","slug":"jesien-w-parku-skowronim","status":"publish","type":"post","link":"https:\/\/online.tvk-gaj.pl\/?p=14491","title":{"rendered":"Jesie\u0144 w Parku Skowronim"},"content":{"rendered":"\n<p>Na pa\u017adziernikowe wolne chwile polecamy spacer po klimatycznym i nastrojowym Parku Skowronim!<\/p>\n\n\n\n<!--more-->\n\n\n\n<p><\/p>\n\n\n\n<p><\/p>\n\n\n\n<p>Jesie\u0144 to wyj\u0105tkowy czas we wroc\u0142awskich parkach. Mnogo\u015b\u0107 kolor\u00f3w i morze li\u015bci potrafi\u0105\u00a0stworzy\u0107 wyj\u0105tkow\u0105 i niepowtarzaln\u0105 atmosfer\u0119. <\/p>\n\n\n\n<p>Pomi\u0119dzy osiedlami Gaj i Borek zlokalizowany jest pi\u0119kny, historyczny Park Skowroni. <\/p>\n\n\n\n<p><\/p>\n\n\n\n<p>To na terenie tego parku, w pobli\u017cu Przyl\u0105dka Nadziei zlokalizowana jest czasowa wystawa, \u0142\u0105cz\u0105ca w sobie symbolik\u0119 jesieni oraz r\u00f3\u017cnorodne kolory wrzos\u00f3w i dy\u0144. <\/p>\n\n\n\n<p><\/p>\n\n\n\n<p><\/p>\n\n\n\n<p><\/p>\n\n\n\n<p><\/p>\n\n\n\n<figure class=\"wp-block-image size-full\"><img loading=\"lazy\" decoding=\"async\" width=\"541\" height=\"960\" src=\"http:\/\/www.tvk-gaj.pl\/~gajonline\/wp-content\/uploads\/2023\/10\/387216187_905419587840485_3874235473623203852_n.jpeg\" alt=\"\" class=\"wp-image-14493\" srcset=\"https:\/\/online.tvk-gaj.pl\/wp-content\/uploads\/2023\/10\/387216187_905419587840485_3874235473623203852_n.jpeg 541w, https:\/\/online.tvk-gaj.pl\/wp-content\/uploads\/2023\/10\/387216187_905419587840485_3874235473623203852_n-169x300.jpeg 169w\" sizes=\"auto, (max-width: 541px) 100vw, 541px\" \/><\/figure>\n\n\n\n<p><\/p>\n\n\n\n<p><\/p>\n\n\n\n<figure class=\"wp-block-image size-full\"><img loading=\"lazy\" decoding=\"async\" width=\"960\" height=\"720\" src=\"http:\/\/www.tvk-gaj.pl\/~gajonline\/wp-content\/uploads\/2023\/10\/387208328_905419694507141_5250126422662577265_n-1.jpeg\" alt=\"\" class=\"wp-image-14494\" srcset=\"https:\/\/online.tvk-gaj.pl\/wp-content\/uploads\/2023\/10\/387208328_905419694507141_5250126422662577265_n-1.jpeg 960w, https:\/\/online.tvk-gaj.pl\/wp-content\/uploads\/2023\/10\/387208328_905419694507141_5250126422662577265_n-1-300x225.jpeg 300w, https:\/\/online.tvk-gaj.pl\/wp-content\/uploads\/2023\/10\/387208328_905419694507141_5250126422662577265_n-1-768x576.jpeg 768w\" sizes=\"auto, (max-width: 960px) 100vw, 960px\" \/><\/figure>\n\n\n\n<p><\/p>\n\n\n\n<p><\/p>\n\n\n\n<p><\/p>\n\n\n\n<figure class=\"wp-block-image size-large\"><img loading=\"lazy\" decoding=\"async\" width=\"576\" height=\"1024\" src=\"http:\/\/www.tvk-gaj.pl\/~gajonline\/wp-content\/uploads\/2023\/10\/385054399_905421317840312_5537266787005591930_n-576x1024.jpeg\" alt=\"\" class=\"wp-image-14495\" srcset=\"https:\/\/online.tvk-gaj.pl\/wp-content\/uploads\/2023\/10\/385054399_905421317840312_5537266787005591930_n-576x1024.jpeg 576w, https:\/\/online.tvk-gaj.pl\/wp-content\/uploads\/2023\/10\/385054399_905421317840312_5537266787005591930_n-169x300.jpeg 169w, https:\/\/online.tvk-gaj.pl\/wp-content\/uploads\/2023\/10\/385054399_905421317840312_5537266787005591930_n-768x1365.jpeg 768w, https:\/\/online.tvk-gaj.pl\/wp-content\/uploads\/2023\/10\/385054399_905421317840312_5537266787005591930_n.jpeg 844w\" sizes=\"auto, (max-width: 576px) 100vw, 576px\" \/><\/figure>\n\n\n\n<p><\/p>\n\n\n\n<p><\/p>\n\n\n\n<figure class=\"wp-block-image size-large\"><img loading=\"lazy\" decoding=\"async\" width=\"576\" height=\"1024\" src=\"http:\/\/www.tvk-gaj.pl\/~gajonline\/wp-content\/uploads\/2023\/10\/385840545_905421304506980_3960889118214463130_n-576x1024.jpeg\" alt=\"\" class=\"wp-image-14496\" srcset=\"https:\/\/online.tvk-gaj.pl\/wp-content\/uploads\/2023\/10\/385840545_905421304506980_3960889118214463130_n-576x1024.jpeg 576w, https:\/\/online.tvk-gaj.pl\/wp-content\/uploads\/2023\/10\/385840545_905421304506980_3960889118214463130_n-169x300.jpeg 169w, https:\/\/online.tvk-gaj.pl\/wp-content\/uploads\/2023\/10\/385840545_905421304506980_3960889118214463130_n-768x1365.jpeg 768w, https:\/\/online.tvk-gaj.pl\/wp-content\/uploads\/2023\/10\/385840545_905421304506980_3960889118214463130_n.jpeg 844w\" sizes=\"auto, (max-width: 576px) 100vw, 576px\" \/><\/figure>\n\n\n\n<p><\/p>\n\n\n\n<p><\/p>\n\n\n\n<figure class=\"wp-block-image size-large\"><img loading=\"lazy\" decoding=\"async\" width=\"576\" height=\"1024\" src=\"http:\/\/www.tvk-gaj.pl\/~gajonline\/wp-content\/uploads\/2023\/10\/385075440_905421297840314_8448496323417797677_n-576x1024.jpeg\" alt=\"\" class=\"wp-image-14497\" srcset=\"https:\/\/online.tvk-gaj.pl\/wp-content\/uploads\/2023\/10\/385075440_905421297840314_8448496323417797677_n-576x1024.jpeg 576w, https:\/\/online.tvk-gaj.pl\/wp-content\/uploads\/2023\/10\/385075440_905421297840314_8448496323417797677_n-169x300.jpeg 169w, https:\/\/online.tvk-gaj.pl\/wp-content\/uploads\/2023\/10\/385075440_905421297840314_8448496323417797677_n-768x1365.jpeg 768w, https:\/\/online.tvk-gaj.pl\/wp-content\/uploads\/2023\/10\/385075440_905421297840314_8448496323417797677_n.jpeg 844w\" sizes=\"auto, (max-width: 576px) 100vw, 576px\" \/><\/figure>\n\n\n\n<p><\/p>\n\n\n\n<p><\/p>\n\n\n\n<p><\/p>\n\n\n\n<p><strong>Za zdj\u0119cia wystawy dzi\u0119kujemy Pani Marcie Wierzbickiej-Zag\u00f3rnej.<\/strong><\/p>\n\n\n\n<p><\/p>\n\n\n\n<p><\/p>\n\n\n\n<p><\/p>\n","protected":false},"excerpt":{"rendered":"<p>Na pa\u017adziernikowe wolne chwile polecamy spacer po klimatycznym i nastrojowym Parku Skowronim!<\/p>\n","protected":false},"author":3,"featured_media":14492,"comment_status":"open","ping_status":"open","sticky":false,"template":"","format":"standard","meta":{"footnotes":""},"categories":[14,12],"tags":[1691,442],"class_list":["post-14491","post","type-post","status-publish","format-standard","has-post-thumbnail","hentry","category-aktualnosci","category-artykuly","tag-jesien-na-gaju","tag-park-skowroni"],"_links":{"self":[{"href":"https:\/\/online.tvk-gaj.pl\/index.php?rest_route=\/wp\/v2\/posts\/14491","targetHints":{"allow":["GET"]}}],"collection":[{"href":"https:\/\/online.tvk-gaj.pl\/index.php?rest_route=\/wp\/v2\/posts"}],"about":[{"href":"https:\/\/online.tvk-gaj.pl\/index.php?rest_route=\/wp\/v2\/types\/post"}],"author":[{"embeddable":true,"href":"https:\/\/online.tvk-gaj.pl\/index.php?rest_route=\/wp\/v2\/users\/3"}],"replies":[{"embeddable":true,"href":"https:\/\/online.tvk-gaj.pl\/index.php?rest_route=%2Fwp%2Fv2%2Fcomments&post=14491"}],"version-history":[{"count":1,"href":"https:\/\/online.tvk-gaj.pl\/index.php?rest_route=\/wp\/v2\/posts\/14491\/revisions"}],"predecessor-version":[{"id":14498,"href":"https:\/\/online.tvk-gaj.pl\/index.php?rest_route=\/wp\/v2\/posts\/14491\/revisions\/14498"}],"wp:featuredmedia":[{"embeddable":true,"href":"https:\/\/online.tvk-gaj.pl\/index.php?rest_route=\/wp\/v2\/media\/14492"}],"wp:attachment":[{"href":"https:\/\/online.tvk-gaj.pl\/index.php?rest_route=%2Fwp%2Fv2%2Fmedia&parent=14491"}],"wp:term":[{"taxonomy":"category","embeddable":true,"href":"https:\/\/online.tvk-gaj.pl\/index.php?rest_route=%2Fwp%2Fv2%2Fcategories&post=14491"},{"taxonomy":"post_tag","embeddable":true,"href":"https:\/\/online.tvk-gaj.pl\/index.php?rest_route=%2Fwp%2Fv2%2Ftags&post=14491"}],"curies":[{"name":"wp","href":"https:\/\/api.w.org\/{rel}","templated":true}]}}