{"id":14511,"date":"2023-10-29T22:18:19","date_gmt":"2023-10-29T21:18:19","guid":{"rendered":"http:\/\/www.tvk-gaj.pl\/~gajonline\/?p=14511"},"modified":"2023-10-29T22:20:39","modified_gmt":"2023-10-29T21:20:39","slug":"swieto-wszystkich-swietych-na-gaju","status":"publish","type":"post","link":"https:\/\/online.tvk-gaj.pl\/?p=14511","title":{"rendered":"\u015awi\u0119to Wszystkich \u015awi\u0119tych na Gaju"},"content":{"rendered":"\n<p>Przedstawiamy szczeg\u00f3\u0142y zmian w organizacji ruchu i komunikacji miejskiej zwi\u0105zanych z obchodami \u015awi\u0119ta Zmar\u0142ych. Prezentujemy informacje istotne dla mieszka\u0144c\u00f3w Gaju oraz os\u00f3b odwiedzaj\u0105cych cmentarze przy ul. Bardzkiej i Dzia\u0142kowej.<\/p>\n\n\n\n<!--more-->\n\n\n\n<p><\/p>\n\n\n\n<p>Na terenie osiedla znajduj\u0105 si\u0119 dwa cmentarze parafialne \u2013 \u015aw. Ducha na ul. Bardziej oraz \u015aw. Maurycego na ul. Dzia\u0142kowej (pod kt\u00f3ry podlega te\u017c Parafia \u015aw. Franciszka z Asy\u017cu z ul Borowskiej).<\/p>\n\n\n\n<p><\/p>\n\n\n\n<p><\/p>\n\n\n\n<p><strong>Zmiany w komunikacji miejskiej <\/strong><\/p>\n\n\n\n<p><\/p>\n\n\n\n<figure class=\"wp-block-embed is-type-video is-provider-youtube wp-block-embed-youtube wp-embed-aspect-16-9 wp-has-aspect-ratio\"><div class=\"wp-block-embed__wrapper\">\n<iframe loading=\"lazy\" title=\"Jak dojecha\u0107 do cmentarzy 1 listopada? Wa\u017cne zmiany na Wszystkich \u015awi\u0119tych! | Wroc\u0142aw TV\" width=\"838\" height=\"471\" src=\"https:\/\/www.youtube.com\/embed\/yuLVGlSWRcY?start=63&#038;feature=oembed\" frameborder=\"0\" allow=\"accelerometer; autoplay; clipboard-write; encrypted-media; gyroscope; picture-in-picture; web-share\" referrerpolicy=\"strict-origin-when-cross-origin\" allowfullscreen><\/iframe>\n<\/div><\/figure>\n\n\n\n<p><\/p>\n\n\n\n<p><\/p>\n\n\n\n<p><\/p>\n\n\n\n<h2 class=\"wp-block-heading\"><strong>Cmentarz Parafialny Ducha \u015awi\u0119tego przy ul. Bardzkiej<\/strong><\/h2>\n\n\n\n<p><\/p>\n\n\n\n<p><\/p>\n\n\n\n<p><\/p>\n\n\n<div class=\"wp-block-image\">\n<figure class=\"aligncenter size-large\"><img loading=\"lazy\" decoding=\"async\" width=\"1024\" height=\"748\" src=\"http:\/\/www.tvk-gaj.pl\/~gajonline\/wp-content\/uploads\/2022\/10\/16-1024x748.jpg\" alt=\"\" class=\"wp-image-14012\" srcset=\"https:\/\/online.tvk-gaj.pl\/wp-content\/uploads\/2022\/10\/16-1024x748.jpg 1024w, https:\/\/online.tvk-gaj.pl\/wp-content\/uploads\/2022\/10\/16-300x219.jpg 300w, https:\/\/online.tvk-gaj.pl\/wp-content\/uploads\/2022\/10\/16-768x561.jpg 768w, https:\/\/online.tvk-gaj.pl\/wp-content\/uploads\/2022\/10\/16-1536x1122.jpg 1536w, https:\/\/online.tvk-gaj.pl\/wp-content\/uploads\/2022\/10\/16.jpg 1987w\" sizes=\"auto, (max-width: 1024px) 100vw, 1024px\" \/><figcaption class=\"wp-element-caption\"><em>Autor zdj\u0119cia: nieznany<\/em><\/figcaption><\/figure>\n<\/div>\n\n\n<p><\/p>\n\n\n\n<p><\/p>\n\n\n\n<p><\/p>\n\n\n\n<p><em>Nekropolia nale\u017c\u0105ca obecnie do Parafii Ducha \u015awi\u0119tego z ul. Bardzkiej powsta\u0142 w 1918 roku jako Cmentarz \u015bw. Henryka. Cmentarz zajmuje powierzchni\u0119 ponad 8ha. Nekropolia posiada unikatow\u0105 architektur\u0119 zaprojektowan\u0105 przez wroc\u0142awskiego architekta Theo Effenberger &#8211; znajduj\u0105 si\u0119 tutaj m.in. pomniki wojenne. Na cmentarzu swoje groby ma wielu znanych wroc\u0142awian &#8211; m.in.&nbsp;prof. Stanis\u0142aw To\u0142pa &#8211; botanik, Aleksandra Natalli-\u015awiat &#8211; pos\u0142anka na sejm RP, prof. Karol Jo\u0144ca \u2013 prawnik i historyk, ks. Piotr Nitecki \u2013 profesor Papieskiego Wydzia\u0142u Teologicznego we Wroc\u0142awiu.&nbsp;<\/em><\/p>\n\n\n\n<p><\/p>\n\n\n\n<p>W obr\u0119bie tej nekropolii zmiany w organizacji ruchu zostan\u0105 wprowadzone wy\u0142\u0105cznie 1 listopada.&nbsp;<\/p>\n\n\n\n<p><\/p>\n\n\n\n<p><\/p>\n\n\n\n<figure class=\"wp-block-image size-full\"><img loading=\"lazy\" decoding=\"async\" width=\"1103\" height=\"776\" src=\"http:\/\/www.tvk-gaj.pl\/~gajonline\/wp-content\/uploads\/2023\/10\/dojazd-samochodem-do-cmentarza-przy-ul-bardzkiej.webp\" alt=\"\" class=\"wp-image-14512\"\/><\/figure>\n\n\n\n<p><\/p>\n\n\n\n<p><\/p>\n\n\n\n<h3 class=\"wp-block-heading\">Parking dla samochod\u00f3w przy cmentarzu \u015aw. Ducha<\/h3>\n\n\n\n<ul class=\"wp-block-list\">\n<li>Dla potrzeb komunikacji indywidualnej w rejonie cmentarza zorganizowany zostanie parking p\u0142atny na terenie przy ulicy Buforowej 2.<\/li>\n<\/ul>\n\n\n\n<h3 class=\"wp-block-heading\"><strong>1 listopada 2023 cmentarz ul. Bardzka<\/strong><\/h3>\n\n\n\n<ul class=\"wp-block-list\">\n<li><strong>Na ulicy Morwowej zostanie wprowadzony w dniu 1 listopada 2023 r. jeden kierunek ruchu<\/strong>\u00a0od ulicy Bardzkiej do ulicy Zi\u0119bickiej. Cz\u0119\u015b\u0107 jezdni ulicy Morwowej przeznaczona zostanie do parkowania pojazd\u00f3w<\/li>\n<\/ul>\n\n\n\n<p><\/p>\n\n\n\n<p><strong>KOMUNIKACJA MIEJSKA<\/strong><\/p>\n\n\n\n<p><br>Na cmentarz dojecha\u0107 mo\u017cna autobusami linii 125, 133, 134, 136, 145, 146 oraz specjalnymi liniami tramwajowymi i autobusowymi: A (wszystkie kursy zostan\u0105 przed\u0142u\u017cone w obu kierunkach od ulicy \u015awieradowskiej przez przystanek Bardzka (Cmentarz) do przystanku Buforowa (Rondo) \u2013 ronda przy skrzy\u017cowaniu ulicy Buforowej i Terenowej.),  334 (Buforowa&nbsp;\u2013 Rac\u0142awicka) oraz E8 (Gaj\/Tarnogaj-Osobowice).<\/p>\n\n\n\n<p><\/p>\n\n\n\n<p><\/p>\n\n\n\n<p><\/p>\n\n\n\n<p><\/p>\n\n\n\n<h2 class=\"wp-block-heading\"><strong>Cmentarz na Skowroniej G\u00f3rze przy ul. Dzia\u0142kowej<\/strong><\/h2>\n\n\n\n<p><\/p>\n\n\n\n<p><\/p>\n\n\n\n<figure class=\"wp-block-image\"><img loading=\"lazy\" decoding=\"async\" width=\"1024\" height=\"768\" src=\"http:\/\/www.tvk-gaj.pl\/~gajonline\/wp-content\/uploads\/2015\/10\/14-1024x768.jpg\" alt=\"OLYMPUS DIGITAL CAMERA\" class=\"wp-image-5150\" srcset=\"https:\/\/online.tvk-gaj.pl\/wp-content\/uploads\/2015\/10\/14-1024x768.jpg 1024w, https:\/\/online.tvk-gaj.pl\/wp-content\/uploads\/2015\/10\/14-300x225.jpg 300w, https:\/\/online.tvk-gaj.pl\/wp-content\/uploads\/2015\/10\/14.jpg 2048w\" sizes=\"auto, (max-width: 1024px) 100vw, 1024px\" \/><figcaption class=\"wp-element-caption\"><em>Autor zdj\u0119cia: nieznany<\/em><\/figcaption><\/figure>\n\n\n\n<p><\/p>\n\n\n\n<p><em>Cmentarz nazywany potocznie &#8222;Cmentarzem na Skowroniej G\u00f3rze&#8221;&nbsp; znajduje si\u0119 pod zarz\u0105dem parafii rzymskokatolickiej pw. \u015bw. Maurycego we Wroc\u0142awiu. Jest jednak u\u017cytkowany przez Parafi\u0119 \u015awi\u0119tego Franciszka z ul. Borowskiej. Od 1945r. cmentarz wykorzystywany by\u0142 jako miejsce poch\u00f3wku \u017co\u0142nierzy radzieckich. Obecnie cz\u0119\u015b\u0107 nekropolii ma charakter muzeum.&nbsp; Od 1994r. zachodnia cz\u0119\u015b\u0107 cmentarz nadal pe\u0142ni funkcj\u0119 cmentarza parafialnego ko\u015bcio\u0142a \u015bw. Maurycego.<\/em><\/p>\n\n\n\n<p><\/p>\n\n\n\n<p><strong><strong>Wa\u017cne informacje:<\/strong><\/strong><\/p>\n\n\n\n<p><br>Przy cmentarzu od 21 pa\u017adziernika wprowadzono zakaz zatrzymywania si\u0119 pojazd\u00f3w.<\/p>\n\n\n\n<p>Nie b\u0119dzie natomiast zamian w organizacji ruchu dla cmentarza \u201eSkowronia G\u00f3ra\u201d przy ul. Dzia\u0142kowej.<\/p>\n\n\n\n<p><\/p>\n\n\n<div class=\"wp-block-image\">\n<figure class=\"aligncenter\"><a href=\"http:\/\/www.tvk-gaj.pl\/~gajonline\/wp-content\/uploads\/2013\/10\/2013-10-31-13.25.46.jpg\"><img loading=\"lazy\" decoding=\"async\" width=\"1024\" height=\"576\" src=\"http:\/\/www.tvk-gaj.pl\/~gajonline\/wp-content\/uploads\/2013\/10\/2013-10-31-13.25.46-1024x576.jpg\" alt=\"2013-10-31 13.25.46\" class=\"wp-image-1724\" srcset=\"https:\/\/online.tvk-gaj.pl\/wp-content\/uploads\/2013\/10\/2013-10-31-13.25.46-1024x576.jpg 1024w, https:\/\/online.tvk-gaj.pl\/wp-content\/uploads\/2013\/10\/2013-10-31-13.25.46-300x168.jpg 300w, https:\/\/online.tvk-gaj.pl\/wp-content\/uploads\/2013\/10\/2013-10-31-13.25.46.jpg 1536w\" sizes=\"auto, (max-width: 1024px) 100vw, 1024px\" \/><\/a><\/figure>\n<\/div>\n\n\n<p><\/p>\n\n\n\n<p><\/p>\n\n\n\n<p><strong>KOMUNIKACJA MIEJSKA<\/strong><br>Do cmentarza mo\u017cna dojecha\u0107 autobusami linii 136, 145, 146, K, 112, 113, 612 oraz tramwajami linii 31, 32.<\/p>\n\n\n\n<p><\/p>\n\n\n\n<p><\/p>\n\n\n\n<p><\/p>\n\n\n\n<h2 class=\"wp-block-heading\"><strong>Zmiany w komunikacji miejskiej <\/strong><\/h2>\n\n\n\n<p><\/p>\n\n\n\n<p><\/p>\n\n\n\n<figure class=\"wp-block-image size-full\"><img loading=\"lazy\" decoding=\"async\" width=\"1900\" height=\"1344\" src=\"http:\/\/www.tvk-gaj.pl\/~gajonline\/wp-content\/uploads\/2023\/10\/1-listopada-2023-tramwaje.webp\" alt=\"\" class=\"wp-image-14515\"\/><\/figure>\n\n\n\n<p><\/p>\n\n\n\n<p><\/p>\n\n\n\n<p><\/p>\n\n\n\n<figure class=\"wp-block-image size-full\"><img loading=\"lazy\" decoding=\"async\" width=\"1900\" height=\"1344\" src=\"http:\/\/www.tvk-gaj.pl\/~gajonline\/wp-content\/uploads\/2023\/10\/1-listopada-2023-autobusy.webp\" alt=\"\" class=\"wp-image-14516\"\/><\/figure>\n\n\n\n<p><\/p>\n\n\n\n<p><\/p>\n\n\n\n<p><\/p>\n\n\n\n<p>Wszystkie informacje na temat funkcjonowania miasta w okresie \u015awi\u0119ta Wszystkich \u015awi\u0119tych znajdziecie na stronie UM Wroc\u0142awia pod <a href=\"https:\/\/www.wroclaw.pl\/dla-mieszkanca\/autobusy-tramwaje-wszystkich-swietych-wroclaw\" target=\"_blank\" rel=\"noreferrer noopener\">tym linkiem<\/a>. <\/p>\n\n\n\n<p><\/p>\n\n\n\n<p><\/p>\n\n\n\n<p><\/p>\n","protected":false},"excerpt":{"rendered":"<p>Przedstawiamy szczeg\u00f3\u0142y zmian w organizacji ruchu i komunikacji miejskiej zwi\u0105zanych z obchodami \u015awi\u0119ta Zmar\u0142ych. Prezentujemy informacje istotne dla mieszka\u0144c\u00f3w Gaju oraz os\u00f3b odwiedzaj\u0105cych cmentarze przy ul. Bardzkiej i Dzia\u0142kowej.<\/p>\n","protected":false},"author":3,"featured_media":12484,"comment_status":"open","ping_status":"open","sticky":false,"template":"","format":"standard","meta":{"footnotes":""},"categories":[14,12],"tags":[112,156,121],"class_list":["post-14511","post","type-post","status-publish","format-standard","has-post-thumbnail","hentry","category-aktualnosci","category-artykuly","tag-gaj","tag-mpk","tag-wszystkich-swietych"],"_links":{"self":[{"href":"https:\/\/online.tvk-gaj.pl\/index.php?rest_route=\/wp\/v2\/posts\/14511","targetHints":{"allow":["GET"]}}],"collection":[{"href":"https:\/\/online.tvk-gaj.pl\/index.php?rest_route=\/wp\/v2\/posts"}],"about":[{"href":"https:\/\/online.tvk-gaj.pl\/index.php?rest_route=\/wp\/v2\/types\/post"}],"author":[{"embeddable":true,"href":"https:\/\/online.tvk-gaj.pl\/index.php?rest_route=\/wp\/v2\/users\/3"}],"replies":[{"embeddable":true,"href":"https:\/\/online.tvk-gaj.pl\/index.php?rest_route=%2Fwp%2Fv2%2Fcomments&post=14511"}],"version-history":[{"count":2,"href":"https:\/\/online.tvk-gaj.pl\/index.php?rest_route=\/wp\/v2\/posts\/14511\/revisions"}],"predecessor-version":[{"id":14517,"href":"https:\/\/online.tvk-gaj.pl\/index.php?rest_route=\/wp\/v2\/posts\/14511\/revisions\/14517"}],"wp:featuredmedia":[{"embeddable":true,"href":"https:\/\/online.tvk-gaj.pl\/index.php?rest_route=\/wp\/v2\/media\/12484"}],"wp:attachment":[{"href":"https:\/\/online.tvk-gaj.pl\/index.php?rest_route=%2Fwp%2Fv2%2Fmedia&parent=14511"}],"wp:term":[{"taxonomy":"category","embeddable":true,"href":"https:\/\/online.tvk-gaj.pl\/index.php?rest_route=%2Fwp%2Fv2%2Fcategories&post=14511"},{"taxonomy":"post_tag","embeddable":true,"href":"https:\/\/online.tvk-gaj.pl\/index.php?rest_route=%2Fwp%2Fv2%2Ftags&post=14511"}],"curies":[{"name":"wp","href":"https:\/\/api.w.org\/{rel}","templated":true}]}}