{"id":14519,"date":"2023-11-15T22:00:43","date_gmt":"2023-11-15T21:00:43","guid":{"rendered":"http:\/\/www.tvk-gaj.pl\/~gajonline\/?p=14519"},"modified":"2023-11-16T22:32:37","modified_gmt":"2023-11-16T21:32:37","slug":"nowy-parking-na-ulicy-krynickiej","status":"publish","type":"post","link":"https:\/\/online.tvk-gaj.pl\/?p=14519","title":{"rendered":"Nowy parking na ulicy Krynickiej!"},"content":{"rendered":"\n<p>Budowa parkingu przy ul. Krynickiej 34-42 zosta\u0142a oficjalnie zako\u0144czona, a sam parking przekazany do u\u017cytkowania mieszka\u0144com Gaju. <\/p>\n\n\n\n<!--more-->\n\n\n\n<p><\/p>\n\n\n\n<p><\/p>\n\n\n\n<figure class=\"wp-block-image size-large\"><img loading=\"lazy\" decoding=\"async\" width=\"1024\" height=\"683\" src=\"http:\/\/www.tvk-gaj.pl\/~gajonline\/wp-content\/uploads\/2023\/11\/IMG_0873-1-1024x683.jpg\" alt=\"\" class=\"wp-image-14521\" srcset=\"https:\/\/online.tvk-gaj.pl\/wp-content\/uploads\/2023\/11\/IMG_0873-1-1024x683.jpg 1024w, https:\/\/online.tvk-gaj.pl\/wp-content\/uploads\/2023\/11\/IMG_0873-1-300x200.jpg 300w, https:\/\/online.tvk-gaj.pl\/wp-content\/uploads\/2023\/11\/IMG_0873-1-768x512.jpg 768w, https:\/\/online.tvk-gaj.pl\/wp-content\/uploads\/2023\/11\/IMG_0873-1-1536x1025.jpg 1536w, https:\/\/online.tvk-gaj.pl\/wp-content\/uploads\/2023\/11\/IMG_0873-1-321x214.jpg 321w, https:\/\/online.tvk-gaj.pl\/wp-content\/uploads\/2023\/11\/IMG_0873-1-140x94.jpg 140w, https:\/\/online.tvk-gaj.pl\/wp-content\/uploads\/2023\/11\/IMG_0873-1.jpg 2048w\" sizes=\"auto, (max-width: 1024px) 100vw, 1024px\" \/><\/figure>\n\n\n\n<p><\/p>\n\n\n\n<p><\/p>\n\n\n\n<p>W \u015brod\u0119, 15 listopada, mia\u0142o miejsce oficjalne otwarcie parkingu przy ul. Krynickiej 34-42, podczas kt\u00f3rego przedstawiciele Rady Osiedla Gaj oraz w\u0142adz miasta, w tym Prezydenta Wroc\u0142awia, Pana Jacka Sutryka, symbolicznie przekazali parking mieszka\u0144com Gaju.<\/p>\n\n\n\n<p><\/p>\n\n\n\n<p><\/p>\n\n\n\n<figure class=\"wp-block-image size-large\"><img loading=\"lazy\" decoding=\"async\" width=\"1024\" height=\"771\" src=\"http:\/\/www.tvk-gaj.pl\/~gajonline\/wp-content\/uploads\/2023\/11\/image000000-1024x771.jpg\" alt=\"\" class=\"wp-image-14522\" srcset=\"https:\/\/online.tvk-gaj.pl\/wp-content\/uploads\/2023\/11\/image000000-1024x771.jpg 1024w, https:\/\/online.tvk-gaj.pl\/wp-content\/uploads\/2023\/11\/image000000-300x226.jpg 300w, https:\/\/online.tvk-gaj.pl\/wp-content\/uploads\/2023\/11\/image000000-768x578.jpg 768w, https:\/\/online.tvk-gaj.pl\/wp-content\/uploads\/2023\/11\/image000000-1536x1157.jpg 1536w, https:\/\/online.tvk-gaj.pl\/wp-content\/uploads\/2023\/11\/image000000.jpg 1599w\" sizes=\"auto, (max-width: 1024px) 100vw, 1024px\" \/><\/figure>\n\n\n\n<p><\/p>\n\n\n\n<p><\/p>\n\n\n\n<p>Nowoczesny parking zast\u0105pi\u0142 nieutwardzony i b\u0142otnisty teren pomi\u0119dzy blokami na ulicy Krynickiej, gdzie dotychczas mieszka\u0144cy parkowali swoje samochody. <\/p>\n\n\n\n<p><\/p>\n\n\n\n<p><\/p>\n\n\n\n<p><\/p>\n\n\n\n<figure class=\"wp-block-image size-large\"><img loading=\"lazy\" decoding=\"async\" width=\"1024\" height=\"696\" src=\"http:\/\/www.tvk-gaj.pl\/~gajonline\/wp-content\/uploads\/2023\/11\/IMG_0871-1024x696.jpg\" alt=\"\" class=\"wp-image-14523\" srcset=\"https:\/\/online.tvk-gaj.pl\/wp-content\/uploads\/2023\/11\/IMG_0871-1024x696.jpg 1024w, https:\/\/online.tvk-gaj.pl\/wp-content\/uploads\/2023\/11\/IMG_0871-300x204.jpg 300w, https:\/\/online.tvk-gaj.pl\/wp-content\/uploads\/2023\/11\/IMG_0871-768x522.jpg 768w, https:\/\/online.tvk-gaj.pl\/wp-content\/uploads\/2023\/11\/IMG_0871-1536x1044.jpg 1536w, https:\/\/online.tvk-gaj.pl\/wp-content\/uploads\/2023\/11\/IMG_0871-140x94.jpg 140w, https:\/\/online.tvk-gaj.pl\/wp-content\/uploads\/2023\/11\/IMG_0871.jpg 2048w\" sizes=\"auto, (max-width: 1024px) 100vw, 1024px\" \/><\/figure>\n\n\n\n<p><\/p>\n\n\n\n<p><\/p>\n\n\n\n<p><\/p>\n\n\n\n<blockquote class=\"wp-block-quote is-layout-flow wp-block-quote-is-layout-flow\">\n<p>Sama budowa parkingu obejmowa\u0142a nie tylko utwardzenie terenu i wyznaczenie miejsc postojowych, ale kompleksowe zrewitalizowanie tego terenu, na kt\u00f3re sk\u0142ada\u0142y si\u0119 nast\u0119puj\u0105ce prace:<\/p>\n<cite>&#8211; wykonanie nawierzchni parkingu, <br>&#8211; budowa zjazdu na parking, nowego chodnika oraz dr\u00f3g manewrowych,<br>&#8211; wyznaczenie 40 miejsc postojowych, w tym trzech kopert dla os\u00f3b z niepe\u0142nosprawno\u015bciami,<br>&#8211; budowa odwodnienia (kanalizacja deszczowa, muldy ch\u0142onne),<br>&#8211; budowa o\u015bwietlenia w postaci okablowania i trzech latarni,<br>&#8211; zabezpieczenie istniej\u0105cych sieci telekomunikacyjnych oraz sieci ciep\u0142owniczej,<br>&#8211; zagospodarowanie teren\u00f3w zielonych (w tym zasadzenie o\u015bmiu drzew)<\/cite><\/blockquote>\n\n\n\n<p><\/p>\n\n\n\n<p><\/p>\n\n\n\n<p><\/p>\n\n\n\n<figure class=\"wp-block-image size-large\"><img loading=\"lazy\" decoding=\"async\" width=\"1024\" height=\"684\" src=\"http:\/\/www.tvk-gaj.pl\/~gajonline\/wp-content\/uploads\/2023\/11\/krynicka-tarnogaj-parking-prez-Sutryk-th-31-1024x684.jpg\" alt=\"\" class=\"wp-image-14526\" srcset=\"https:\/\/online.tvk-gaj.pl\/wp-content\/uploads\/2023\/11\/krynicka-tarnogaj-parking-prez-Sutryk-th-31-1024x684.jpg 1024w, https:\/\/online.tvk-gaj.pl\/wp-content\/uploads\/2023\/11\/krynicka-tarnogaj-parking-prez-Sutryk-th-31-300x200.jpg 300w, https:\/\/online.tvk-gaj.pl\/wp-content\/uploads\/2023\/11\/krynicka-tarnogaj-parking-prez-Sutryk-th-31-768x513.jpg 768w, https:\/\/online.tvk-gaj.pl\/wp-content\/uploads\/2023\/11\/krynicka-tarnogaj-parking-prez-Sutryk-th-31-1536x1025.jpg 1536w, https:\/\/online.tvk-gaj.pl\/wp-content\/uploads\/2023\/11\/krynicka-tarnogaj-parking-prez-Sutryk-th-31-2048x1367.jpg 2048w, https:\/\/online.tvk-gaj.pl\/wp-content\/uploads\/2023\/11\/krynicka-tarnogaj-parking-prez-Sutryk-th-31-321x214.jpg 321w, https:\/\/online.tvk-gaj.pl\/wp-content\/uploads\/2023\/11\/krynicka-tarnogaj-parking-prez-Sutryk-th-31-140x94.jpg 140w\" sizes=\"auto, (max-width: 1024px) 100vw, 1024px\" \/><\/figure>\n\n\n\n<p><\/p>\n\n\n\n<p><\/p>\n\n\n\n<p><\/p>\n\n\n\n<p>Nowy parking to 40 wydzielonych miejsc postojowych, w tym 3 przystosowane na potrzeby os\u00f3b z niepe\u0142nosprawno\u015bciami (tzw. koperty). Co istotne, nawierzchnia u\u0142o\u017cona zosta\u0142a z p\u0142yt a\u017curowych, kt\u00f3re przepuszczaj\u0105 wod\u0119. Inwestycja obejmowa\u0142a r\u00f3wnie\u017c zagospodarowanie zielni, w tym nowe nasadzenia.  <\/p>\n\n\n\n<p><\/p>\n\n\n\n<p><\/p>\n\n\n\n<p><\/p>\n\n\n\n<figure class=\"wp-block-image size-large\"><img loading=\"lazy\" decoding=\"async\" width=\"1024\" height=\"688\" src=\"http:\/\/www.tvk-gaj.pl\/~gajonline\/wp-content\/uploads\/2023\/11\/batch_krynicka-tarnogaj-parking-prez-Sutryk-th-41-1024x688.jpg\" alt=\"\" class=\"wp-image-14555\" srcset=\"https:\/\/online.tvk-gaj.pl\/wp-content\/uploads\/2023\/11\/batch_krynicka-tarnogaj-parking-prez-Sutryk-th-41-1024x688.jpg 1024w, https:\/\/online.tvk-gaj.pl\/wp-content\/uploads\/2023\/11\/batch_krynicka-tarnogaj-parking-prez-Sutryk-th-41-300x202.jpg 300w, https:\/\/online.tvk-gaj.pl\/wp-content\/uploads\/2023\/11\/batch_krynicka-tarnogaj-parking-prez-Sutryk-th-41-768x516.jpg 768w, https:\/\/online.tvk-gaj.pl\/wp-content\/uploads\/2023\/11\/batch_krynicka-tarnogaj-parking-prez-Sutryk-th-41-1536x1032.jpg 1536w, https:\/\/online.tvk-gaj.pl\/wp-content\/uploads\/2023\/11\/batch_krynicka-tarnogaj-parking-prez-Sutryk-th-41-2048x1376.jpg 2048w, https:\/\/online.tvk-gaj.pl\/wp-content\/uploads\/2023\/11\/batch_krynicka-tarnogaj-parking-prez-Sutryk-th-41-140x94.jpg 140w\" sizes=\"auto, (max-width: 1024px) 100vw, 1024px\" \/><\/figure>\n\n\n\n<p><\/p>\n\n\n\n<p><\/p>\n\n\n\n<p><\/p>\n\n\n\n<p>Prace o warto\u015bci 1,2 mln z\u0142 zosta\u0142y w ca\u0142o\u015bci sfinansowane w ramach miejskiego programu Funduszu Osiedlowego.<\/p>\n\n\n\n<p><\/p>\n\n\n\n<p><\/p>\n\n\n\n<figure class=\"wp-block-image size-large\"><img loading=\"lazy\" decoding=\"async\" width=\"1024\" height=\"683\" src=\"http:\/\/www.tvk-gaj.pl\/~gajonline\/wp-content\/uploads\/2023\/11\/krynicka-tarnogaj-parking-prez-Sutryk-th-15-1024x683.jpg\" alt=\"\" class=\"wp-image-14525\" srcset=\"https:\/\/online.tvk-gaj.pl\/wp-content\/uploads\/2023\/11\/krynicka-tarnogaj-parking-prez-Sutryk-th-15-1024x683.jpg 1024w, https:\/\/online.tvk-gaj.pl\/wp-content\/uploads\/2023\/11\/krynicka-tarnogaj-parking-prez-Sutryk-th-15-300x200.jpg 300w, https:\/\/online.tvk-gaj.pl\/wp-content\/uploads\/2023\/11\/krynicka-tarnogaj-parking-prez-Sutryk-th-15-768x512.jpg 768w, https:\/\/online.tvk-gaj.pl\/wp-content\/uploads\/2023\/11\/krynicka-tarnogaj-parking-prez-Sutryk-th-15-1536x1025.jpg 1536w, https:\/\/online.tvk-gaj.pl\/wp-content\/uploads\/2023\/11\/krynicka-tarnogaj-parking-prez-Sutryk-th-15-2048x1366.jpg 2048w, https:\/\/online.tvk-gaj.pl\/wp-content\/uploads\/2023\/11\/krynicka-tarnogaj-parking-prez-Sutryk-th-15-321x214.jpg 321w, https:\/\/online.tvk-gaj.pl\/wp-content\/uploads\/2023\/11\/krynicka-tarnogaj-parking-prez-Sutryk-th-15-140x94.jpg 140w\" sizes=\"auto, (max-width: 1024px) 100vw, 1024px\" \/><\/figure>\n\n\n\n<p><\/p>\n\n\n\n<p><\/p>\n\n\n\n<p>Sam Fundusz Osiedlowy to miejski program umo\u017cliwiaj\u0105cy radom osiedli popraw\u0119 infrastruktury osiedla poprzez kierowanie pieni\u0119dzy na niedu\u017ce inwestycje s\u0142u\u017c\u0105ce mieszka\u0144com, lokalnie podnosz\u0105ce jako\u015b\u0107 ich \u017cycia. Poza\u00a0Wroc\u0142awskim Bud\u017cetem Obywatelskim i programem &#8222;Mikrogrant\u00f3w&#8221;, jest to jeden z kluczowych element\u00f3w partycypacyjnego bud\u017cetu Wroc\u0142awia, pozwalaj\u0105cy mieszka\u0144com decydowa\u0107 o lokalnym wykorzystaniu miejskich \u015brodk\u00f3w.<\/p>\n\n\n\n<p><\/p>\n\n\n\n<p><\/p>\n\n\n\n<p><strong>GALERIA ZDJ\u0118\u0106<\/strong>*<\/p>\n\n\n\n<p><strong> <\/strong><\/p>\n\n\n\n[ngg src=&#8221;galleries&#8221; ids=&#8221;134&#8243; display=&#8221;basic_thumbnail&#8221; thumbnail_crop=&#8221;0&#8243;]\n\n\n\n<p><\/p>\n\n\n\n<p><\/p>\n\n\n\n<p><\/p>\n\n\n\n<p><\/p>\n\n\n\n<p><\/p>\n\n\n\n<p><em>(*) za zdj\u0119cia dzi\u0119kujemy Miastu Wroc\u0142aw<\/em>. <\/p>\n\n\n\n<p><\/p>\n\n\n\n<p><\/p>\n","protected":false},"excerpt":{"rendered":"<p>Budowa parkingu przy ul. Krynickiej 34-42 zosta\u0142a oficjalnie zako\u0144czona, a sam parking przekazany do u\u017cytkowania mieszka\u0144com Gaju.<\/p>\n","protected":false},"author":3,"featured_media":14520,"comment_status":"open","ping_status":"open","sticky":false,"template":"","format":"standard","meta":{"footnotes":""},"categories":[14,12],"tags":[1228,1672,209,1616,157,1756,135],"class_list":["post-14519","post","type-post","status-publish","format-standard","has-post-thumbnail","hentry","category-aktualnosci","category-artykuly","tag-fundusz-osiedlowy","tag-fundusz-osiedlowy-na-gaju","tag-krynicka","tag-nowy-parking-na-krynickiej","tag-parking","tag-parking-krynicka-otwarcie","tag-rada-osiedla-gaj"],"_links":{"self":[{"href":"https:\/\/online.tvk-gaj.pl\/index.php?rest_route=\/wp\/v2\/posts\/14519","targetHints":{"allow":["GET"]}}],"collection":[{"href":"https:\/\/online.tvk-gaj.pl\/index.php?rest_route=\/wp\/v2\/posts"}],"about":[{"href":"https:\/\/online.tvk-gaj.pl\/index.php?rest_route=\/wp\/v2\/types\/post"}],"author":[{"embeddable":true,"href":"https:\/\/online.tvk-gaj.pl\/index.php?rest_route=\/wp\/v2\/users\/3"}],"replies":[{"embeddable":true,"href":"https:\/\/online.tvk-gaj.pl\/index.php?rest_route=%2Fwp%2Fv2%2Fcomments&post=14519"}],"version-history":[{"count":2,"href":"https:\/\/online.tvk-gaj.pl\/index.php?rest_route=\/wp\/v2\/posts\/14519\/revisions"}],"predecessor-version":[{"id":14556,"href":"https:\/\/online.tvk-gaj.pl\/index.php?rest_route=\/wp\/v2\/posts\/14519\/revisions\/14556"}],"wp:featuredmedia":[{"embeddable":true,"href":"https:\/\/online.tvk-gaj.pl\/index.php?rest_route=\/wp\/v2\/media\/14520"}],"wp:attachment":[{"href":"https:\/\/online.tvk-gaj.pl\/index.php?rest_route=%2Fwp%2Fv2%2Fmedia&parent=14519"}],"wp:term":[{"taxonomy":"category","embeddable":true,"href":"https:\/\/online.tvk-gaj.pl\/index.php?rest_route=%2Fwp%2Fv2%2Fcategories&post=14519"},{"taxonomy":"post_tag","embeddable":true,"href":"https:\/\/online.tvk-gaj.pl\/index.php?rest_route=%2Fwp%2Fv2%2Ftags&post=14519"}],"curies":[{"name":"wp","href":"https:\/\/api.w.org\/{rel}","templated":true}]}}