{"id":14591,"date":"2023-11-18T07:59:00","date_gmt":"2023-11-18T06:59:00","guid":{"rendered":"http:\/\/www.tvk-gaj.pl\/~gajonline\/?p=14591"},"modified":"2023-11-17T12:58:58","modified_gmt":"2023-11-17T11:58:58","slug":"obchody-dnia-seniora-na-gaju","status":"publish","type":"post","link":"https:\/\/online.tvk-gaj.pl\/?p=14591","title":{"rendered":"Obchody Dnia Seniora na Gaju"},"content":{"rendered":"\n<p>W czwartek, 16 listopada, na terenie Szko\u0142y Podstawowej Nr 90 przy ul. Orzechowej odby\u0142y si\u0119 uroczyste obchody Dnia Seniora &#8211; zorganizowane przez Rad\u0119 Osiedla Gaj oraz osiedlowy Klub Seniora. Zapraszamy do naszej foto i wideo relacji z wydarzenia.<\/p>\n\n\n\n<!--more-->\n\n\n\n<p><\/p>\n\n\n\n<p><\/p>\n\n\n\n<p>Spotkanie zorganizowane zosta\u0142o w ramach osiedlowych obchod\u00f3w Dnia Seniora.<\/p>\n\n\n\n<p><\/p>\n\n\n\n<figure class=\"wp-block-video\"><video controls src=\"blob:http:\/\/www.tvk-gaj.pl\/0a604edf-b805-4c8f-bc16-668da1f39fe1\"><\/video><\/figure>\n\n\n\n<p><\/p>\n\n\n\n<p><\/p>\n\n\n\n<p><\/p>\n\n\n\n<p>Impreza przeznaczona dla senior\u00f3w z osiedla zorganizowana zosta\u0142a przez Rad\u0119 Osiedla Gaj. <\/p>\n\n\n\n<p><\/p>\n\n\n\n<p><\/p>\n\n\n\n<p><\/p>\n\n\n\n<figure class=\"wp-block-image size-large\"><img loading=\"lazy\" decoding=\"async\" width=\"1024\" height=\"768\" src=\"http:\/\/www.tvk-gaj.pl\/~gajonline\/wp-content\/uploads\/2023\/11\/batch_batch_IMG_0878-1024x768.jpg\" alt=\"\" class=\"wp-image-14593\" srcset=\"https:\/\/online.tvk-gaj.pl\/wp-content\/uploads\/2023\/11\/batch_batch_IMG_0878-1024x768.jpg 1024w, https:\/\/online.tvk-gaj.pl\/wp-content\/uploads\/2023\/11\/batch_batch_IMG_0878-300x225.jpg 300w, https:\/\/online.tvk-gaj.pl\/wp-content\/uploads\/2023\/11\/batch_batch_IMG_0878-768x576.jpg 768w, https:\/\/online.tvk-gaj.pl\/wp-content\/uploads\/2023\/11\/batch_batch_IMG_0878-1536x1152.jpg 1536w, https:\/\/online.tvk-gaj.pl\/wp-content\/uploads\/2023\/11\/batch_batch_IMG_0878-2048x1537.jpg 2048w\" sizes=\"auto, (max-width: 1024px) 100vw, 1024px\" \/><\/figure>\n\n\n\n<p><\/p>\n\n\n\n<p><\/p>\n\n\n\n<p>W budynku Szko\u0142y Podstawowej Nr 90 przy ul. Orzechowej spotkali si\u0119 seniorzy z Gaju, przedstawiciele Zwi\u0105zku Emeryt\u00f3w i Rencist\u00f3w, Zwi\u0105zku \u017bo\u0142nierzy Wojska Polskiego, radni osiedlowi (w tym Przewodnicz\u0105cy Rady Osiedla Gaj &#8211; Pan Adam Wojtaszewski oraz Przewodnicz\u0105cy Zarz\u0105du Osiedla &#8211; Pan Stefan Zydorowicz) oraz zaproszeni go\u015bcie &#8211; m.in.:<\/p>\n\n\n\n<ul class=\"wp-block-list\">\n<li>Dyrektor SP Nr 90, Pani Joanna Sinicka;<\/li>\n\n\n\n<li>Dyrektor Zespo\u0142u Szkolno &#8211; Przedszkolnego Nr 21, Pani Edyta Krajewska; <\/li>\n\n\n\n<li>Dyrektor Przedszkolna Nr 49, Pani Izabella Chmiel;<\/li>\n\n\n\n<li>Z-ca dyrektora WCRS oraz Sekretarz Rady Senior\u00f3w, Pan Robert Pawliszko;<\/li>\n\n\n\n<li>przedstawicielka WCRS i DSS- Pani Hanna Aksamitowska;<\/li>\n\n\n\n<li>Prezes Zarz\u0105du Sp\u00f3\u0142dzielni Mieszkaniowej Wroc\u0142aw-Po\u0142udnie <a href=\"https:\/\/www.facebook.com\/NaszePoludnie?__cft__[0]=AZW1n8ZC8rI_ApkeSXfaZNO-nOjS9xzqGg_rpmT3dUnP7IYrgtBHspJy9AYjkPGB2ZWRhx298Dxulm4xznGE6s57myQ_BkuieG0g8t8QnfMQGYRvG73RANHBcmoBuICtSfODYCePcE5qt1mbhKCaj3yuZo0GdsXfS0rZTchVYSDtCWhnNUFUNpEqpjBnHQIqhhY&amp;__tn__=-]K-R\">Nasze Po\u0142udnie<\/a> Pan Marek Dera;<\/li>\n\n\n\n<li>Radny Rady Miasta Wroc\u0142awia, Pan Miros\u0142aw Lach; <\/li>\n\n\n\n<li>Prezes Centrum Handlowego Gaj, Pan Wojciech Kobierski;<\/li>\n\n\n\n<li>W-ce prezes Centrum Handlowego Gaj, Pan Maksymilian Mycek;<\/li>\n\n\n\n<li>Komendant Stra\u017cy Miejskiej we Wroc\u0142awiu, Pan Piotr Ko\u015bcielny;<\/li>\n\n\n\n<li>Dzielnicowy Komisariatu Policji Wroc\u0142aw-Krzyki, st. sier\u017c. Mateusz Zi\u0119tek;<\/li>\n\n\n\n<li>Ch\u00f3r Mimoza, <\/li>\n\n\n\n<li>Uczniowie SP Nr 90;<\/li>\n\n\n\n<li>oraz cz\u0142onkowie Klubu Seniora na Gaju, w tym Panie Wies\u0142awa Grzywniak<\/li>\n<\/ul>\n\n\n\n<ul class=\"wp-block-list\"><\/ul>\n\n\n\n<p><\/p>\n\n\n\n<p><\/p>\n\n\n\n<figure class=\"wp-block-image size-large\"><img loading=\"lazy\" decoding=\"async\" width=\"1024\" height=\"768\" src=\"http:\/\/www.tvk-gaj.pl\/~gajonline\/wp-content\/uploads\/2023\/11\/batch_batch_IMG_0906-1024x768.jpg\" alt=\"\" class=\"wp-image-14594\" srcset=\"https:\/\/online.tvk-gaj.pl\/wp-content\/uploads\/2023\/11\/batch_batch_IMG_0906-1024x768.jpg 1024w, https:\/\/online.tvk-gaj.pl\/wp-content\/uploads\/2023\/11\/batch_batch_IMG_0906-300x225.jpg 300w, https:\/\/online.tvk-gaj.pl\/wp-content\/uploads\/2023\/11\/batch_batch_IMG_0906-768x576.jpg 768w, https:\/\/online.tvk-gaj.pl\/wp-content\/uploads\/2023\/11\/batch_batch_IMG_0906-1536x1152.jpg 1536w, https:\/\/online.tvk-gaj.pl\/wp-content\/uploads\/2023\/11\/batch_batch_IMG_0906-2048x1537.jpg 2048w\" sizes=\"auto, (max-width: 1024px) 100vw, 1024px\" \/><\/figure>\n\n\n\n<p><\/p>\n\n\n\n<p><\/p>\n\n\n\n<p><\/p>\n\n\n\n<p>Cz\u0119\u015b\u0107 artystyczn\u0105 przygotowali uczniowie szko\u0142y, a tak\u017ce dobrze znany w\u015br\u00f3d wroc\u0142awskich senior\u00f3w Kabaret Mimoza. Cz\u0119\u015b\u0107 oficjalna sk\u0142ada\u0142a si\u0119 z przem\u00f3wie\u0144, w tym Przewodnicz\u0105cego Rady Osiedla Gaj, Pana Adama Wojtaszewskiego oraz zaproszonych go\u015bci. <\/p>\n\n\n\n<p><\/p>\n\n\n\n<p><\/p>\n\n\n\n<figure class=\"wp-block-image size-large\"><img loading=\"lazy\" decoding=\"async\" width=\"1024\" height=\"768\" src=\"http:\/\/www.tvk-gaj.pl\/~gajonline\/wp-content\/uploads\/2023\/11\/batch_batch_IMG_0989-1024x768.jpg\" alt=\"\" class=\"wp-image-14595\" srcset=\"https:\/\/online.tvk-gaj.pl\/wp-content\/uploads\/2023\/11\/batch_batch_IMG_0989-1024x768.jpg 1024w, https:\/\/online.tvk-gaj.pl\/wp-content\/uploads\/2023\/11\/batch_batch_IMG_0989-300x225.jpg 300w, https:\/\/online.tvk-gaj.pl\/wp-content\/uploads\/2023\/11\/batch_batch_IMG_0989-768x576.jpg 768w, https:\/\/online.tvk-gaj.pl\/wp-content\/uploads\/2023\/11\/batch_batch_IMG_0989-1536x1152.jpg 1536w, https:\/\/online.tvk-gaj.pl\/wp-content\/uploads\/2023\/11\/batch_batch_IMG_0989-2048x1537.jpg 2048w\" sizes=\"auto, (max-width: 1024px) 100vw, 1024px\" \/><\/figure>\n\n\n\n<p><\/p>\n\n\n\n<p><\/p>\n\n\n\n<blockquote class=\"wp-block-quote is-layout-flow wp-block-quote-is-layout-flow\">\n<p>\u017byczenia dla senior\u00f3w od Przewodnicz\u0105cego Rady Osiedla Gaj &#8211; Pana Adama Wojtaszewskiego:<\/p>\n<cite><br>Sta\u0142o si\u0119 ju\u017c tradycj\u0105 Rady Osiedla <strong>\u201eGaj\u201d aby w miesi\u0105cu Listopadzie<\/strong> spotyka\u0107 si\u0119\u00a0\u00a0 z Seniorami Osiedla z okazji <strong>Mi\u0119dzynarodowego Dnia Seniora.<\/strong> Pozw\u00f3lcie ze serdecznie powitam <strong>Dyrektora Szko\u0142y Podstawowej Nr 90 im. prof. Stanis\u0142awa To\u0142py, Pani\u0105 mgr Joann\u0119 Sinick\u0105, Dyrektora Zespo\u0142u Szkolno-Przedszkolnego Nr 21 im. 100-lecia Niepodleg\u0142o\u015bci Polski, Pani\u0105 Edyt\u0119 Krajewsk\u0105<\/strong>. Witam <strong>Pani\u0105\u00a0Izabell\u0119 Chmiel, Dyrektora Przedszkola Nr 49 <\/strong>im. 1000-lecia Miasta Wroc\u0142awia. Witam p. <strong>Urszul\u0119 Musia\u0142<\/strong>, <strong>Przewodnicz\u0105c\u0105 Polskiego Zwi\u0105zku Emeryt\u00f3w i Inwalid\u00f3w RP<\/strong>, ko\u0142o nr 8, wraz ze swoimi cz\u0142onkami.  Witam serdecznie p. <strong>Jadwig\u0119 Ha\u0142at-Kornaszewsk\u0105<\/strong>, reprezentuj\u0105c\u0105 <strong>Klub Seniora na Gaju<\/strong>, wraz z cz\u0142onkami. Witam cz\u0142onk\u00f3w Ko\u0142a \u015arodowiskowego Gaj <strong>Zwi\u0105zku \u017bo\u0142nierzy Wojska Polskiego<\/strong>. Witam <strong>Pana \u00a0Stefana Zydorowicza<\/strong> Przewodnicz\u0105cego Zarz\u0105du Osiedla Gaj, witam \u00a0te\u017c Panie radne i Pan\u00f3w radnych Rady Osiedla Gaj. Witam wszystkich obecnych a przede wszystkim Was, kt\u00f3rym to spotkanie jest po\u015bwi\u0119cone.<br><br>W dniu Waszego \u015bwi\u0119ta sk\u0142adam wyrazy g\u0142\u0119bokiego szacunku oraz \u017cyczenia zdrowia, rado\u015bci, szcz\u0119\u015bcia i wszelkiej pomy\u015blno\u015bci na dalsze lata \u017cycia.<br>Niech omijaj\u0105 Pa\u0144stwa troski i smutki dnia codziennego. \u017bycz\u0119 spe\u0142nienia kolejnych marze\u0144 oraz nieustaj\u0105cej mi\u0142o\u015bci p\u0142yn\u0105cej z serc Waszych Najbli\u017cszych, jak r\u00f3wnie\u017c wielkiego, przys\u0142uguj\u0105cego Wam, Szanowni Pa\u0144stwo, szacunku ze strony spo\u0142ecze\u0144stwa. <br>Jeste\u015bcie dla nas wyj\u0105tkowo wa\u017cni i bardzo nam potrzebni. <\/cite><\/blockquote>\n\n\n\n<p><\/p>\n\n\n\n<figure class=\"wp-block-image size-large\"><img loading=\"lazy\" decoding=\"async\" width=\"1024\" height=\"768\" src=\"http:\/\/www.tvk-gaj.pl\/~gajonline\/wp-content\/uploads\/2023\/11\/batch_batch_IMG_0919-1024x768.jpg\" alt=\"\" class=\"wp-image-14598\" srcset=\"https:\/\/online.tvk-gaj.pl\/wp-content\/uploads\/2023\/11\/batch_batch_IMG_0919-1024x768.jpg 1024w, https:\/\/online.tvk-gaj.pl\/wp-content\/uploads\/2023\/11\/batch_batch_IMG_0919-300x225.jpg 300w, https:\/\/online.tvk-gaj.pl\/wp-content\/uploads\/2023\/11\/batch_batch_IMG_0919-768x576.jpg 768w, https:\/\/online.tvk-gaj.pl\/wp-content\/uploads\/2023\/11\/batch_batch_IMG_0919-1536x1152.jpg 1536w, https:\/\/online.tvk-gaj.pl\/wp-content\/uploads\/2023\/11\/batch_batch_IMG_0919-2048x1537.jpg 2048w\" sizes=\"auto, (max-width: 1024px) 100vw, 1024px\" \/><\/figure>\n\n\n\n<p><\/p>\n\n\n\n<p><\/p>\n\n\n\n<p><\/p>\n\n\n\n<p>Ca\u0142o\u015b\u0107 domyka\u0142 pocz\u0119stunek oraz mo\u017cliwo\u015b\u0107 swobodnych rozm\u00f3w mi\u0119dzypokoleniowych przy kawie i cie\u015bcie.<\/p>\n\n\n\n<p><\/p>\n\n\n\n<p><\/p>\n\n\n\n<figure class=\"wp-block-image size-large\"><img loading=\"lazy\" decoding=\"async\" width=\"768\" height=\"1024\" src=\"http:\/\/www.tvk-gaj.pl\/~gajonline\/wp-content\/uploads\/2023\/11\/batch_batch_IMG_0955-768x1024.jpg\" alt=\"\" class=\"wp-image-14596\" srcset=\"https:\/\/online.tvk-gaj.pl\/wp-content\/uploads\/2023\/11\/batch_batch_IMG_0955-768x1024.jpg 768w, https:\/\/online.tvk-gaj.pl\/wp-content\/uploads\/2023\/11\/batch_batch_IMG_0955-225x300.jpg 225w, https:\/\/online.tvk-gaj.pl\/wp-content\/uploads\/2023\/11\/batch_batch_IMG_0955-1152x1536.jpg 1152w, https:\/\/online.tvk-gaj.pl\/wp-content\/uploads\/2023\/11\/batch_batch_IMG_0955-1537x2048.jpg 1537w, https:\/\/online.tvk-gaj.pl\/wp-content\/uploads\/2023\/11\/batch_batch_IMG_0955-scaled.jpg 1921w\" sizes=\"auto, (max-width: 768px) 100vw, 768px\" \/><\/figure>\n\n\n\n<p><\/p>\n\n\n\n<p><\/p>\n\n\n\n<p><\/p>\n\n\n\n<p>Obchody Dnia Seniora to r\u00f3wnie\u017c doskona\u0142a okazja do wsp\u00f3lnego sp\u0119dzenia czasu, rozm\u00f3w oraz integracji starszych mieszka\u0144c\u00f3w naszego osiedla. <\/p>\n\n\n\n<p><\/p>\n\n\n\n<p><\/p>\n\n\n\n<figure class=\"wp-block-image size-large\"><img loading=\"lazy\" decoding=\"async\" width=\"1024\" height=\"768\" src=\"http:\/\/www.tvk-gaj.pl\/~gajonline\/wp-content\/uploads\/2023\/11\/batch_batch_IMG_0927-1024x768.jpg\" alt=\"\" class=\"wp-image-14597\" srcset=\"https:\/\/online.tvk-gaj.pl\/wp-content\/uploads\/2023\/11\/batch_batch_IMG_0927-1024x768.jpg 1024w, https:\/\/online.tvk-gaj.pl\/wp-content\/uploads\/2023\/11\/batch_batch_IMG_0927-300x225.jpg 300w, https:\/\/online.tvk-gaj.pl\/wp-content\/uploads\/2023\/11\/batch_batch_IMG_0927-768x576.jpg 768w, https:\/\/online.tvk-gaj.pl\/wp-content\/uploads\/2023\/11\/batch_batch_IMG_0927-1536x1152.jpg 1536w, https:\/\/online.tvk-gaj.pl\/wp-content\/uploads\/2023\/11\/batch_batch_IMG_0927-2048x1537.jpg 2048w\" sizes=\"auto, (max-width: 1024px) 100vw, 1024px\" \/><\/figure>\n\n\n\n<p><\/p>\n\n\n\n<p><\/p>\n\n\n\n<p><\/p>\n\n\n\n<p><\/p>\n\n\n\n<p>Za go\u015bcin\u0119 dzi\u0119kujemy dyrekcji Szko\u0142y Podstawowej Nr 90 przy ul. Orzechowej.<\/p>\n\n\n\n<p><\/p>\n\n\n\n<p><\/p>\n\n\n\n<p><\/p>\n\n\n\n<p><strong>FOTORELACJA Z WYDARZENIA<\/strong><\/p>\n\n\n\n<p><\/p>\n\n\n\n[ngg src=&#8221;galleries&#8221; ids=&#8221;135&#8243; display=&#8221;basic_thumbnail&#8221; thumbnail_crop=&#8221;0&#8243;]\n\n\n\n<p><\/p>\n\n\n\n<p><\/p>\n\n\n\n<p><\/p>\n\n\n\n<p><\/p>\n\n\n\n<p><\/p>\n","protected":false},"excerpt":{"rendered":"<p>W czwartek, 16 listopada, na terenie Szko\u0142y Podstawowej Nr 90 przy ul. Orzechowej odby\u0142y si\u0119 uroczyste obchody Dnia Seniora &#8211; zorganizowane przez Rad\u0119 Osiedla Gaj oraz osiedlowy Klub Seniora. Zapraszamy do naszej foto i wideo relacji z wydarzenia.<\/p>\n","protected":false},"author":3,"featured_media":14592,"comment_status":"open","ping_status":"open","sticky":false,"template":"","format":"standard","meta":{"footnotes":""},"categories":[14,12],"tags":[379,112,421,152],"class_list":["post-14591","post","type-post","status-publish","format-standard","has-post-thumbnail","hentry","category-aktualnosci","category-artykuly","tag-dzien-seniora-na-gaju","tag-gaj","tag-klub-seniora-na-gaju","tag-seniorzy"],"_links":{"self":[{"href":"https:\/\/online.tvk-gaj.pl\/index.php?rest_route=\/wp\/v2\/posts\/14591","targetHints":{"allow":["GET"]}}],"collection":[{"href":"https:\/\/online.tvk-gaj.pl\/index.php?rest_route=\/wp\/v2\/posts"}],"about":[{"href":"https:\/\/online.tvk-gaj.pl\/index.php?rest_route=\/wp\/v2\/types\/post"}],"author":[{"embeddable":true,"href":"https:\/\/online.tvk-gaj.pl\/index.php?rest_route=\/wp\/v2\/users\/3"}],"replies":[{"embeddable":true,"href":"https:\/\/online.tvk-gaj.pl\/index.php?rest_route=%2Fwp%2Fv2%2Fcomments&post=14591"}],"version-history":[{"count":3,"href":"https:\/\/online.tvk-gaj.pl\/index.php?rest_route=\/wp\/v2\/posts\/14591\/revisions"}],"predecessor-version":[{"id":14603,"href":"https:\/\/online.tvk-gaj.pl\/index.php?rest_route=\/wp\/v2\/posts\/14591\/revisions\/14603"}],"wp:featuredmedia":[{"embeddable":true,"href":"https:\/\/online.tvk-gaj.pl\/index.php?rest_route=\/wp\/v2\/media\/14592"}],"wp:attachment":[{"href":"https:\/\/online.tvk-gaj.pl\/index.php?rest_route=%2Fwp%2Fv2%2Fmedia&parent=14591"}],"wp:term":[{"taxonomy":"category","embeddable":true,"href":"https:\/\/online.tvk-gaj.pl\/index.php?rest_route=%2Fwp%2Fv2%2Fcategories&post=14591"},{"taxonomy":"post_tag","embeddable":true,"href":"https:\/\/online.tvk-gaj.pl\/index.php?rest_route=%2Fwp%2Fv2%2Ftags&post=14591"}],"curies":[{"name":"wp","href":"https:\/\/api.w.org\/{rel}","templated":true}]}}